{"id":30508,"date":"2014-03-20T10:35:49","date_gmt":"2014-03-20T09:35:49","guid":{"rendered":"http:\/\/stockportal.hu\/?p=30508"},"modified":"2014-03-20T10:35:49","modified_gmt":"2014-03-20T09:35:49","slug":"gki-gazdasagpolitikai-fordulat-nelkul-nem-gyorsul-a-novekedes","status":"publish","type":"post","link":"https:\/\/gazdasagportal.hu\/index.php\/gki-gazdasagpolitikai-fordulat-nelkul-nem-gyorsul-a-novekedes\/","title":{"rendered":"GKI: gazdas\u00e1gpolitikai fordulat n\u00e9lk\u00fcl nem gyorsul a n\u00f6veked\u00e9s"},"content":{"rendered":"<p><strong>A GKI Gazdas\u00e1gkutat\u00f3 Zrt. \u00e1ll\u00e1spontja szerint a magyar gazdas\u00e1gban egy viszonylagos \u00e9s \u00e1tmeneti gyorsul\u00e1s van, de ez a gyorsul\u00e1s gazdas\u00e1gpolitikai fordulat n\u00e9lk\u00fcl nem fog folytat\u00f3dni &#8211; mondta V\u00e9rtes Andr\u00e1s, a kutat\u00f3int\u00e9zet eln\u00f6ke a zrt. idei el\u0151rejelz\u00e9seit ismertet\u0151 sajt\u00f3t\u00e1j\u00e9koztat\u00f3n cs\u00fct\u00f6rt\u00f6k\u00f6n, Budapesten.<!--more--><\/strong><\/p>\n<p>A GKI 2014-ben 1,5 sz\u00e1zal\u00e9kos gazdas\u00e1gi n\u00f6veked\u00e9st \u00e9s 1,3 sz\u00e1zal\u00e9kos \u00e1tlagos infl\u00e1ci\u00f3t v\u00e1r. Az \u00edr\u00e1sos t\u00e1j\u00e9koztat\u00f3 szerint az \u00fczleti szf\u00e9ra gyenge beruh\u00e1z\u00e1si hajland\u00f3s\u00e1ga miatt hi\u00e1nyoznak a n\u00f6veked\u00e9s \u00e9rdemi gyorsul\u00e1s\u00e1nak felt\u00e9telei, a mez\u0151gazdas\u00e1gban pedig, amely a tavalyi 1,1 sz\u00e1zal\u00e9kos n\u00f6veked\u00e9s f\u0151 t\u00e9nyez\u0151je volt, \u00e1tlagos id\u0151j\u00e1r\u00e1s eset\u00e9n, cs\u00f6kken\u00e9s v\u00e1rhat\u00f3 az id\u00e9n.<br \/>\n\u00c9ves \u00e1tlagban 1,3, az \u00e9v v\u00e9g\u00e9n 3 sz\u00e1zal\u00e9k k\u00f6zeli \u00e1remelked\u00e9ssel sz\u00e1mol a kutat\u00f3int\u00e9zet, amely szerint a monet\u00e1ris tan\u00e1cs m\u00e1rciusban m\u00e9g tov\u00e1bb cs\u00f6kkentheti a kamatot, hacsak a forint eur\u00f3\u00e1rfolyama nem gyeng\u00fcl 320 f\u00f6l\u00e9.(MTI)<\/p>\n","protected":false},"excerpt":{"rendered":"<p>A GKI Gazdas\u00e1gkutat\u00f3 Zrt. \u00e1ll\u00e1spontja szerint a magyar gazdas\u00e1gban egy viszonylagos \u00e9s \u00e1tmeneti gyorsul\u00e1s van, de ez a gyorsul\u00e1s gazdas\u00e1gpolitikai fordulat n\u00e9lk\u00fcl nem fog folytat\u00f3dni &#8211; mondta V\u00e9rtes Andr\u00e1s, a kutat\u00f3int\u00e9zet eln\u00f6ke a zrt. idei el\u0151rejelz\u00e9seit ismertet\u0151 sajt\u00f3t\u00e1j\u00e9koztat\u00f3n cs\u00fct\u00f6rt\u00f6k\u00f6n, Budapesten.<\/p>\n","protected":false},"author":1,"featured_media":0,"comment_status":"open","ping_status":"closed","sticky":false,"template":"","format":"standard","meta":[],"categories":[19],"tags":[],"_links":{"self":[{"href":"https:\/\/gazdasagportal.hu\/index.php\/wp-json\/wp\/v2\/posts\/30508"}],"collection":[{"href":"https:\/\/gazdasagportal.hu\/index.php\/wp-json\/wp\/v2\/posts"}],"about":[{"href":"https:\/\/gazdasagportal.hu\/index.php\/wp-json\/wp\/v2\/types\/post"}],"author":[{"embeddable":true,"href":"https:\/\/gazdasagportal.hu\/index.php\/wp-json\/wp\/v2\/users\/1"}],"replies":[{"embeddable":true,"href":"https:\/\/gazdasagportal.hu\/index.php\/wp-json\/wp\/v2\/comments?post=30508"}],"version-history":[{"count":1,"href":"https:\/\/gazdasagportal.hu\/index.php\/wp-json\/wp\/v2\/posts\/30508\/revisions"}],"predecessor-version":[{"id":30509,"href":"https:\/\/gazdasagportal.hu\/index.php\/wp-json\/wp\/v2\/posts\/30508\/revisions\/30509"}],"wp:attachment":[{"href":"https:\/\/gazdasagportal.hu\/index.php\/wp-json\/wp\/v2\/media?parent=30508"}],"wp:term":[{"taxonomy":"category","embeddable":true,"href":"https:\/\/gazdasagportal.hu\/index.php\/wp-json\/wp\/v2\/categories?post=30508"},{"taxonomy":"post_tag","embeddable":true,"href":"https:\/\/gazdasagportal.hu\/index.php\/wp-json\/wp\/v2\/tags?post=30508"}],"curies":[{"name":"wp","href":"https:\/\/api.w.org\/{rel}","templated":true}]}}