{"id":30413,"date":"2014-03-19T10:17:02","date_gmt":"2014-03-19T09:17:02","guid":{"rendered":"http:\/\/stockportal.hu\/?p=30413"},"modified":"2014-03-19T10:17:02","modified_gmt":"2014-03-19T09:17:02","slug":"tozsde-elemzes-deviza-forex-arany-olaj-2014-03-19","status":"publish","type":"post","link":"https:\/\/gazdasagportal.hu\/index.php\/tozsde-elemzes-deviza-forex-arany-olaj-2014-03-19\/","title":{"rendered":"T\u0151zsde elemz\u00e9s &#8211; Deviza, forex, arany, olaj  &#8211; 2014.03.19"},"content":{"rendered":"<p><b>M\u00e1r v\u00e9ge van?<\/b>\u00a0 <strong>A politikusok tal\u00e1n elt\u00e9r\u0151en v\u00e9lekednek, de ami a piacokat illeti, az ukrajnai v\u00e1ls\u00e1g gyakorlatilag v\u00e9get \u00e9rt. Az orosz eln\u00f6k, Putyin tegnap al\u00e1\u00edrta a Kr\u00edm f\u00e9lsziget Oroszorsz\u00e1ghoz val\u00f3 csatlakoz\u00e1s\u00e1t enged\u00e9lyez\u0151 szerz\u0151d\u00e9st, de hozz\u00e1tette, hogy Oroszorsz\u00e1g nem sz\u00e1nd\u00e9kozik Ukrajna m\u00e1s ter\u00fcleteire behatolni, mondv\u00e1n, hogy \u201enem akarjuk sz\u00e9tszabdalni Ukrajn\u00e1t\u201d.<!--more--><\/strong><\/p>\n<div id=\"vid4u\"><\/div>\n<p><script type=\"text\/javascript\">\/\/ <![CDATA[\nvar rid = 100000 + Math.floor(Math.random()*99999); var b = document.createElement(\"div\"); b.setAttribute(\"id\", \"v4u_c_\"+rid+\"_6\"); var r = document.getElementById(\"vid4u\"); r.parentNode.insertBefore(b,r); r.setAttribute(\"id\", \"\"); (function(w, d, s, rid) { function go(){ var js, fjs = d.getElementsByTagName(s)[0], load = function(url, id) { if (d.getElementById(id)) { d.getElementById(id).onload = d.getElementById(id).onreadystatechange = function() { if (typeof vid4u != 'undefined') vid4u.init(480,289,\"w0q9S04me0\",\"MnxeSBbRhR\",6, rid);}; return; } js = d.createElement(s); js.src = url; js.id = id; fjs.parentNode.insertBefore(js, fjs); js.onload = js.onreadystatechange = function() { if (typeof vid4u != 'undefined') vid4u.init(480,289,\"w0q9S04me0\",\"MnxeSBbRhR\",6, rid); };}; load(\"http:\/\/video.vid4u.org\/vid4ul.js\", \"vjs_\"+rid); } go(); }(window, document, \"script\", rid));\n\/\/ ]]><\/script><\/p>\n<h3><strong><a title=\"IronFX\" href=\"https:\/\/www.ironfx.com\/hu\/forex-demo-competition?utm_source=631980&amp;utm_medium=ib_link&amp;utm_campaign=IB\" target=\"_blank\" rel=\"noopener\"><strong>IronFX<\/strong><\/a>\u00a0napi elemz\u00e9s:<\/strong><\/h3>\n<div><strong>\u2022Oroszorsz\u00e1g bekebelezte a Kr\u00edm f\u00e9lszigetet, de azt mondja, hogy \u201eennyi volt\u201d; a piac elhitte<\/strong><\/div>\n<ul>\n<li>Ukrajna azt mondta, hogy \u201ej\u00f3 szomsz\u00e9di viszonyt\u201d k\u00edv\u00e1n kialak\u00edtani Oroszorsz\u00e1ggal, \u00e9s nem csatlakozik a NATO-hoz<\/li>\n<li>A piac l\u00e1tsz\u00f3lag azt felt\u00e9telezi, hogy a helyzet egyens\u00falyba ker\u00fclt \u00e9s ez\u00e9rt t\u00f6bb\u00e9 nem piacmozgat\u00f3 t\u00e9nyez\u0151<\/li>\n<li>A r\u00e9szv\u00e9nyek rallyztak, a VIX index visszat\u00e9rt a kr\u00edzis el\u0151tti szintj\u00e9re, az arany \u00e1ra pedig cs\u00f6kkent.<\/li>\n<li>Az USD 2014-es \u00faj minimum szintjeire ker\u00fclt a SEK, az NZD \u00e9s az AUD deviz\u00e1khoz k\u00e9pest<\/li>\n<\/ul>\n<div><strong>\u2022De ennek m\u00e9g nincs v\u00e9ge<\/strong><\/div>\n<ul>\n<li>Az EU vezet\u0151i cs\u00fct\u00f6rt\u00f6k\u00f6n \u00e9s p\u00e9nteken \u00fcl\u00e9seznek; v\u00e1rhat\u00f3an \u00faj szankci\u00f3kat vezetnek be Oroszorsz\u00e1g reakci\u00f3ja ut\u00e1n (a jelek szerint nem lesz hathat\u00f3s)<\/li>\n<li>A G7 j\u00f6v\u0151 h\u00e9ten tart \u00e9rtekezletet; \u0151k is kifejtik v\u00e9lem\u00e9ny\u00fcket<\/li>\n<li>Eddig nincs jele az orosz megtorl\u00e1snak. Ez hat\u00e1stalan\u00edthatja a helyzetet.<\/li>\n<\/ul>\n<div><strong>\u2022Az FOMC \u00e9rtekezlet ma v\u00e9get \u00e9r<\/strong><\/div>\n<ul>\n<li>Val\u00f3sz\u00edn\u0171leg hom\u00e1lyosabb el\u0151remutat\u00f3 \u00fatmutat\u00e1st eredm\u00e9nyez, mint az Egyes\u00fclt Kir\u00e1lys\u00e1gban<\/li>\n<li>Az Egyes\u00fclt Kir\u00e1lys\u00e1ghoz hasonl\u00f3an ez a deviza fel\u00e9rt\u00e9kel\u0151d\u00e9s\u00e9hez vezethet<\/li>\n<\/ul>\n<div><strong>\u2022Az Egyes\u00fclt Kir\u00e1lys\u00e1g ma k\u00f6zz\u00e9teend\u0151 k\u00f6lts\u00e9gvet\u00e9se korrig\u00e1lt el\u0151rejelz\u00e9seket tartalmaz; jelezhet kisebb v\u00e1ltoz\u00e1sokat, de jelent\u0151sebb m\u00f3dos\u00edt\u00e1s nem v\u00e1rhat\u00f3 az el\u0151rejelz\u00e9sben vagy a fisk\u00e1lis \u00e1ll\u00e1spontban<\/strong><\/div>\n<div><\/div>\n<div><strong>R\u00e9szletes elemz\u00e9s:<\/strong><\/div>\n<div>\n<ul>\n<li><b>M\u00e1r v\u00e9ge van?<\/b>\u00a0 A politikusok tal\u00e1n elt\u00e9r\u0151en v\u00e9lekednek, de ami a piacokat illeti, az ukrajnai v\u00e1ls\u00e1g gyakorlatilag v\u00e9get \u00e9rt. Az orosz eln\u00f6k, Putyin tegnap al\u00e1\u00edrta a Kr\u00edm f\u00e9lsziget Oroszorsz\u00e1ghoz val\u00f3 csatlakoz\u00e1s\u00e1t enged\u00e9lyez\u0151 szerz\u0151d\u00e9st, de hozz\u00e1tette, hogy Oroszorsz\u00e1g nem sz\u00e1nd\u00e9kozik Ukrajna m\u00e1s ter\u00fcleteire behatolni, mondv\u00e1n, hogy \u201enem akarjuk sz\u00e9tszabdalni Ukrajn\u00e1t\u201d. Az ukr\u00e1n hivatalnokok egy\u00fattal megpr\u00f3b\u00e1lt\u00e1k hat\u00e1stalan\u00edtani a helyzetet, mondv\u00e1n, hogy \u201ej\u00f3 szomsz\u00e9di viszonyt akarnak kialak\u00edtani\u201d Oroszorsz\u00e1ggal, \u00e9s \u00edg\u00e9retet tettek arra, hogy Ukrajna nem csatlakozik a NATO-hoz (ez a megmozdul\u00e1st Moszkv\u00e1ban rendk\u00edv\u00fcl provokat\u00edvnak tekinten\u00e9k).<\/li>\n<li>A piac l\u00e1tsz\u00f3lag azt felt\u00e9telezi, hogy az Oroszorsz\u00e1g \u00e9s Ukrajna k\u00f6z\u00f6tti \u00f6ssze\u00fctk\u00f6z\u00e9s most egyens\u00falyi \u00e1llapotba ker\u00fclt \u00e9s a visz\u00e1ly gyakorlatilag v\u00e9get \u00e9rt, valamint nem k\u00f6vetkezett be a legrosszabb. Az eur\u00f3pai \u00e9s az USA-beli r\u00e9szv\u00e9nyek rallyztak (az orosz r\u00e9szv\u00e9nyek \u00e1rfolyama tov\u00e1bbi kb. 4%-kal emelkedett), a VIX index visszat\u00e9rt a kr\u00edzis el\u0151tti szintj\u00e9re, az arany \u00e1ra pedig cs\u00f6kkent. Az amerikai doll\u00e1r 2014-ben \u00faj minimum szintre ker\u00fclt a SEK, az NZD \u00e9s az AUD deviz\u00e1kkal szemben. Szem\u00e9ly szerint v\u00e1rn\u00e9k p\u00e9ntekig, amikor az EU vezet\u0151i \u00e9rtekezletet tartanak az eur\u00f3paiak v\u00e9gs\u0151 reakci\u00f3ja \u00fcgy\u00e9ben, b\u00e1r eddig nem mutattak valami nagy hajland\u00f3s\u00e1got a nagy harcra. A j\u00f6v\u0151 heti G7 \u00e9rtekezleten is foganatos\u00edthatnak int\u00e9zked\u00e9seket. Egy m\u00e1sik &#8211; eddig ismeretlen &#8211; t\u00e9nyez\u0151, hogy Moszkva milyen v\u00e1laszt ad (ha egy\u00e1ltal\u00e1n sor ker\u00fcl arra) a Nyugat \u00e1ltal bevezetett szankci\u00f3kra, b\u00e1r az eddig bejelentett szankci\u00f3k olyan gyeng\u00e9k, hogy v\u00e1laszra sem m\u00e9lt\u00f3k. Nehezen hihet\u0151, hogy valami, ami ennyire megbolygatja a vil\u00e1gpolitikai rendet &#8211; mint ez is -, ilyen gyorsan \u00e9s kis \u201eport kavarva\u201d v\u00e9get \u00e9r; de tal\u00e1n csak pesszimista vagyok.<\/li>\n<li>A nap nagy vesztese a CAD volt, amely gyeng\u00fclt, miut\u00e1n a Kanadai Nemzeti Bank korm\u00e1nyz\u00f3ja, Poloz elmondta, hogy nem z\u00e1rhat\u00f3 ki egy kamatl\u00e1bcs\u00f6kkent\u00e9s, ha a gazdas\u00e1gi helyzetben roml\u00e1s \u00e1ll be. Azt is hozz\u00e1tette, hogy az 1. negyed\u00e9ves n\u00f6veked\u00e9s egy kicsit lanyh\u00e1bb lehet az el\u0151rejelz\u00e9sn\u00e9l, mivel az id\u0151j\u00e1r\u00e1s kedvez\u0151tlen volt. Ha visszaker\u00fcl\u00fcnk a szok\u00e1sos ker\u00e9kv\u00e1g\u00e1sba, a CAD lehet az \u00faj \u00e9rt\u00e9kes\u00edtend\u0151 deviza, amennyiben K\u00edn\u00e1ban nem k\u00f6vetkezik be \u00fajabb zavar, amely kedvez\u0151tlen az ausztr\u00e1l doll\u00e1rra n\u00e9zve. A JPY ekkor visszat\u00e9rhet el\u0151z\u0151 gyeng\u00fcl\u0151 trendj\u00e9be.<\/li>\n<li>Ma a szok\u00e1sos makrogazdas\u00e1gi esem\u00e9nyek nagy napja van, amelyek val\u00f3sz\u00edn\u0171leg k\u00f6zponti helyet foglalnak el, kiv\u00e9ve, ha Ukrajn\u00e1b\u00f3l meglepet\u00e9sek \u00e9rkeznek. Az Egyes\u00fclt Kir\u00e1lys\u00e1g k\u00f6lts\u00e9gvet\u00e9s\u00e9t Chancellor Osborne fogja bejelenteni. Jelent\u00e9st tesz a n\u00f6veked\u00e9ssel \u00e9s deficittel kapcsolatos \u00faj el\u0151rejelz\u00e9sekr\u0151l, valamint t\u00e1j\u00e9koztat az ad\u00f3t \u00e9rint\u0151 v\u00e1ltoz\u00e1sokr\u00f3l \u00e9s a kiad\u00e1sokkal kapcsolatos kezdem\u00e9nyez\u00e9sekr\u0151l. Az Office for Budget Responsibility (OBR, azaz K\u00f6lts\u00e9gvet\u00e9si Felel\u0151ss\u00e9g Hivatala) \u00e1ltal kiadott megl\u00e9v\u0151 el\u0151rejelz\u00e9s nem t\u00e9r el annyira a piaci el\u0151rejelz\u00e9sekt\u0151l, \u00e9s val\u00f3sz\u00edn\u0171leg nem ker\u00fcl sor az el\u0151rejelz\u00e9sek jelent\u0151s korrekci\u00f3j\u00e1ra. A fisk\u00e1lis politik\u00e1t illet\u0151en az ezt k\u00f6vet\u0151 k\u00f6lts\u00e9gvet\u00e9s a k\u00f6vetkez\u0151 v\u00e1laszt\u00e1sok el\u0151tt n\u00e9h\u00e1ny h\u00f3nappal l\u00e1t napvil\u00e1got, \u00edgy a korm\u00e1ny esetleg \u00faj politik\u00e1kat vezet be, amelyek a szavaz\u00e1sn\u00e1l a \u201emalm\u00e1ra hajtj\u00e1k a vizet\u201d. Azonban nem l\u00e1tok jelent\u0151sebb ir\u00e1nyv\u00e1ltoz\u00e1st a fisk\u00e1lis megszor\u00edt\u00e1sokon k\u00edv\u00fcl, amely politik\u00e1juk f\u0151 fegyvere volt mostan\u00e1ig, ez\u00e9rt v\u00e1rhat\u00f3an a n\u00e9pszer\u0171 ad\u00f3cs\u00f6kkent\u00e9s nagyr\u00e9szt eltol\u00f3dik m\u00e1shov\u00e1 a k\u00f6lts\u00e9gvet\u00e9sben.\u00a0 A Bank of England k\u00f6zz\u00e9teszi legut\u00f3bbi \u00e9rtekezlet\u00e9nek jegyz\u0151k\u00f6nyv\u00e9t. Egy\u00fattal az Egyes\u00fclt Kir\u00e1lys\u00e1g munkan\u00e9lk\u00fclis\u00e9gi r\u00e1t\u00e1ja az el\u0151rejelz\u00e9s szerint v\u00e1ltozatlanul 7,2%-on maradt janu\u00e1rban, mik\u00f6zben a febru\u00e1ri \u00fajonnan regisztr\u00e1lt munkan\u00e9lk\u00fcliek \u00e1llom\u00e1nya febru\u00e1rban v\u00e1rhat\u00f3an 25 ezerrel cs\u00f6kken, miut\u00e1n janu\u00e1rban 27,6 ezerrel cs\u00f6kkent.<\/li>\n<li>Az USA-ban v\u00e9get \u00e9r a k\u00e9tnapos FOMC \u00e9rtekezlet. Amint tegnap eml\u00edtett\u00fck, a f\u00f3kuszban v\u00e1rhat\u00f3an az el\u0151remutat\u00f3 \u00fatmutat\u00e1s megfogalmaz\u00e1s\u00e1nak m\u00f3dos\u00edt\u00e1sa \u00e1ll, mivel az eszk\u00f6zv\u00e1s\u00e1rl\u00e1s fokozatos cs\u00f6kkent\u00e9se val\u00f3sz\u00edn\u0171leg a jelenlegi egyenletes \u00fctemben zajlik tov\u00e1bb. A Fed val\u00f3sz\u00edn\u0171leg figyelmen k\u00edv\u00fcl hagyja a 6,5%-os munkan\u00e9lk\u00fclis\u00e9gi k\u00fcsz\u00f6b\u00e9rt\u00e9ket, \u00e9s min\u0151s\u00e9gi ir\u00e1nymutat\u00e1st vezet be annak jelz\u00e9s\u00e9re, hogy mikor veszi fontol\u00f3ra a Fed Alapok kamatl\u00e1b\u00e1nak emel\u00e9s\u00e9t. A Fed eln\u00f6ke, Yellen megtartja eln\u00f6ki tiszts\u00e9g\u00e9nek els\u0151 sajt\u00f3konferenci\u00e1j\u00e1t az FOMC d\u00f6nt\u00e9se \u00e9s a gazdas\u00e1gi el\u0151rejelz\u00e9sek k\u00f6zz\u00e9t\u00e9tele ut\u00e1n.<\/li>\n<li>Yellen mellett tov\u00e1bbi \u00f6t szem\u00e9ly tart besz\u00e9det szerd\u00e1n. Az \u00e1zsiai d\u00e9lel\u0151tt sor\u00e1n a Jap\u00e1n Nemzeti Bank korm\u00e1nyz\u00f3ja, Haruhiko Kuroda a Nemzetk\u00f6zi P\u00e9nz\u00fcgyi Szimp\u00f3ziumon besz\u00e9l; a Jap\u00e1n Nemzeti Bank Tan\u00e1cs\u00e1nak tagja, Takahide Kiuchi egy, a v\u00e1llalatvezet\u0151knek tartott \u00e9rtekezleten sz\u00f3lal fel. A Jap\u00e1n Nemzeti Bank Tan\u00e1cs\u00e1nak tagja, Takehiro Sato a Japan Society sz\u00e1m\u00e1ra tart besz\u00e9det \u201eJap\u00e1n gazdas\u00e1g\u00e1nak \u00e9s monet\u00e1ris politik\u00e1j\u00e1nak k\u00f6zelm\u00faltbeli fejl\u0151d\u00e9se\u201d c\u00edmen. Az eur\u00f3pai nap sor\u00e1n a Riksbank korm\u00e1nyz\u00f3ja, Stefan Ingves besz\u00e9l a p\u00e9nz\u00fcgyi stabilit\u00e1sr\u00f3l; a Sv\u00e1jci Nemzeti Bank eln\u00f6ke, Thomas Jordan egy megbesz\u00e9l\u00e9sen sz\u00f3lal fel.<\/li>\n<\/ul>\n<p><b>EUR\/USD<\/b><\/p>\n<p><a href=\"http:\/\/stockportal.hu\/wp-content\/uploads\/2014\/03\/EURUSD_19Mar2014.png\" target=\"_blank\" rel=\"noopener\"><img decoding=\"async\" loading=\"lazy\" class=\"alignnone size-large wp-image-30414\" alt=\"EURUSD_19Mar2014\" src=\"http:\/\/stockportal.hu\/wp-content\/uploads\/2014\/03\/EURUSD_19Mar2014-1024x448.png\" width=\"630\" height=\"275\" srcset=\"https:\/\/gazdasagportal.hu\/wp-content\/uploads\/2014\/03\/EURUSD_19Mar2014-1024x448.png 1024w, https:\/\/gazdasagportal.hu\/wp-content\/uploads\/2014\/03\/EURUSD_19Mar2014-300x131.png 300w, https:\/\/gazdasagportal.hu\/wp-content\/uploads\/2014\/03\/EURUSD_19Mar2014-600x262.png 600w, https:\/\/gazdasagportal.hu\/wp-content\/uploads\/2014\/03\/EURUSD_19Mar2014-310x135.png 310w, https:\/\/gazdasagportal.hu\/wp-content\/uploads\/2014\/03\/EURUSD_19Mar2014.png 1722w\" sizes=\"(max-width: 630px) 100vw, 630px\" \/><\/a><\/p>\n<ul>\n<li>Az<b> EUR\/USD <\/b>p\u00e1r az 1,3893-as (T1) t\u00e1maszszint \u00e9s az 1,3965-\u00f6s (E1) ellen\u00e1ll\u00e1sszint k\u00f6z\u00f6tt maradt. Ezen s\u00e1v egy\u00e9rtelm\u0171, felfel\u00e9 val\u00f3 \u00e1tt\u00f6r\u00e9se bika jelleg\u0171 hosszabb\u00edt\u00e1sokat ind\u00edthat el a k\u00f6vetkez\u0151 akad\u00e1ly fel\u00e9 (1,4000 &#8211; E2). A magasabb maximum szint \u00e9s a magasabb minimum szint strukt\u00far\u00e1ja folyamatban marad, \u00e9s mivel az \u00e1rfolyam a n\u00f6vekv\u0151 tartom\u00e1nyban van, a r\u00f6vid t\u00e1v\u00fa k\u00e9pet tov\u00e1bbra is pozit\u00edvnak tartom. Mindazon\u00e1ltal \u00e9rv\u00e9nyben marad a negat\u00edv divergencia az MACD \u00e9s az \u00e1r mozg\u00e1sa k\u00f6z\u00f6tt, ez\u00e9rt tov\u00e1bbra is fenn\u00e1ll a visszat\u00e9r\u00e9s lehet\u0151s\u00e9ge a k\u00f6zelj\u00f6v\u0151ben.<b><\/b><\/li>\n<li>T\u00e1maszszint: 1,3893 (T1), 1,3850 (T2), 1,3810 (T3).<b><\/b><\/li>\n<li>Ellen\u00e1ll\u00e1sszint: 1,3965 (E1), 1,4000 (E2), 1,4200 (E3).<b><\/b><\/li>\n<\/ul>\n<p><b>USD\/JPY<\/b><\/p>\n<p><a href=\"http:\/\/stockportal.hu\/wp-content\/uploads\/2014\/03\/USDJPY_19Mar2014.png\" target=\"_blank\" rel=\"noopener\"><img decoding=\"async\" loading=\"lazy\" class=\"alignnone size-large wp-image-30415\" alt=\"USDJPY_19Mar2014\" src=\"http:\/\/stockportal.hu\/wp-content\/uploads\/2014\/03\/USDJPY_19Mar2014-1024x448.png\" width=\"630\" height=\"275\" srcset=\"https:\/\/gazdasagportal.hu\/wp-content\/uploads\/2014\/03\/USDJPY_19Mar2014-1024x448.png 1024w, https:\/\/gazdasagportal.hu\/wp-content\/uploads\/2014\/03\/USDJPY_19Mar2014-300x131.png 300w, https:\/\/gazdasagportal.hu\/wp-content\/uploads\/2014\/03\/USDJPY_19Mar2014-600x262.png 600w, https:\/\/gazdasagportal.hu\/wp-content\/uploads\/2014\/03\/USDJPY_19Mar2014-310x135.png 310w, https:\/\/gazdasagportal.hu\/wp-content\/uploads\/2014\/03\/USDJPY_19Mar2014.png 1721w\" sizes=\"(max-width: 630px) 100vw, 630px\" \/><\/a><\/p>\n<ul>\n<li>Az<b> USD\/JPY <\/b>p\u00e1r ellen\u00e1ll\u00e1sszintre tal\u00e1lt a 101,85-\u00f6s (E1) s\u00e1von, majd cs\u00f6kkent, \u00e9s ism\u00e9t el\u00e9rte a t\u00e1maszszintet a 101,25-\u00f6s (T1) minimum szinten. Ezen akad\u00e1ly lefel\u00e9 t\u00f6rt\u00e9n\u0151 \u00e1tt\u00f6r\u00e9se megc\u00e9lozhatja a k\u00f6vetkez\u0151 t\u00e1maszszintet a 100,75-\u00f6s (T2) szinten, ahol az \u00e1tt\u00f6r\u00e9s tal\u00e1n meghosszabb\u00edtja a mozg\u00e1st a 100,00-as (T3) szintig. Mindazon\u00e1ltal az RSI kil\u00e9pett t\u00fal\u00e9rt\u00e9kes\u00edtett tartom\u00e1ny\u00e1b\u00f3l \u00e9s felfel\u00e9 mutat, mik\u00f6zben az MACD &#8211; b\u00e1r medve jelleg\u0171 tartom\u00e1nyban van &#8211; az ind\u00edt\u00f3 vonala felett van, ez\u00e9rt a k\u00f6vetkez\u0151 hull\u00e1m v\u00e1rhat\u00f3an n\u00f6vekv\u0151 lesz, \u00e9s tal\u00e1n ism\u00e9t tesztel\u00e9sre ker\u00fcl sor a 101,85-\u00f6s (E1) ellen\u00e1ll\u00e1sszint k\u00f6zel\u00e9ben.<\/li>\n<li>T\u00e1maszszint: 101,25 (T1), 100,75 (T2), 100,00 (T3).<\/li>\n<li>Ellen\u00e1ll\u00e1sszint: 101,85 (E1), 102,25 (E2), 102,70 (E3).<b><\/b><\/li>\n<\/ul>\n<p><b>EUR\/GBP<\/b><\/p><div id=\"gazda-94736238\" class=\"gazda-tartalomban gazda-entity-placement\"><script async src=\"https:\/\/pagead2.googlesyndication.com\/pagead\/js\/adsbygoogle.js\"><\/script>\r\n<ins class=\"adsbygoogle\"\r\n     style=\"display:block\"\r\n     data-ad-format=\"fluid\"\r\n     data-ad-layout-key=\"-6t+ed+2i-1n-4w\"\r\n     data-ad-client=\"ca-pub-1959107119989764\"\r\n     data-ad-slot=\"4008251320\"><\/ins>\r\n<script>\r\n     (adsbygoogle = window.adsbygoogle || []).push({});\r\n<\/script><\/div>\n<p><a href=\"http:\/\/stockportal.hu\/wp-content\/uploads\/2014\/03\/EURGBP_19Mar2014.png\" target=\"_blank\" rel=\"noopener\"><img decoding=\"async\" loading=\"lazy\" class=\"alignnone size-large wp-image-30416\" alt=\"EURGBP_19Mar2014\" src=\"http:\/\/stockportal.hu\/wp-content\/uploads\/2014\/03\/EURGBP_19Mar2014-1024x448.png\" width=\"630\" height=\"275\" srcset=\"https:\/\/gazdasagportal.hu\/wp-content\/uploads\/2014\/03\/EURGBP_19Mar2014-1024x448.png 1024w, https:\/\/gazdasagportal.hu\/wp-content\/uploads\/2014\/03\/EURGBP_19Mar2014-300x131.png 300w, https:\/\/gazdasagportal.hu\/wp-content\/uploads\/2014\/03\/EURGBP_19Mar2014-600x262.png 600w, https:\/\/gazdasagportal.hu\/wp-content\/uploads\/2014\/03\/EURGBP_19Mar2014-310x135.png 310w, https:\/\/gazdasagportal.hu\/wp-content\/uploads\/2014\/03\/EURGBP_19Mar2014.png 1721w\" sizes=\"(max-width: 630px) 100vw, 630px\" \/><\/a><\/p>\n<ul>\n<li>Az<b> EUR\/GBP <\/b>p\u00e1r emelkedett, \u00e9s ellen\u00e1ll\u00e1sszintre tal\u00e1lt a 0,8400-es (E1) szinten, egy kicsivel az aug. 1. \u00e9s a febru\u00e1r 17. k\u00f6z\u00f6tti cs\u00f6kken\u0151 trend 38,2%-os visszat\u00e9r\u00e9si szintje felett. Az \u00e1rfolyam v\u00e1rhat\u00f3an er\u0151s ellen\u00e1ll\u00e1sszintbe \u00fctk\u00f6zik ezen tartom\u00e1ny k\u00f6zel\u00e9ben, \u00e9s mivel negat\u00edv divergencia van az RSI \u00e9s az \u00e1r mozg\u00e1sa k\u00f6z\u00f6tt, a cs\u00f6kken\u0151 korrekci\u00f3s hull\u00e1m lehets\u00e9ges. Am\u00edg azonban az \u00e1rfolyam az el\u0151z\u0151 cs\u00f6kken\u0151 trendvonal \u00e9s mindk\u00e9t mozg\u00f3\u00e1tlag felett marad, az \u00e1ltal\u00e1nos r\u00f6vid t\u00e1v\u00fa kil\u00e1t\u00e1s pozit\u00edv marad.<\/li>\n<li>T\u00e1maszszint: 0,8340 (T1), 0,8300 (T2), 0,8260 (T3).<\/li>\n<li>Ellen\u00e1ll\u00e1sszint: 0,8400 (E1), 0,8460 (E2), 0,8535 (E3).<b><\/b><\/li>\n<\/ul>\n<p><b>Arany<\/b><\/p>\n<p><a href=\"http:\/\/stockportal.hu\/wp-content\/uploads\/2014\/03\/XAUUSD_19Mar2014.png\" target=\"_blank\" rel=\"noopener\"><img decoding=\"async\" loading=\"lazy\" class=\"alignnone size-large wp-image-30417\" alt=\"XAUUSD_19Mar2014\" src=\"http:\/\/stockportal.hu\/wp-content\/uploads\/2014\/03\/XAUUSD_19Mar2014-1024x448.png\" width=\"630\" height=\"275\" srcset=\"https:\/\/gazdasagportal.hu\/wp-content\/uploads\/2014\/03\/XAUUSD_19Mar2014-1024x448.png 1024w, https:\/\/gazdasagportal.hu\/wp-content\/uploads\/2014\/03\/XAUUSD_19Mar2014-300x131.png 300w, https:\/\/gazdasagportal.hu\/wp-content\/uploads\/2014\/03\/XAUUSD_19Mar2014-600x262.png 600w, https:\/\/gazdasagportal.hu\/wp-content\/uploads\/2014\/03\/XAUUSD_19Mar2014-310x135.png 310w, https:\/\/gazdasagportal.hu\/wp-content\/uploads\/2014\/03\/XAUUSD_19Mar2014.png 1723w\" sizes=\"(max-width: 630px) 100vw, 630px\" \/><\/a><\/p>\n<ul>\n<li>Az<b> arany <\/b>konszolid\u00e1ci\u00f3s m\u00f3dban mozgott, \u00e9s egy kicsivel az 1354-es (T1) t\u00e1maszszint felett maradt. Az MACD &#8211; amely m\u00e1r az ind\u00edt\u00f3 vonala alatt van &#8211; negat\u00edv jelet kapott, ami medve jelleg\u0171 momentumot jelez. A napi grafikonon a napi RSI kil\u00e9pett a t\u00falv\u00e1s\u00e1rolt tartom\u00e1nyb\u00f3l, mik\u00f6zben a napi MACD lefel\u00e9 \u00e1tt\u00e9rt a jelz\u0151 vonal\u00e1n, ami kedvez a tov\u00e1bbi cs\u00f6kken\u00e9seknek. Am\u00edg azonban az 1332-es (T2) minimum szint kitart, a lehets\u00e9ges cs\u00f6kken\u0151 hull\u00e1mot visszat\u00e9r\u00e9snek tartan\u00e1m.<\/li>\n<li>T\u00e1maszszint: 1354 (T1), 1332 (T2), 1310 (T3).<\/li>\n<li>Ellen\u00e1ll\u00e1sszint: 1392 (E1), 1415 (E2), 1435 (E3).<b><\/b><\/li>\n<\/ul>\n<p><b>Olaj<\/b><\/p>\n<p><a href=\"http:\/\/stockportal.hu\/wp-content\/uploads\/2014\/03\/CLJ4_19Mar2014.png\" target=\"_blank\" rel=\"noopener\"><img decoding=\"async\" loading=\"lazy\" class=\"alignnone size-large wp-image-30418\" alt=\"CLJ4_19Mar2014\" src=\"http:\/\/stockportal.hu\/wp-content\/uploads\/2014\/03\/CLJ4_19Mar2014-1024x448.png\" width=\"630\" height=\"275\" srcset=\"https:\/\/gazdasagportal.hu\/wp-content\/uploads\/2014\/03\/CLJ4_19Mar2014-1024x448.png 1024w, https:\/\/gazdasagportal.hu\/wp-content\/uploads\/2014\/03\/CLJ4_19Mar2014-300x131.png 300w, https:\/\/gazdasagportal.hu\/wp-content\/uploads\/2014\/03\/CLJ4_19Mar2014-600x262.png 600w, https:\/\/gazdasagportal.hu\/wp-content\/uploads\/2014\/03\/CLJ4_19Mar2014-310x135.png 310w, https:\/\/gazdasagportal.hu\/wp-content\/uploads\/2014\/03\/CLJ4_19Mar2014.png 1722w\" sizes=\"(max-width: 630px) 100vw, 630px\" \/><\/a><\/p>\n<ul>\n<li>A<b> WTI <\/b>emelkedett, miut\u00e1n nem siker\u00fclt \u00e1tt\u00f6rnie a 98,00-as (T1) akad\u00e1ly k\u00f6zel\u00e9ben l\u00e9v\u0151 er\u0151s t\u00e1maszszinti tartom\u00e1nyt, amely egybeesik a janu\u00e1r 9. \u00e9s m\u00e1rcius 3. k\u00f6z\u00f6tti n\u00f6vekv\u0151 trend 50%-os visszat\u00e9r\u00e9si szintj\u00e9vel. Az \u00e1r \u00e1tt\u00f6rte a cs\u00f6kken\u0151 tartom\u00e1ny fels\u0151 hat\u00e1r\u00e1t. A 200 peri\u00f3dus\u00fa mozg\u00f3\u00e1tlag egy\u00e9rtelm\u0171, felfel\u00e9 val\u00f3 \u00e1tt\u00f6r\u00e9se &#8211; amelyet a 100,75-\u00f6s (E1) felfel\u00e9 val\u00f3 \u00e1tt\u00f6r\u00e9se k\u00f6vet &#8211; meger\u0151s\u00edtheti, hogy a m\u00e1rcius 3. \u00e9s 18. k\u00f6z\u00f6tti cs\u00f6kken\u00e9s csup\u00e1n az el\u0151z\u0151 n\u00f6vekv\u0151 trend 50%-os visszat\u00e9r\u00e9se volt. Ezenk\u00edv\u00fcl pozit\u00edv divergencia van momentum mutat\u00f3sz\u00e1maink \u00e9s az \u00e1r mozg\u00e1sa k\u00f6z\u00f6tt, mik\u00f6zben az MACD k\u00f6zeledik z\u00e9rus szintj\u00e9hez, ahol az \u00e1tt\u00f6r\u00e9s meger\u0151s\u00edti a k\u00f6zelm\u00faltbeli pozit\u00edv momentumot.<b><\/b><\/li>\n<li>T\u00e1maszszint: 98,00 (T1), 96,50 (T2), 95,00 (T3).<b><\/b><\/li>\n<li>Ellen\u00e1ll\u00e1sszint: 100,75 (E1), 103,00 (E2), 105,00 (E3).<b><\/b><\/li>\n<\/ul>\n<\/div>\n","protected":false},"excerpt":{"rendered":"<p>M\u00e1r v\u00e9ge van?\u00a0 A politikusok tal\u00e1n elt\u00e9r\u0151en v\u00e9lekednek, de ami a piacokat illeti, az ukrajnai v\u00e1ls\u00e1g gyakorlatilag v\u00e9get \u00e9rt. Az orosz eln\u00f6k, Putyin tegnap al\u00e1\u00edrta a Kr\u00edm f\u00e9lsziget Oroszorsz\u00e1ghoz val\u00f3 csatlakoz\u00e1s\u00e1t enged\u00e9lyez\u0151 szerz\u0151d\u00e9st, de hozz\u00e1tette, hogy Oroszorsz\u00e1g nem sz\u00e1nd\u00e9kozik Ukrajna m\u00e1s ter\u00fcleteire behatolni, mondv\u00e1n, hogy \u201enem akarjuk sz\u00e9tszabdalni Ukrajn\u00e1t\u201d.<\/p>\n","protected":false},"author":1,"featured_media":20409,"comment_status":"open","ping_status":"closed","sticky":false,"template":"","format":"standard","meta":[],"categories":[9,10,31,8,131,122],"tags":[],"_links":{"self":[{"href":"https:\/\/gazdasagportal.hu\/index.php\/wp-json\/wp\/v2\/posts\/30413"}],"collection":[{"href":"https:\/\/gazdasagportal.hu\/index.php\/wp-json\/wp\/v2\/posts"}],"about":[{"href":"https:\/\/gazdasagportal.hu\/index.php\/wp-json\/wp\/v2\/types\/post"}],"author":[{"embeddable":true,"href":"https:\/\/gazdasagportal.hu\/index.php\/wp-json\/wp\/v2\/users\/1"}],"replies":[{"embeddable":true,"href":"https:\/\/gazdasagportal.hu\/index.php\/wp-json\/wp\/v2\/comments?post=30413"}],"version-history":[{"count":2,"href":"https:\/\/gazdasagportal.hu\/index.php\/wp-json\/wp\/v2\/posts\/30413\/revisions"}],"predecessor-version":[{"id":30507,"href":"https:\/\/gazdasagportal.hu\/index.php\/wp-json\/wp\/v2\/posts\/30413\/revisions\/30507"}],"wp:featuredmedia":[{"embeddable":true,"href":"https:\/\/gazdasagportal.hu\/index.php\/wp-json\/wp\/v2\/media\/20409"}],"wp:attachment":[{"href":"https:\/\/gazdasagportal.hu\/index.php\/wp-json\/wp\/v2\/media?parent=30413"}],"wp:term":[{"taxonomy":"category","embeddable":true,"href":"https:\/\/gazdasagportal.hu\/index.php\/wp-json\/wp\/v2\/categories?post=30413"},{"taxonomy":"post_tag","embeddable":true,"href":"https:\/\/gazdasagportal.hu\/index.php\/wp-json\/wp\/v2\/tags?post=30413"}],"curies":[{"name":"wp","href":"https:\/\/api.w.org\/{rel}","templated":true}]}}