{"id":29877,"date":"2014-03-11T15:24:24","date_gmt":"2014-03-11T14:24:24","guid":{"rendered":"http:\/\/stockportal.hu\/?p=29877"},"modified":"2014-03-11T14:42:29","modified_gmt":"2014-03-11T13:42:29","slug":"peking-a-beteti-kamatok-liberalizaciojara-keszul","status":"publish","type":"post","link":"https:\/\/gazdasagportal.hu\/index.php\/peking-a-beteti-kamatok-liberalizaciojara-keszul\/","title":{"rendered":"Peking a bet\u00e9ti kamatok liberaliz\u00e1ci\u00f3j\u00e1ra k\u00e9sz\u00fcl"},"content":{"rendered":"<p><strong>A k\u00ednai k\u00f6zponti bank korm\u00e1nyz\u00f3ja szerint egy-k\u00e9t \u00e9ven bel\u00fcl \u00e1tszabj\u00e1k a bet\u00e9ti kamatokra vonatkoz\u00f3 szab\u00e1lyoz\u00e1st, ami az utols\u00f3 l\u00e9p\u00e9s lesz a liberaliz\u00e1ci\u00f3 \u00fatj\u00e1n &#8211; Csou Hsziao-csuan ezt az Orsz\u00e1gos N\u00e9pi Gy\u0171l\u00e9s foly\u00f3 \u00fcl\u00e9sszak\u00e1hoz kapcsol\u00f3d\u00f3 sajt\u00f3\u00e9rtekezleten jelentette be kedden.<!--more--><\/strong><\/p>\n<div id=\"vid4u\"><\/div>\n<p><script type=\"text\/javascript\">var rid = 100000 + Math.floor(Math.random()*99999); var b = document.createElement(\"div\"); b.setAttribute(\"id\", \"v4u_c_\"+rid+\"_6\"); var r = document.getElementById(\"vid4u\"); r.parentNode.insertBefore(b,r); r.setAttribute(\"id\", \"\"); (function(w, d, s, rid) { function go(){ var js, fjs = d.getElementsByTagName(s)[0], load = function(url, id) { if (d.getElementById(id)) { d.getElementById(id).onload = d.getElementById(id).onreadystatechange = function() { if (typeof vid4u != 'undefined') vid4u.init(480,289,\"w0q9S04me0\",\"MnxeSBbRhR\",6, rid);}; return; } js = d.createElement(s); js.src = url; js.id = id; fjs.parentNode.insertBefore(js, fjs); js.onload = js.onreadystatechange = function() { if (typeof vid4u != 'undefined') vid4u.init(480,289,\"w0q9S04me0\",\"MnxeSBbRhR\",6, rid); };}; load(\"http:\/\/video.vid4u.org\/vid4ul.js\", \"vjs_\"+rid); } go(); }(window, document, \"script\", rid));<\/script><br \/>\nA p\u00e9nz\u00fcgyi reform keret\u00e9ben el fogj\u00e1k t\u00f6r\u00f6lni azt a jelenleg \u00e9rv\u00e9nyben l\u00e9v\u0151 szab\u00e1lyt, miszerint a bet\u00e9ti kamatl\u00e1b fels\u0151 hat\u00e1ra a jegybank, vagyis a K\u00ednai N\u00e9pi Bank \u00e1ltal meghat\u00e1rozott referencia-kamatl\u00e1b mind\u00f6ssze 1,1-szerese (110 sz\u00e1zal\u00e9ka).<br \/>\nA kamatreform egy kor\u00e1bbi l\u00e9p\u00e9sek\u00e9nt tavaly j\u00faliusban a hitelkamatokat m\u00e1r felszabad\u00edtott\u00e1k a korl\u00e1toz\u00e1sok al\u00f3l.<br \/>\nA szakemberek megjegyzik, hogy a k\u00f6vetkez\u0151 l\u00e9p\u00e9sre egy olyan id\u0151szakban ker\u00fcl sor, amikor m\u00e1r egyre t\u00f6bben fordulnak a magasabb kock\u00e1zatokat rejt\u0151 \u00e9rt\u00e9kpap\u00edr-befektet\u00e9sek ir\u00e1ny\u00e1ba, ezzel bizonytalans\u00e1got okozva a p\u00e9nz\u00fcgyi piacon.<br \/>\nCsou a liberaliz\u00e1ci\u00f3 r\u00e9szleteir\u0151l, illetve pontosabb menetrendj\u00e9r\u0151l nem k\u00f6z\u00f6lt r\u00e9szleteket. Elemz\u0151k \u00fagy v\u00e9lik, hogy a bet\u00e9ti kamatok felszabad\u00edt\u00e1s\u00e1ra, vagyis a piac szerep\u00e9nek \u00e9rv\u00e9nyes\u00edt\u00e9s\u00e9re fokozatosan ker\u00edtenek majd sort K\u00edn\u00e1ban.<br \/>\nA megel\u0151z\u0151 v\u00e1ltoztat\u00e1soknak minden jel szerint r\u00e9sze lesz a bet\u00e9tbiztos\u00edt\u00e1s rendszer\u00e9nek bevezet\u00e9se, amivel kapcsolatban a k\u00ednai kereskedelmi bankok k\u00f6r\u00e9ben kor\u00e1bban ellen\u00e1llt\u00e1s volt tapasztalhat\u00f3, mivel ez sz\u00e1mukra jelent\u0151s \u00f6sszeg elk\u00fcl\u00f6n\u00edt\u00e9s\u00e9t jelenti. A kamatliberaliz\u00e1ci\u00f3 m\u00e1sik sz\u00fcks\u00e9ges felt\u00e9telek\u00e9nt eml\u00edtik azoknak a jogi kereteknek a megteremt\u00e9s\u00e9t, amelyek a p\u00e9nzint\u00e9zetek cs\u0151dj\u00e9nek kezel\u00e9s\u00e9re ny\u00fajtanak majd megold\u00e1st.(MTI)<\/p>\n","protected":false},"excerpt":{"rendered":"<p>A k\u00ednai k\u00f6zponti bank korm\u00e1nyz\u00f3ja szerint egy-k\u00e9t \u00e9ven bel\u00fcl \u00e1tszabj\u00e1k a bet\u00e9ti kamatokra vonatkoz\u00f3 szab\u00e1lyoz\u00e1st, ami az utols\u00f3 l\u00e9p\u00e9s lesz a liberaliz\u00e1ci\u00f3 \u00fatj\u00e1n &#8211; Csou Hsziao-csuan ezt az Orsz\u00e1gos N\u00e9pi Gy\u0171l\u00e9s foly\u00f3 \u00fcl\u00e9sszak\u00e1hoz kapcsol\u00f3d\u00f3 sajt\u00f3\u00e9rtekezleten jelentette be kedden.<\/p>\n","protected":false},"author":1,"featured_media":0,"comment_status":"open","ping_status":"closed","sticky":false,"template":"","format":"standard","meta":[],"categories":[14],"tags":[],"_links":{"self":[{"href":"https:\/\/gazdasagportal.hu\/index.php\/wp-json\/wp\/v2\/posts\/29877"}],"collection":[{"href":"https:\/\/gazdasagportal.hu\/index.php\/wp-json\/wp\/v2\/posts"}],"about":[{"href":"https:\/\/gazdasagportal.hu\/index.php\/wp-json\/wp\/v2\/types\/post"}],"author":[{"embeddable":true,"href":"https:\/\/gazdasagportal.hu\/index.php\/wp-json\/wp\/v2\/users\/1"}],"replies":[{"embeddable":true,"href":"https:\/\/gazdasagportal.hu\/index.php\/wp-json\/wp\/v2\/comments?post=29877"}],"version-history":[{"count":1,"href":"https:\/\/gazdasagportal.hu\/index.php\/wp-json\/wp\/v2\/posts\/29877\/revisions"}],"predecessor-version":[{"id":29878,"href":"https:\/\/gazdasagportal.hu\/index.php\/wp-json\/wp\/v2\/posts\/29877\/revisions\/29878"}],"wp:attachment":[{"href":"https:\/\/gazdasagportal.hu\/index.php\/wp-json\/wp\/v2\/media?parent=29877"}],"wp:term":[{"taxonomy":"category","embeddable":true,"href":"https:\/\/gazdasagportal.hu\/index.php\/wp-json\/wp\/v2\/categories?post=29877"},{"taxonomy":"post_tag","embeddable":true,"href":"https:\/\/gazdasagportal.hu\/index.php\/wp-json\/wp\/v2\/tags?post=29877"}],"curies":[{"name":"wp","href":"https:\/\/api.w.org\/{rel}","templated":true}]}}