{"id":29875,"date":"2014-03-11T14:59:23","date_gmt":"2014-03-11T13:59:23","guid":{"rendered":"http:\/\/stockportal.hu\/?p=29875"},"modified":"2014-03-11T14:37:59","modified_gmt":"2014-03-11T13:37:59","slug":"ukran-valsag-az-ukran-parlament-politikai-es-katonai-segitseget-kert-az-orszag-biztonsagat-szavatolo-orszagoktol","status":"publish","type":"post","link":"https:\/\/gazdasagportal.hu\/index.php\/ukran-valsag-az-ukran-parlament-politikai-es-katonai-segitseget-kert-az-orszag-biztonsagat-szavatolo-orszagoktol\/","title":{"rendered":"Ukr\u00e1n v\u00e1ls\u00e1g &#8211; Az ukr\u00e1n parlament politikai \u00e9s katonai seg\u00edts\u00e9get k\u00e9rt az orsz\u00e1g biztons\u00e1g\u00e1t szavatol\u00f3 orsz\u00e1gokt\u00f3l"},"content":{"rendered":"<p><strong>Politikai \u00e9s katonai seg\u00edts\u00e9get k\u00e9rt az ukr\u00e1n parlament kedden elfogadott hat\u00e1rozat\u00e1ban az orsz\u00e1g biztons\u00e1g\u00e1t szavatol\u00f3 orsz\u00e1gokt\u00f3l, valamint felsz\u00f3l\u00edtotta Oroszorsz\u00e1got, hogy halad\u00e9ktalanul vonja ki csapatait a Kr\u00edmb\u0151l, hagyjon fel az ukr\u00e1n \u00e1llam elleni agresszi\u00f3val, tov\u00e1bb\u00e1 garant\u00e1lja az orsz\u00e1g ter\u00fcleti egys\u00e9g\u00e9t \u00e9s f\u00fcggetlens\u00e9g\u00e9t.<!--more--><\/strong><\/p>\n<div id=\"vid4u\"><\/div>\n<p><script type=\"text\/javascript\">var rid = 100000 + Math.floor(Math.random()*99999); var b = document.createElement(\"div\"); b.setAttribute(\"id\", \"v4u_c_\"+rid+\"_6\"); var r = document.getElementById(\"vid4u\"); r.parentNode.insertBefore(b,r); r.setAttribute(\"id\", \"\"); (function(w, d, s, rid) { function go(){ var js, fjs = d.getElementsByTagName(s)[0], load = function(url, id) { if (d.getElementById(id)) { d.getElementById(id).onload = d.getElementById(id).onreadystatechange = function() { if (typeof vid4u != 'undefined') vid4u.init(480,289,\"w0q9S04me0\",\"MnxeSBbRhR\",6, rid);}; return; } js = d.createElement(s); js.src = url; js.id = id; fjs.parentNode.insertBefore(js, fjs); js.onload = js.onreadystatechange = function() { if (typeof vid4u != 'undefined') vid4u.init(480,289,\"w0q9S04me0\",\"MnxeSBbRhR\",6, rid); };}; load(\"http:\/\/video.vid4u.org\/vid4ul.js\", \"vjs_\"+rid); } go(); }(window, document, \"script\", rid));<\/script><\/p>\n<p>A hat\u00e1rozatban a k\u00e9pvisel\u0151k lesz\u00f6gezt\u00e9k, hogy &#8222;Nagy-Britannia, \u00c9szak-\u00cdrorsz\u00e1g \u00e9s az Egyes\u00fclt \u00c1llamok, mint a budapesti memorandum al\u00e1\u00edr\u00f3i teljes\u00edts\u00e9k v\u00e1llalt k\u00f6telezetts\u00e9geiket, \u00e9s tegyenek meg minden politikai, diplom\u00e1ciai, gazdas\u00e1gi \u00e9s katonai l\u00e9p\u00e9st az Ukrajna elleni agresszi\u00f3 azonnali megf\u00e9kez\u00e9se, valamint az orsz\u00e1g f\u00fcggetlens\u00e9ge, szuverenit\u00e1sa \u00e9s jelenlegi hat\u00e1rainak meg\u0151rz\u00e9se \u00e9rdek\u00e9ben&#8221;.<br \/>\nAz 1994-es budapesti egyezm\u00e9nyben Oroszorsz\u00e1g, az Egyes\u00fclt \u00c1llamok \u00e9s Nagy-Britannia v\u00e1llalta Ukrajna szuverenit\u00e1s\u00e1nak \u00e9s ter\u00fcleti \u00e9ps\u00e9g\u00e9nek szavatol\u00e1s\u00e1t, cser\u00e9ben az\u00e9rt, hogy Ukrajna lemondott az atomhatalmi st\u00e1tusr\u00f3l.<br \/>\nA keddi hat\u00e1rozatot a 450 f\u0151s t\u00f6rv\u00e9nyhoz\u00e1s 263 k\u00e9pvisel\u0151je t\u00e1mogatta. A szavaz\u00e1skor 322-en voltak jelen az \u00fcl\u00e9steremben. A dokumentumban nem r\u00e9szletezt\u00e9k, hogy a k\u00f6vetel\u00e9s kiterjed-e a Szevasztopolban b\u00e9rleti szerz\u0151d\u00e9ssel \u00e1llom\u00e1soztatott fekete-tengeri orosz hadiflott\u00e1ra.<br \/>\nA parlament emellett nyilatkozatot fogadott el, amelyben k\u00f6veteli a Kr\u00edmi Auton\u00f3m K\u00f6zt\u00e1rsas\u00e1g t\u00f6rv\u00e9nyhoz\u00e1s\u00e1t\u00f3l, hogy vizsg\u00e1lja fel\u00fcl a ter\u00fclet st\u00e1tus\u00e1r\u00f3l tartand\u00f3 n\u00e9pszavaz\u00e1sr\u00f3l hozott d\u00f6nt\u00e9s\u00e9t, \u00e9s hozza azt \u00f6sszhangba Ukrajna, valamint a Kr\u00edm alkotm\u00e1ny\u00e1val. A nyilatkozat szerint a referendum &#8211; amelyet m\u00e1rcius 16-\u00e1n k\u00e9sz\u00fclnek megtartani a f\u00e9lszigeten &#8211; ellent\u00e9tes az ukr\u00e1n alapt\u00f6rv\u00e9nnyel.<br \/>\nA hat\u00e1rozathozatalokat megel\u0151z\u0151en Olekszandr Turcsinov ideiglenes eln\u00f6k bejelentette a parlamentben, hogy Ukrajna a biztons\u00e1g\u00e1t szavatol\u00f3 orsz\u00e1gokhoz fordul katonai-m\u0171szaki seg\u00edts\u00e9g\u00e9rt.<br \/>\nK\u00f6z\u00f6lte azt is, hogy az ukr\u00e1n er\u0151ket teljes k\u00e9sz\u00fclts\u00e9gbe helyezt\u00e9k, hadgyakorlatot tartottak. &#8222;Kezdj\u00fck helyre\u00e1ll\u00edtani a hadsereget&#8221; &#8211; fogalmazott Turcsinov.<br \/>\nBejelentette tov\u00e1bb\u00e1, hogy a Nemzeti G\u00e1rda fel\u00e1ll\u00edt\u00e1s\u00e1r\u00f3l, \u00e9s az \u00f6nk\u00e9ntesek &#8222;r\u00e9szleges&#8221; mozg\u00f3s\u00edt\u00e1s\u00e1r\u00f3l hozott d\u00f6nt\u00e9st az ukr\u00e1n nemzetbiztons\u00e1gi tan\u00e1cs. Arra k\u00e9rte a t\u00f6rv\u00e9nyhoz\u00e1st, hogy t\u00e1mogassa a test\u00fclet d\u00f6nt\u00e9s\u00e9t. A Nemzeti G\u00e1rda \u00fajb\u00f3li fel\u00e1ll\u00edt\u00e1s\u00e1r\u00f3l v\u00e1rhat\u00f3an szerd\u00e1n szavaz a t\u00f6rv\u00e9nyhoz\u00e1s.<br \/>\nTurcsinov szavai szerint a Nemzeti G\u00e1rda a bel\u00fcgyi alakulatok katon\u00e1ib\u00f3l j\u00f6nne l\u00e9tre arra a c\u00e9lra, hogy &#8211; mint fogalmazott &#8211; megv\u00e9dje az orsz\u00e1got \u00e9s a polg\u00e1rokat a b\u0171n\u00f6z\u0151kt\u0151l, a k\u00fcls\u0151 \u00e9s bels\u0151 agresszi\u00f3t\u00f3l.<br \/>\nA Nemzeti G\u00e1rda 1991-2000 k\u00f6z\u00f6tt m\u0171k\u00f6d\u00f6tt Ukrajn\u00e1ban, Leonyid Kucsma akkori eln\u00f6k oszlatta fel.<br \/>\nArszenyij Jacenyuk minisztereln\u00f6k kijelentette, hogy az elm\u00falt \u00e9vekben &#8222;sz\u00e1nd\u00e9kos \u00e9s m\u00f3dszeres szabot\u00e1zst&#8221; hajtottak v\u00e9gre Ukrajna biztons\u00e1g\u00e1nak \u00e9s v\u00e9delm\u00e9nek gyeng\u00edt\u00e9se \u00e9rdek\u00e9ben. Lesz\u00f6gezte, hogy a katonai \u00e9s polg\u00e1ri \u00fcgy\u00e9szs\u00e9geknek vizsg\u00e1latot kell ind\u00edtania a hadseregben elk\u00f6vetett lop\u00e1sok \u00fcgy\u00e9ben, \u00e9s felel\u0151ss\u00e9gre kell vonni azokat a tiszts\u00e9gvisel\u0151ket, akik felel\u0151sek az ukr\u00e1n fegyveres er\u0151k jelenlegi s\u00falyos gondjai\u00e9rt.<br \/>\nJacenyuk t\u00e1j\u00e9koztatta a parlamentet, hogy a korm\u00e1ny \u00f6sszesen 125 milli\u00f3 hrivnya, azaz mintegy 3,125 milli\u00e1rd forint \u00f6sszegben utalt egyszeri p\u00e9nz\u00fcgyi t\u00e1mogat\u00e1st a Kr\u00edmi Auton\u00f3m K\u00f6zt\u00e1rsas\u00e1gban szolg\u00e1latot teljes\u00edt\u0151 ukr\u00e1n katon\u00e1knak.(MTI)<\/p>\n","protected":false},"excerpt":{"rendered":"<p>Politikai \u00e9s katonai seg\u00edts\u00e9get k\u00e9rt az ukr\u00e1n parlament kedden elfogadott hat\u00e1rozat\u00e1ban az orsz\u00e1g biztons\u00e1g\u00e1t szavatol\u00f3 orsz\u00e1gokt\u00f3l, valamint felsz\u00f3l\u00edtotta Oroszorsz\u00e1got, hogy halad\u00e9ktalanul vonja ki csapatait a Kr\u00edmb\u0151l, hagyjon fel az ukr\u00e1n \u00e1llam elleni agresszi\u00f3val, tov\u00e1bb\u00e1 garant\u00e1lja az orsz\u00e1g ter\u00fcleti egys\u00e9g\u00e9t \u00e9s f\u00fcggetlens\u00e9g\u00e9t.<\/p>\n","protected":false},"author":1,"featured_media":0,"comment_status":"open","ping_status":"closed","sticky":false,"template":"","format":"standard","meta":[],"categories":[139],"tags":[],"_links":{"self":[{"href":"https:\/\/gazdasagportal.hu\/index.php\/wp-json\/wp\/v2\/posts\/29875"}],"collection":[{"href":"https:\/\/gazdasagportal.hu\/index.php\/wp-json\/wp\/v2\/posts"}],"about":[{"href":"https:\/\/gazdasagportal.hu\/index.php\/wp-json\/wp\/v2\/types\/post"}],"author":[{"embeddable":true,"href":"https:\/\/gazdasagportal.hu\/index.php\/wp-json\/wp\/v2\/users\/1"}],"replies":[{"embeddable":true,"href":"https:\/\/gazdasagportal.hu\/index.php\/wp-json\/wp\/v2\/comments?post=29875"}],"version-history":[{"count":1,"href":"https:\/\/gazdasagportal.hu\/index.php\/wp-json\/wp\/v2\/posts\/29875\/revisions"}],"predecessor-version":[{"id":29876,"href":"https:\/\/gazdasagportal.hu\/index.php\/wp-json\/wp\/v2\/posts\/29875\/revisions\/29876"}],"wp:attachment":[{"href":"https:\/\/gazdasagportal.hu\/index.php\/wp-json\/wp\/v2\/media?parent=29875"}],"wp:term":[{"taxonomy":"category","embeddable":true,"href":"https:\/\/gazdasagportal.hu\/index.php\/wp-json\/wp\/v2\/categories?post=29875"},{"taxonomy":"post_tag","embeddable":true,"href":"https:\/\/gazdasagportal.hu\/index.php\/wp-json\/wp\/v2\/tags?post=29875"}],"curies":[{"name":"wp","href":"https:\/\/api.w.org\/{rel}","templated":true}]}}