{"id":29867,"date":"2014-03-11T12:53:18","date_gmt":"2014-03-11T11:53:18","guid":{"rendered":"http:\/\/stockportal.hu\/?p=29867"},"modified":"2014-03-11T12:26:46","modified_gmt":"2014-03-11T11:26:46","slug":"ukran-valsag-ujabb-szankciok-varhatok-oroszorszaggal-szemben","status":"publish","type":"post","link":"https:\/\/gazdasagportal.hu\/index.php\/ukran-valsag-ujabb-szankciok-varhatok-oroszorszaggal-szemben\/","title":{"rendered":"Ukr\u00e1n v\u00e1ls\u00e1g &#8211; \u00dajabb szankci\u00f3k v\u00e1rhat\u00f3k Oroszorsz\u00e1ggal szemben"},"content":{"rendered":"<p><strong>Laurent Fabius francia k\u00fcl\u00fcgyminiszter szerint m\u00e1r a h\u00e9ten \u00fajabb szankci\u00f3k v\u00e1rhat\u00f3k Oroszorsz\u00e1ggal szemben, amennyiben nem v\u00e1laszol az ukrajnai v\u00e1ls\u00e1g rendez\u00e9s\u00e9t \u00e9rint\u0151 nyugati javaslatokra.<!--more--><\/strong><\/p>\n<div id=\"vid4u\"><\/div>\n<p><script type=\"text\/javascript\">var rid = 100000 + Math.floor(Math.random()*99999); var b = document.createElement(\"div\"); b.setAttribute(\"id\", \"v4u_c_\"+rid+\"_6\"); var r = document.getElementById(\"vid4u\"); r.parentNode.insertBefore(b,r); r.setAttribute(\"id\", \"\"); (function(w, d, s, rid) { function go(){ var js, fjs = d.getElementsByTagName(s)[0], load = function(url, id) { if (d.getElementById(id)) { d.getElementById(id).onload = d.getElementById(id).onreadystatechange = function() { if (typeof vid4u != 'undefined') vid4u.init(480,289,\"w0q9S04me0\",\"MnxeSBbRhR\",6, rid);}; return; } js = d.createElement(s); js.src = url; js.id = id; fjs.parentNode.insertBefore(js, fjs); js.onload = js.onreadystatechange = function() { if (typeof vid4u != 'undefined') vid4u.init(480,289,\"w0q9S04me0\",\"MnxeSBbRhR\",6, rid); };}; load(\"http:\/\/video.vid4u.org\/vid4ul.js\", \"vjs_\"+rid); } go(); }(window, document, \"script\", rid));<\/script><\/p>\n<p>&#8222;John Kerry (amerikai k\u00fcl\u00fcgyminiszter) k\u00f6zvet\u00edt\u00e9s\u00e9vel k\u00fcldt\u00fcnk egy javaslatot az oroszoknak. Nem v\u00e1laszoltak. Ha pozit\u00edvan v\u00e1laszolnak, John Kerry Moszkv\u00e1ba megy, \u00e9s nem lesznek egyel\u0151re szankci\u00f3k. Ha nem v\u00e1laszolnak vagy negat\u00edvan v\u00e1laszolnak, akkor egy rak\u00e1s szankci\u00f3 lesz, amelyekr\u0151l m\u00e1r a h\u00e9ten d\u00f6nthet\u00fcnk&#8221; &#8211; mondta kedden a francia diplom\u00e1cia vezet\u0151je a France Inter francia k\u00f6zszolg\u00e1lati r\u00e1di\u00f3ban, de nem r\u00e9szletezte a javaslatokat. Annyit mondott, hogy a szankci\u00f3k \u00fajabb v\u00edzumtilalmi \u00e9s vagyonz\u00e1rol\u00e1si int\u00e9zked\u00e9seket tartalmazn\u00e1nak.<br \/>\nJohn Kerry amerikai k\u00fcl\u00fcgyminiszter elhalasztotta h\u00e9tf\u0151re tervezett moszkvai \u00fatj\u00e1t, de elk\u00fcldte Moszkv\u00e1ba a Washington \u00e1ll\u00e1spontj\u00e1t \u00e9s javaslatait tartalmaz\u00f3 dokumentumot. Err\u0151l orosz kolleg\u00e1ja, Szergej Lavrov kifejtette, hogy az olyan elk\u00e9pzel\u00e9st tartalmaz, amely &#8222;nem igaz\u00e1n el\u00e9g\u00edti ki&#8221; az orosz k\u00fcl\u00fcgyet, amely elk\u00e9sz\u00edtette saj\u00e1t javaslatait.<br \/>\nAz Oroszorsz\u00e1g elleni szankci\u00f3kr\u00f3l kedden Londonban folytat egyeztet\u00e9st szak\u00e9rt\u0151i szinten t\u00f6bb eur\u00f3pai orsz\u00e1g, valamint az Egyes\u00fclt \u00c1llamok, Jap\u00e1n, Kanada \u00e9s T\u00f6r\u00f6korsz\u00e1g.<br \/>\n&#8222;Technikai megbesz\u00e9l\u00e9sr\u0151l van sz\u00f3 annak \u00e9rdek\u00e9ben, hogy min\u00e9l sz\u00e9lesebb k\u00f6r\u0171 legyen az egyet\u00e9rt\u00e9s azokr\u00f3l az int\u00e9zked\u00e9sekr\u0151l, amelyeket nemzetk\u00f6zi szinten k\u00edv\u00e1nunk meghozni&#8221; &#8211; jelezte a brit k\u00fcl\u00fcgyminiszt\u00e9rium. David Cameron brit korm\u00e1nyf\u0151 h\u00e9tf\u0151n \u00fagy fogalmazott, hogy &#8222;napokon bel\u00fcl&#8221; d\u00f6nt\u00e9s sz\u00fclethet orosz korm\u00e1nyillet\u00e9keseket s\u00fajt\u00f3 &#8222;c\u00e9lzott szankci\u00f3kr\u00f3l&#8221;, ha Moszkva nem ad \u00e9rdemi v\u00e1laszt az ukrajnai fell\u00e9p\u00e9s\u00e9vel kapcsolatos nyugati agg\u00e1lyokra.(MTI)<\/p>\n","protected":false},"excerpt":{"rendered":"<p>Laurent Fabius francia k\u00fcl\u00fcgyminiszter szerint m\u00e1r a h\u00e9ten \u00fajabb szankci\u00f3k v\u00e1rhat\u00f3k Oroszorsz\u00e1ggal szemben, amennyiben nem v\u00e1laszol az ukrajnai v\u00e1ls\u00e1g rendez\u00e9s\u00e9t \u00e9rint\u0151 nyugati javaslatokra.<\/p>\n","protected":false},"author":1,"featured_media":0,"comment_status":"open","ping_status":"closed","sticky":false,"template":"","format":"standard","meta":[],"categories":[139],"tags":[],"_links":{"self":[{"href":"https:\/\/gazdasagportal.hu\/index.php\/wp-json\/wp\/v2\/posts\/29867"}],"collection":[{"href":"https:\/\/gazdasagportal.hu\/index.php\/wp-json\/wp\/v2\/posts"}],"about":[{"href":"https:\/\/gazdasagportal.hu\/index.php\/wp-json\/wp\/v2\/types\/post"}],"author":[{"embeddable":true,"href":"https:\/\/gazdasagportal.hu\/index.php\/wp-json\/wp\/v2\/users\/1"}],"replies":[{"embeddable":true,"href":"https:\/\/gazdasagportal.hu\/index.php\/wp-json\/wp\/v2\/comments?post=29867"}],"version-history":[{"count":1,"href":"https:\/\/gazdasagportal.hu\/index.php\/wp-json\/wp\/v2\/posts\/29867\/revisions"}],"predecessor-version":[{"id":29868,"href":"https:\/\/gazdasagportal.hu\/index.php\/wp-json\/wp\/v2\/posts\/29867\/revisions\/29868"}],"wp:attachment":[{"href":"https:\/\/gazdasagportal.hu\/index.php\/wp-json\/wp\/v2\/media?parent=29867"}],"wp:term":[{"taxonomy":"category","embeddable":true,"href":"https:\/\/gazdasagportal.hu\/index.php\/wp-json\/wp\/v2\/categories?post=29867"},{"taxonomy":"post_tag","embeddable":true,"href":"https:\/\/gazdasagportal.hu\/index.php\/wp-json\/wp\/v2\/tags?post=29867"}],"curies":[{"name":"wp","href":"https:\/\/api.w.org\/{rel}","templated":true}]}}