{"id":29865,"date":"2014-03-11T12:05:26","date_gmt":"2014-03-11T11:05:26","guid":{"rendered":"http:\/\/stockportal.hu\/?p=29865"},"modified":"2014-03-11T11:43:01","modified_gmt":"2014-03-11T10:43:01","slug":"mol-ina-ugy-az-amerikai-egyesult-allamok-nem-kivan-szerepet-vallalni-a-mol-ina-ugyben","status":"publish","type":"post","link":"https:\/\/gazdasagportal.hu\/index.php\/mol-ina-ugy-az-amerikai-egyesult-allamok-nem-kivan-szerepet-vallalni-a-mol-ina-ugyben\/","title":{"rendered":"Mol-INA-\u00fcgy &#8211; Az Amerikai Egyes\u00fclt \u00c1llamok nem k\u00edv\u00e1n szerepet v\u00e1llalni a Mol-INA-\u00fcgyben"},"content":{"rendered":"<p><strong>A horv\u00e1t korm\u00e1nynak\u00a0\u00a0\u00e9s a Molnak egy\u00fctt kell megtal\u00e1lniuk a megold\u00e1st az INA-val kapcsolatos probl\u00e9m\u00e1kra &#8211; ezt Amos Hochstein az Amerikai Egyes\u00fclt \u00c1llamok helyettes-energia\u00fcgyi \u00e1llamtitk\u00e1ra mondta Z\u00e1gr\u00e1bban\u00a0\u00a0Ivan Vrdoljak horv\u00e1t gazdas\u00e1gi miniszterrel t\u00f6rt\u00e9nt h\u00e9tf\u0151i tal\u00e1lkoz\u00f3j\u00e1n a Vecernji list napilap keddi besz\u00e1mol\u00f3ja szerint.<!--more--><\/strong><\/p>\n<div id=\"vid4u\"><\/div>\n<p><script type=\"text\/javascript\">var rid = 100000 + Math.floor(Math.random()*99999); var b = document.createElement(\"div\"); b.setAttribute(\"id\", \"v4u_c_\"+rid+\"_6\"); var r = document.getElementById(\"vid4u\"); r.parentNode.insertBefore(b,r); r.setAttribute(\"id\", \"\"); (function(w, d, s, rid) { function go(){ var js, fjs = d.getElementsByTagName(s)[0], load = function(url, id) { if (d.getElementById(id)) { d.getElementById(id).onload = d.getElementById(id).onreadystatechange = function() { if (typeof vid4u != 'undefined') vid4u.init(480,289,\"w0q9S04me0\",\"MnxeSBbRhR\",6, rid);}; return; } js = d.createElement(s); js.src = url; js.id = id; fjs.parentNode.insertBefore(js, fjs); js.onload = js.onreadystatechange = function() { if (typeof vid4u != 'undefined') vid4u.init(480,289,\"w0q9S04me0\",\"MnxeSBbRhR\",6, rid); };}; load(\"http:\/\/video.vid4u.org\/vid4ul.js\", \"vjs_\"+rid); } go(); }(window, document, \"script\", rid));<\/script><\/p>\n<p>Hochstein mellett a t\u00e1rgyal\u00e1sokon r\u00e9szt vett Hoyt Yee amerikai k\u00fcl\u00fcgyi helyettes \u00e1llamtitk\u00e1r is. A horv\u00e1t korm\u00e1ny k\u00e9pvisel\u0151ivel megvitatt\u00e1k D\u00e9lkelet-Eur\u00f3pa energetikai strat\u00e9gi\u00e1j\u00e1t, de a lap szerint Horv\u00e1torsz\u00e1g sz\u00e1m\u00e1ra a legfontosabb az INA-val kapcsolatos k\u00e9rd\u00e9sek volt.<br \/>\nHochstein ugyan kijelentette, hogy a Mol-INA k\u00e9rd\u00e9st az \u00e9rdekelt feleknek kell megoldania, de a lap \u00e9rdekes egybees\u00e9snek tartja, hogy az amerikai k\u00fcld\u00f6tts\u00e9g Z\u00e1gr\u00e1b ut\u00e1n Budapestre utazik. \u00a0\u00a0\u00a0\u00a0Ivan Vrdoljak nyilatkozata szerint az amerikai korm\u00e1ny k\u00e9pvisel\u0151it legink\u00e1bb az Adriai-tengerben tal\u00e1lhat\u00f3 k\u0151olaj- \u00e9s g\u00e1zlel\u0151helyek kiakn\u00e1z\u00e1s\u00e1nak a lehet\u0151s\u00e9ge \u00e9s a cseppfoly\u00f3sg\u00e1z-termin\u00e1llal kapcsolatos befektet\u00e9si lehet\u0151s\u00e9gek \u00e9rdekelt\u00e9k. \u00a0\u00a0\u00a0\u00a0Ezek Hochstein szerint biztos\u00edthatj\u00e1k Horv\u00e1torsz\u00e1g energetikai f\u00fcggetlens\u00e9g\u00e9t. Az amerikai tiszts\u00e9gvisel\u0151 hangs\u00falyozta: az Egyes\u00fclt \u00c1llamok g\u00e1zv\u00e1s\u00e1rl\u00f3b\u00f3l, g\u00e1zelad\u00f3v\u00e1 v\u00e1lt, ez\u00e9rt \u00e9rdek\u00e9ben \u00e1ll az amerikai \u00e9s m\u00e1s forr\u00e1sokb\u00f3l sz\u00e1rmaz\u00f3 g\u00e1z befogad\u00e1s\u00e1ra t\u00e1roz\u00f3kat \u00e9p\u00edteni a mediterr\u00e1n t\u00e9rs\u00e9gben is.<br \/>\nEgy hete a lap megb\u00edzhat\u00f3nak nevezett forr\u00e1sokra hivatkozva \u00edrt arr\u00f3l, hogy a magas szint\u0171 horv\u00e1t-amerikai t\u00e1rgyal\u00e1sok napirendj\u00e9n szerepel majd az INA esetleges elad\u00e1sa valamely amerikai partnernek, miut\u00e1n az Exxon Mobile kinyilv\u00e1n\u00edtotta \u00e9rdekl\u0151d\u00e9s\u00e9t az adriai f\u00far\u00e1sok ir\u00e1nt, emiatt megn\u0151tt a t\u00f6bbi olajipari t\u00e1rsas\u00e1g \u00e9rdekl\u0151d\u00e9se is a tenger m\u00e9ly\u00e9n megl\u00e9v\u0151 olaj -\u00e9s g\u00e1zmez\u0151k ir\u00e1nt.<br \/>\nKor\u00e1bbi sajt\u00f3\u00e9rtes\u00fcl\u00e9sek szerint a horv\u00e1t f\u00e9l abban rem\u00e9nykedett, hogy a Mol 49 sz\u00e1zal\u00e9kos INA-r\u00e9szesed\u00e9s\u00e9t a Rosznyeft vagy m\u00e1s orosz c\u00e9g veszi \u00e1t, \u00e1m az ukrajnai beavatkoz\u00e1s ut\u00e1n ezt sem az Egyes\u00fclt \u00c1llamok, sem az Eur\u00f3pai Uni\u00f3 nem n\u00e9zn\u00e9 j\u00f3 szemmel.(MTI)<\/p>\n","protected":false},"excerpt":{"rendered":"<p>A horv\u00e1t korm\u00e1nynak\u00a0\u00a0\u00e9s a Molnak egy\u00fctt kell megtal\u00e1lniuk a megold\u00e1st az INA-val kapcsolatos probl\u00e9m\u00e1kra &#8211; ezt Amos Hochstein az Amerikai Egyes\u00fclt \u00c1llamok helyettes-energia\u00fcgyi \u00e1llamtitk\u00e1ra mondta Z\u00e1gr\u00e1bban\u00a0\u00a0Ivan Vrdoljak horv\u00e1t gazdas\u00e1gi miniszterrel t\u00f6rt\u00e9nt h\u00e9tf\u0151i tal\u00e1lkoz\u00f3j\u00e1n a Vecernji list napilap keddi besz\u00e1mol\u00f3ja szerint.<\/p>\n","protected":false},"author":1,"featured_media":18063,"comment_status":"open","ping_status":"closed","sticky":false,"template":"","format":"standard","meta":[],"categories":[140],"tags":[],"_links":{"self":[{"href":"https:\/\/gazdasagportal.hu\/index.php\/wp-json\/wp\/v2\/posts\/29865"}],"collection":[{"href":"https:\/\/gazdasagportal.hu\/index.php\/wp-json\/wp\/v2\/posts"}],"about":[{"href":"https:\/\/gazdasagportal.hu\/index.php\/wp-json\/wp\/v2\/types\/post"}],"author":[{"embeddable":true,"href":"https:\/\/gazdasagportal.hu\/index.php\/wp-json\/wp\/v2\/users\/1"}],"replies":[{"embeddable":true,"href":"https:\/\/gazdasagportal.hu\/index.php\/wp-json\/wp\/v2\/comments?post=29865"}],"version-history":[{"count":2,"href":"https:\/\/gazdasagportal.hu\/index.php\/wp-json\/wp\/v2\/posts\/29865\/revisions"}],"predecessor-version":[{"id":29919,"href":"https:\/\/gazdasagportal.hu\/index.php\/wp-json\/wp\/v2\/posts\/29865\/revisions\/29919"}],"wp:featuredmedia":[{"embeddable":true,"href":"https:\/\/gazdasagportal.hu\/index.php\/wp-json\/wp\/v2\/media\/18063"}],"wp:attachment":[{"href":"https:\/\/gazdasagportal.hu\/index.php\/wp-json\/wp\/v2\/media?parent=29865"}],"wp:term":[{"taxonomy":"category","embeddable":true,"href":"https:\/\/gazdasagportal.hu\/index.php\/wp-json\/wp\/v2\/categories?post=29865"},{"taxonomy":"post_tag","embeddable":true,"href":"https:\/\/gazdasagportal.hu\/index.php\/wp-json\/wp\/v2\/tags?post=29865"}],"curies":[{"name":"wp","href":"https:\/\/api.w.org\/{rel}","templated":true}]}}