{"id":2955,"date":"2013-02-15T16:02:35","date_gmt":"2013-02-15T15:02:35","guid":{"rendered":"http:\/\/stockportal.hu\/?p=2955"},"modified":"2013-02-15T16:02:35","modified_gmt":"2013-02-15T15:02:35","slug":"strategiai-megallapodast-kotott-a-kormany-es-a-national-instruments","status":"publish","type":"post","link":"https:\/\/gazdasagportal.hu\/index.php\/strategiai-megallapodast-kotott-a-kormany-es-a-national-instruments\/","title":{"rendered":"Strat\u00e9giai meg\u00e1llapod\u00e1st k\u00f6t\u00f6tt a korm\u00e1ny \u00e9s a National Instruments"},"content":{"rendered":"<p><strong>Strat\u00e9giai meg\u00e1llapod\u00e1st k\u00f6t\u00f6tt a magyar korm\u00e1ny a m\u00e9r\u00e9s- \u00e9s ir\u00e1ny\u00edt\u00e1s-automatiz\u00e1l\u00e1s ter\u00fclet\u00e9n piacvezet\u0151 National Instruments (NI) v\u00e1llalattal, ez m\u00e1r a tizen\u00f6t\u00f6dik partners\u00e9g jelent\u0151s k\u00fclf\u00f6ldi \u00e9rdekelts\u00e9g\u0171 c\u00e9ggel. A szerz\u0151d\u00e9st az NI Hungary Kft. debreceni sz\u00e9khely\u00e9n p\u00e9nteken \u00edrta al\u00e1 Cs\u00e9falvay Zolt\u00e1n, a Nemzetgazdas\u00e1gi Miniszt\u00e9rium gazdas\u00e1gstrat\u00e9gi\u00e1\u00e9rt felel\u0151s \u00e1llamtitk\u00e1ra \u00e9s \u00c1brah\u00e1m L\u00e1szl\u00f3, az NI Hungary Kft. \u00fcgyvezet\u0151je.<!--more--><\/strong><\/p>\n<p>Cs\u00e9falvay Zolt\u00e1n hangs\u00falyozta: a strat\u00e9giai meg\u00e1llapod\u00e1s c\u00e9lja, hogy az olyan c\u00e9gek, mint a National Instruments, amelyek tev\u00e9kenys\u00e9g\u00e9nek f\u00f3kusz\u00e1ban az innov\u00e1ci\u00f3 \u00e9s a kutat\u00e1s-fejleszt\u00e9s \u00e1ll, \u00e9s amelyek az orsz\u00e1g gazdas\u00e1gi n\u00f6veked\u00e9s\u00e9hez \u00e9s a munkahelyteremt\u00e9s\u00e9hez is jelent\u0151s m\u00e9rt\u00e9kben j\u00e1rulnak hozz\u00e1, az \u00e1llam t\u00e1mogat\u00e1sa r\u00e9v\u00e9n stabil k\u00f6rnyezetben folytathass\u00e1k tev\u00e9kenys\u00e9g\u00fcket.<br \/>\nHozz\u00e1tette: a magyar korm\u00e1ny \u00e9s a National Instruments \u00e1ltal k\u00f6t\u00f6tt strat\u00e9giai partners\u00e9gi meg\u00e1llapod\u00e1s c\u00e9ljai k\u00f6z\u00f6tt szerepel a v\u00e1llalat hossz\u00fa t\u00e1v\u00fa \u00e9s tart\u00f3s jelenl\u00e9t\u00e9t el\u0151seg\u00edt\u0151 p\u00e1rbesz\u00e9d, az NI magyarorsz\u00e1gi termel\u0151 \u00e9s fejleszt\u0151 tev\u00e9kenys\u00e9ge b\u0151v\u00edt\u00e9s\u00e9nek t\u00e1mogat\u00e1sa a magyar gazdas\u00e1gba t\u00f6rt\u00e9n\u0151 m\u00e9lyebb be\u00e1gyaz\u00f3d\u00e1s \u00e9rdek\u00e9ben, \u00e9s az NI akt\u00edv szerepv\u00e1llal\u00e1s\u00e1nak meger\u0151s\u00edt\u00e9se.<br \/>\nCs\u00e9falvay Zolt\u00e1n kiemelte, hogy a magyar export 20 sz\u00e1zal\u00e9ka magas hozz\u00e1adott \u00e9rt\u00e9k\u0171 term\u00e9k. Megjegyezte, Debrecen innov\u00e1ci\u00f3t, kutat\u00e1s-fejleszt\u00e9st t\u00e1mogat\u00f3 politik\u00e1ja az ut\u00f3bbi \u00e9vekben jelent\u0151sen fejl\u0151d\u00f6tt, ez\u00e9rt is mutatt\u00e1k be a m\u00falt \u00e9v november\u00e9ben a korm\u00e1ny innov\u00e1ci\u00f3s strat\u00e9gi\u00e1j\u00e1t \u00e9ppen Debrecenben.<br \/>\nCs\u00e9falvay Zolt\u00e1n bejelentette: febru\u00e1rban h\u00e1rom h\u00f3napig tart\u00f3 konzult\u00e1ci\u00f3-sorozatot ind\u00edtanak annak \u00e1ttekint\u00e9s\u00e9re, hogy 2020-ig egy-egy t\u00e9rs\u00e9gben mik\u00e9nt lehet a kutat\u00e1s-fejleszt\u00e9st priorit\u00e1sk\u00e9nt kezelni. Az els\u0151 konzult\u00e1ci\u00f3ra febru\u00e1r 21-\u00e9n Debrecenben ker\u00fcl sor.<br \/>\nK\u00f3sa Lajos, Debrecen fideszes polg\u00e1rmestere eml\u00e9keztetett: a v\u00e1ros 1998-ban \u00fagy d\u00f6nt\u00f6tt, hogy &#8222;a Debreceni Egyetemmel k\u00e9zen fogva a hagyom\u00e1nyos iparr\u00f3l a technol\u00f3giai iparra v\u00e1lt&#8221;. Magyarorsz\u00e1g legnagyobb tartal\u00e9ka ugyanis a magyar emberek szellemi tev\u00e9kenys\u00e9g\u00e9ben van &#8211; f\u0171zte hozz\u00e1.<br \/>\nElmondta, Debrecen nemcsak az ad\u00f3alapb\u00f3l, hanem a fizetend\u0151 ad\u00f3b\u00f3l is engedm\u00e9nyeket ad a magas hozz\u00e1adott \u00e9rt\u00e9ket el\u0151\u00e1ll\u00edt\u00f3 c\u00e9geknek, s ezt az ad\u00f3politik\u00e1t a j\u00f6v\u0151ben is szeretn\u00e9k fenntartani.<br \/>\n\u00c1brah\u00e1m L\u00e1szl\u00f3, az NI Hungary Kft. \u00fcgyvezet\u0151je elmondta: a Magyarorsz\u00e1gon 1200 dolgoz\u00f3t foglalkoztat\u00f3 c\u00e9g\u00fck az 57. a legnagyobb \u00e1rbev\u00e9telt el\u00e9r\u0151 v\u00e1llalkoz\u00e1sok k\u00f6z\u00f6tt, Debrecenben a harmadik, a r\u00e9gi\u00f3ban pedig az \u00f6t\u00f6dik legnagyobb munk\u00e1ltat\u00f3.<br \/>\nA m\u00e9r\u00e9stechnikai, vez\u00e9rl\u00e9si \u00e9s automatiz\u00e1l\u00e1si term\u00e9kek fejleszt\u00e9s\u00e9vel, gy\u00e1rt\u00e1s\u00e1val \u00e9s forgalmaz\u00e1s\u00e1val foglalkoz\u00f3 NI debreceni termel\u0151 gy\u00e1r\u00e1ban \u00e9vente 800 ezer egys\u00e9get gy\u00e1rtanak, tavaly a harmadik negyed\u00e9vben \u00e1ll\u00edtott\u00e1k el\u0151 a h\u00e9tmilliomodik term\u00e9ket Debrecenben. Egy tonna &#8211; egy \u00e1tlagos szem\u00e9lykocsi s\u00faly\u00e1nak megfelel\u0151 &#8211; \u00e1ltaluk gy\u00e1rtott term\u00e9k \u00e9rt\u00e9ke 100 milli\u00f3 forint &#8211; \u00e9rz\u00e9keltette a magas hozz\u00e1adott \u00e9rt\u00e9ket az igazgat\u00f3. Term\u00e9keik sk\u00e1l\u00e1ja az iskol\u00e1kban oktatott lego-robott\u00f3l, az amerikai \u0171rkutat\u00e1si hivatal, a NASA \u00e1ltal haszn\u00e1lt m\u00e9r\u0151programokon \u00e1t a sz\u00e1m\u00edt\u00f3g\u00e9pvez\u00e9rl\u00e9sig terjed &#8211; sorolta \u00c1brah\u00e1m L\u00e1szl\u00f3.<br \/>\nElmondta azt is, hogy \u00e1rbev\u00e9tel\u00fck 16 sz\u00e1zal\u00e9k\u00e1t kutat\u00e1s-fejleszt\u00e9sre ford\u00edtj\u00e1k.<br \/>\nA strat\u00e9gai egy\u00fcttm\u0171k\u00f6d\u00e9s kapcs\u00e1n \u00c1brah\u00e1m L\u00e1szl\u00f3 Cs\u00e9falvay Zolt\u00e1nnal egy\u00fctt jelentette be, hogy a Nemzeti Fejleszt\u00e9si \u00dcgyn\u00f6ks\u00e9g Innov\u00e1ci\u00f3s \u00e9s technol\u00f3giai parkok, valamint fejleszt\u00e9si k\u00f6zpontok t\u00e1mogat\u00e1sa c\u00edm\u0171 p\u00e1ly\u00e1zati felh\u00edv\u00e1s\u00e1n Az amerikai tulajdon\u00fa NI Hungary Kft. Science Parkja elnevez\u00e9s\u0171 p\u00e1ly\u00e1zat\u00e1val sikerrel szerepelt: a k\u00f6zel 4 milli\u00e1rd forint \u00f6ssz\u00e9rt\u00e9k\u0171 projekthez\u00a0\u00a0a korm\u00e1ny csaknem 2 milli\u00e1rd forint t\u00e1mogat\u00e1st ny\u00fajt. A projekt egy tudom\u00e1nyos park l\u00e9trehoz\u00e1s\u00e1t c\u00e9lozza meg, \u00e9s fontos c\u00e9lja a v\u00e1llalkoz\u00f3i \u00e9s az egyetemi kutat\u00e1s-fejleszt\u00e9si egy\u00fcttm\u0171k\u00f6d\u00e9s eddigin\u00e9l szorosabb\u00e1 t\u00e9tele.<br \/>\nA projekt kapcs\u00e1n hatezer n\u00e9gyzetm\u00e9ter alapter\u00fclet\u0171 \u00e9p\u00fcletet hoznak l\u00e9tre, amely 300 kutat\u00f3-fejleszt\u0151 befogad\u00e1s\u00e1ra lesz alkalmas &#8211; tette hozz\u00e1 az NI \u00fcgyvezet\u0151je.<br \/>\nA strat\u00e9giai meg\u00e1llapod\u00e1s al\u00e1\u00edr\u00e1s\u00e1n\u00e1l jelen volt Eleni Tsakopoulos Kounalakis, az Amerikai Egyes\u00fclt \u00c1llamok budapesti nagyk\u00f6vete. (MTI)<\/p>\n","protected":false},"excerpt":{"rendered":"<p>Strat\u00e9giai meg\u00e1llapod\u00e1st k\u00f6t\u00f6tt a magyar korm\u00e1ny a m\u00e9r\u00e9s- \u00e9s ir\u00e1ny\u00edt\u00e1s-automatiz\u00e1l\u00e1s ter\u00fclet\u00e9n piacvezet\u0151 National Instruments (NI) v\u00e1llalattal, ez m\u00e1r a tizen\u00f6t\u00f6dik partners\u00e9g jelent\u0151s k\u00fclf\u00f6ldi \u00e9rdekelts\u00e9g\u0171 c\u00e9ggel. A szerz\u0151d\u00e9st az NI Hungary Kft. debreceni sz\u00e9khely\u00e9n p\u00e9nteken \u00edrta al\u00e1 Cs\u00e9falvay Zolt\u00e1n, a Nemzetgazdas\u00e1gi Miniszt\u00e9rium gazdas\u00e1gstrat\u00e9gi\u00e1\u00e9rt felel\u0151s \u00e1llamtitk\u00e1ra \u00e9s \u00c1brah\u00e1m L\u00e1szl\u00f3, az NI Hungary Kft. \u00fcgyvezet\u0151je.<\/p>\n","protected":false},"author":1,"featured_media":0,"comment_status":"closed","ping_status":"open","sticky":false,"template":"","format":"standard","meta":[],"categories":[19],"tags":[],"_links":{"self":[{"href":"https:\/\/gazdasagportal.hu\/index.php\/wp-json\/wp\/v2\/posts\/2955"}],"collection":[{"href":"https:\/\/gazdasagportal.hu\/index.php\/wp-json\/wp\/v2\/posts"}],"about":[{"href":"https:\/\/gazdasagportal.hu\/index.php\/wp-json\/wp\/v2\/types\/post"}],"author":[{"embeddable":true,"href":"https:\/\/gazdasagportal.hu\/index.php\/wp-json\/wp\/v2\/users\/1"}],"replies":[{"embeddable":true,"href":"https:\/\/gazdasagportal.hu\/index.php\/wp-json\/wp\/v2\/comments?post=2955"}],"version-history":[{"count":2,"href":"https:\/\/gazdasagportal.hu\/index.php\/wp-json\/wp\/v2\/posts\/2955\/revisions"}],"predecessor-version":[{"id":2957,"href":"https:\/\/gazdasagportal.hu\/index.php\/wp-json\/wp\/v2\/posts\/2955\/revisions\/2957"}],"wp:attachment":[{"href":"https:\/\/gazdasagportal.hu\/index.php\/wp-json\/wp\/v2\/media?parent=2955"}],"wp:term":[{"taxonomy":"category","embeddable":true,"href":"https:\/\/gazdasagportal.hu\/index.php\/wp-json\/wp\/v2\/categories?post=2955"},{"taxonomy":"post_tag","embeddable":true,"href":"https:\/\/gazdasagportal.hu\/index.php\/wp-json\/wp\/v2\/tags?post=2955"}],"curies":[{"name":"wp","href":"https:\/\/api.w.org\/{rel}","templated":true}]}}