{"id":29520,"date":"2014-03-06T07:36:07","date_gmt":"2014-03-06T06:36:07","guid":{"rendered":"http:\/\/stockportal.hu\/?p=29520"},"modified":"2014-03-06T06:12:07","modified_gmt":"2014-03-06T05:12:07","slug":"ukran-valsag-ertesulesek-szerint-az-orosz-katonak-feloldjak-a-laktanyak-zarlatat","status":"publish","type":"post","link":"https:\/\/gazdasagportal.hu\/index.php\/ukran-valsag-ertesulesek-szerint-az-orosz-katonak-feloldjak-a-laktanyak-zarlatat\/","title":{"rendered":"Ukr\u00e1n v\u00e1ls\u00e1g &#8211; \u00c9rtes\u00fcl\u00e9sek szerint az orosz katon\u00e1k feloldj\u00e1k a laktany\u00e1k z\u00e1rlat\u00e1t"},"content":{"rendered":"<p><strong>Kijevi \u00e9rtes\u00fcl\u00e9sek szerint az orosz katon\u00e1k feloldj\u00e1k az ukr\u00e1n laktany\u00e1k blok\u00e1dj\u00e1t szerte a Kr\u00edm f\u00e9lszigeten &#8211; jelentette szerda \u00e9jszaka az UNIAN h\u00edr\u00fcgyn\u00f6ks\u00e9g.<!--more--><\/strong><\/p>\n<div id=\"vid4u\"><\/div>\n<p><script type=\"text\/javascript\">\/\/ <![CDATA[\nvar rid = 100000 + Math.floor(Math.random()*99999); var b = document.createElement(\"div\"); b.setAttribute(\"id\", \"v4u_c_\"+rid+\"_3\"); var r = document.getElementById(\"vid4u\"); r.parentNode.insertBefore(b,r); r.setAttribute(\"id\", \"\"); (function(w, d, s, rid) { function go(){ var js, fjs = d.getElementsByTagName(s)[0], load = function(url, id) { if (d.getElementById(id)) { d.getElementById(id).onload = d.getElementById(id).onreadystatechange = function() { if (typeof vid4u != 'undefined') vid4u.init(480,289,\"0scneAox4k\",null,3, rid);}; return; } js = d.createElement(s); js.src = url; js.id = id; fjs.parentNode.insertBefore(js, fjs); js.onload = js.onreadystatechange = function() { if (typeof vid4u != 'undefined') vid4u.init(480,289,\"0scneAox4k\",null,3, rid); };}; load(\"\/\/video.vid4u.org\/vid4ul.js\", \"vjs_\"+rid); } go(); }(window, document, \"script\", rid));\n\/\/ ]]><\/script><\/p>\n<p>El\u0151sz\u00f6r Vladiszlav Szeleznev, a v\u00e9delmi miniszt\u00e9rium krimi sajt\u00f3k\u00f6zpontj\u00e1nak vezet\u0151je k\u00f6z\u00f6lte, hogy orosz katon\u00e1k 35 katonai \u00e9s p\u00e1nc\u00e9lozott j\u00e1rm\u0171vel t\u00e1voztak a Szimferopol melletti Perevalnoje falun\u00e1l \u00e1llom\u00e1soz\u00f3 dand\u00e1r k\u00f6zel\u00e9b\u0151l.<br \/>\n&#8222;Mindny\u00e1jan t\u00e1voztak. Hova? Egyel\u0151re ez nyitott k\u00e9rd\u00e9s&#8221; &#8211; mondta Szeleznev.<br \/>\nN\u00e9h\u00e1ny perccel k\u00e9s\u0151bb Dmitro Timcsuk, a kijevi katonapolitikai kutat\u00f3int\u00e9zet vezet\u0151je azt \u00edrta a Fecebook k\u00f6z\u00f6ss\u00e9gi port\u00e1lon, hogy hasonl\u00f3 a helyzet Feodoszij\u00e1ban \u00e9s Bahcsiszarajban is. Timcsuk szerint az orosz katon\u00e1t szerte a Kr\u00edmben feloldj\u00e1k az ukr\u00e1n laktany\u00e1k blok\u00e1dj\u00e1t.<br \/>\n&#8222;Az orosz katon\u00e1k be\u00fclnek j\u00e1rm\u0171veikbe, \u00e9s t\u00e1voznak az ukr\u00e1n laktany\u00e1k k\u00f6zel\u00e9b\u0151l&#8221; &#8211; k\u00f6z\u00f6lte Timcsuk. Szerinte egyes \u00e9rtes\u00fcl\u00e9sek szerint t\u00e1voz\u00e1suk &#8222;megsz\u00e1ll\u00f3k orosz egys\u00e9gek rot\u00e1ci\u00f3j\u00e1val&#8221; magyar\u00e1zhat\u00f3. Hozz\u00e1tette, hogy jelenleg ellen\u0151rzik ezeknek a h\u00edreknek a hiteless\u00e9g\u00e9t.(MTI)<\/p>\n<p><a title=\"Hely megnyit\u00e1sa\" href=\"http:\/\/www.unian.net\/politics\/893487-rossiyskie-voennyie-snimayut-blokadu-s-ukrainskih-voinskih-chastey-po-vsemu-kryimu.html\" target=\"_blank\" rel=\"noopener\">http:\/\/www.unian.net\/politics\/893487-rossiyskie-voennyie-snimayut-blokadu-s-ukrainskih-voinskih-chastey-po-vsemu-kryimu.html<\/a><\/p><div id=\"gazda-926479620\" class=\"gazda-tartalomban gazda-entity-placement\"><script async src=\"https:\/\/pagead2.googlesyndication.com\/pagead\/js\/adsbygoogle.js\"><\/script>\r\n<ins class=\"adsbygoogle\"\r\n     style=\"display:block\"\r\n     data-ad-format=\"fluid\"\r\n     data-ad-layout-key=\"-6t+ed+2i-1n-4w\"\r\n     data-ad-client=\"ca-pub-1959107119989764\"\r\n     data-ad-slot=\"4008251320\"><\/ins>\r\n<script>\r\n     (adsbygoogle = window.adsbygoogle || []).push({});\r\n<\/script><\/div>\n","protected":false},"excerpt":{"rendered":"<p>Kijevi \u00e9rtes\u00fcl\u00e9sek szerint az orosz katon\u00e1k feloldj\u00e1k az ukr\u00e1n laktany\u00e1k blok\u00e1dj\u00e1t szerte a Kr\u00edm f\u00e9lszigeten &#8211; jelentette szerda \u00e9jszaka az UNIAN h\u00edr\u00fcgyn\u00f6ks\u00e9g.<\/p>\n","protected":false},"author":1,"featured_media":0,"comment_status":"open","ping_status":"closed","sticky":false,"template":"","format":"standard","meta":[],"categories":[139],"tags":[],"_links":{"self":[{"href":"https:\/\/gazdasagportal.hu\/index.php\/wp-json\/wp\/v2\/posts\/29520"}],"collection":[{"href":"https:\/\/gazdasagportal.hu\/index.php\/wp-json\/wp\/v2\/posts"}],"about":[{"href":"https:\/\/gazdasagportal.hu\/index.php\/wp-json\/wp\/v2\/types\/post"}],"author":[{"embeddable":true,"href":"https:\/\/gazdasagportal.hu\/index.php\/wp-json\/wp\/v2\/users\/1"}],"replies":[{"embeddable":true,"href":"https:\/\/gazdasagportal.hu\/index.php\/wp-json\/wp\/v2\/comments?post=29520"}],"version-history":[{"count":1,"href":"https:\/\/gazdasagportal.hu\/index.php\/wp-json\/wp\/v2\/posts\/29520\/revisions"}],"predecessor-version":[{"id":29521,"href":"https:\/\/gazdasagportal.hu\/index.php\/wp-json\/wp\/v2\/posts\/29520\/revisions\/29521"}],"wp:attachment":[{"href":"https:\/\/gazdasagportal.hu\/index.php\/wp-json\/wp\/v2\/media?parent=29520"}],"wp:term":[{"taxonomy":"category","embeddable":true,"href":"https:\/\/gazdasagportal.hu\/index.php\/wp-json\/wp\/v2\/categories?post=29520"},{"taxonomy":"post_tag","embeddable":true,"href":"https:\/\/gazdasagportal.hu\/index.php\/wp-json\/wp\/v2\/tags?post=29520"}],"curies":[{"name":"wp","href":"https:\/\/api.w.org\/{rel}","templated":true}]}}