{"id":29444,"date":"2014-03-05T11:06:57","date_gmt":"2014-03-05T10:06:57","guid":{"rendered":"http:\/\/stockportal.hu\/?p=29444"},"modified":"2014-03-05T09:39:18","modified_gmt":"2014-03-05T08:39:18","slug":"kina-tartana-a-75-szazalekos-gazdasagi-novekedest","status":"publish","type":"post","link":"https:\/\/gazdasagportal.hu\/index.php\/kina-tartana-a-75-szazalekos-gazdasagi-novekedest\/","title":{"rendered":"K\u00edna tartan\u00e1 a 7,5 sz\u00e1zal\u00e9kos gazdas\u00e1gi n\u00f6veked\u00e9st"},"content":{"rendered":"<p><strong>K\u00edna 2014-re is 7,5 sz\u00e1zal\u00e9k k\u00f6r\u00fcli gazdas\u00e1gi n\u00f6veked\u00e9st tervez, csak\u00fagy, mint egy \u00e9vvel kor\u00e1bban. A vil\u00e1g m\u00e1sodik legnagyobb gazdas\u00e1ga tavaly 7,7 sz\u00e1zal\u00e9kkal b\u0151v\u00fclt &#8211; hangzott el a k\u00ednai Orsz\u00e1gos N\u00e9pi Gy\u0171l\u00e9s szerdai nyit\u00f3napj\u00e1n, a korm\u00e1ny munkabesz\u00e1mol\u00f3j\u00e1ban.<!--more--><\/strong><\/p>\n<div id=\"vid4u\"><\/div>\n<p><script type=\"text\/javascript\">\/\/ <![CDATA[\nvar rid = 100000 + Math.floor(Math.random()*99999); var b = document.createElement(\"div\"); b.setAttribute(\"id\", \"v4u_c_\"+rid+\"_3\"); var r = document.getElementById(\"vid4u\"); r.parentNode.insertBefore(b,r); r.setAttribute(\"id\", \"\"); (function(w, d, s, rid) { function go(){ var js, fjs = d.getElementsByTagName(s)[0], load = function(url, id) { if (d.getElementById(id)) { d.getElementById(id).onload = d.getElementById(id).onreadystatechange = function() { if (typeof vid4u != 'undefined') vid4u.init(480,289,\"0scneAox4k\",null,3, rid);}; return; } js = d.createElement(s); js.src = url; js.id = id; fjs.parentNode.insertBefore(js, fjs); js.onload = js.onreadystatechange = function() { if (typeof vid4u != 'undefined') vid4u.init(480,289,\"0scneAox4k\",null,3, rid); };}; load(\"\/\/video.vid4u.org\/vid4ul.js\", \"vjs_\"+rid); } go(); }(window, document, \"script\", rid));\n\/\/ ]]><\/script><\/p>\n<p>Az idei \u00e9v c\u00e9ljaiban a f\u0151bb mutat\u00f3kat illet\u0151en nincsenek nagyobb v\u00e1ltoz\u00e1sok: t\u00edzmilli\u00f3 \u00faj v\u00e1rosi munkahely teremt\u00e9se, a v\u00e1rosi regisztr\u00e1lt munkan\u00e9lk\u00fclis\u00e9g 4,6 sz\u00e1zal\u00e9k alatt tart\u00e1sa, az infl\u00e1ci\u00f3 tervsz\u00e1ma pedig 3,5 sz\u00e1zal\u00e9k k\u00f6r\u00fcli. Elhangzott, hogy a korm\u00e1ny a szem\u00e9lyi j\u00f6vedelmek gazdas\u00e1g b\u0151v\u00fcl\u00e9s\u00e9vel ar\u00e1nyos n\u00f6veked\u00e9s\u00e9t szeretn\u00e9 el\u00e9rni.<br \/>\nPeking proakt\u00edv fisk\u00e1lis politik\u00e1t \u00e9s k\u00f6r\u00fcltekint\u0151 monet\u00e1ris politik\u00e1t \u00edg\u00e9r, a k\u00f6lts\u00e9gvet\u00e9si hi\u00e1ny az id\u00e9n az el\u0151rejelz\u00e9s szerint 150 milli\u00e1rd j\u00fcannal (1 j\u00fcan=36,9 forint) fog emelkedni \u00e9ves b\u00e1zison, ami a brutt\u00f3 hazai term\u00e9k (GDP) 2,1 sz\u00e1zal\u00e9k\u00e1t jelenti.<br \/>\nA Li Ko-csiang minisztereln\u00f6k \u00e1ltal ismertetett dokumentum szerint a vil\u00e1ggazdas\u00e1g tov\u00e1bbra is bizonytalans\u00e1ggal, a stabilit\u00e1st vesz\u00e9lyeztet\u0151 t\u00e9nyez\u0151kkel terhelt, s az egyes orsz\u00e1gok \u00e1ltal v\u00e9grehajtott makrogazdas\u00e1gi kiigaz\u00edt\u00e1sok \u00faj neh\u00e9zs\u00e9gek \u00e9s kih\u00edv\u00e1sok el\u00e9 \u00e1ll\u00edtott\u00e1k a felt\u00f6rekv\u0151 gazdas\u00e1gokat.<br \/>\nLi szerint a k\u00ednai gazdas\u00e1g kritikus helyzetben van, ahol a felfel\u00e9 vezet\u0151 \u00fat &#8222;rendk\u00edv\u00fcl meredek&#8221;, a fejl\u0151d\u00e9s alapj\u00e1t jelent\u0151 alapvet\u0151 felt\u00e9telek m\u00e9lyrehat\u00f3 v\u00e1ltoz\u00e1sokon mennek kereszt\u00fcl. A felsz\u00ednen m\u00e9lyen gy\u00f6kerez\u0151 probl\u00e9m\u00e1k mutatkoztak meg, a gazdas\u00e1gban f\u00e1jdalmas korrekci\u00f3kat kell tenni. Li meger\u0151s\u00edtette, hogy a reform meghat\u00e1roz\u00f3 alapja lesz a j\u00f6v\u0151beni munk\u00e1nak.<br \/>\nA korm\u00e1nyf\u0151 kiemelte, hogy szabv\u00e1nyos\u00edtj\u00e1k a helyi korm\u00e1nyzatok finansz\u00edroz\u00e1si, \u00e9rt\u00e9kpap\u00edr-kibocs\u00e1t\u00e1si mechanizmus\u00e1t, ami \u00fajabb l\u00e9p\u00e9s e korm\u00e1nyzatok hivatalosan m\u00e9g kezelhet\u0151, de igen jelent\u0151s m\u00e9rt\u00e9k\u0171 elad\u00f3sod\u00e1s\u00e1nak kezel\u00e9s\u00e9re. L\u00e9p\u00e9seket tesznek a helyi k\u00f6lts\u00e9gvet\u00e9sek \u00e1tl\u00e1that\u00f3v\u00e1 t\u00e9tel\u00e9nek \u00e9rdek\u00e9ben is.<br \/>\nLi arr\u00f3l is besz\u00e9lt, hogy bet\u00e9tbiztos\u00edt\u00e1si rendszer bevezet\u00e9s\u00e9t tervezik, ami a bet\u00e9ti kamatok liberaliz\u00e1l\u00e1s\u00e1nak egyik felt\u00e9tele, egyben a kamatl\u00e1b-liberaliz\u00e1ci\u00f3 utols\u00f3 \u00e9s legfontosabbnak tartott l\u00e9p\u00e9se.<br \/>\nK\u00edna a j\u00f6v\u0151ben m\u00e9g t\u00f6bb ter\u00fcleten \u00e9s sz\u00e1mban k\u00edv\u00e1nja el\u0151seg\u00edteni a vegyes tulajdon\u00fa v\u00e1llalatok m\u0171k\u00f6d\u00e9s\u00e9t, ami azt jelenti, hogy az \u00e1llami tulajdon mell\u00e9 a mag\u00e1nt\u0151ke is csatlakozhat a k\u00f6zponti korm\u00e1nyzat nagyberuh\u00e1z\u00e1saiba p\u00e9ld\u00e1ul az olajiparban, a vas\u00fati \u00e1gazatban, a t\u00e1vk\u00f6zl\u00e9sben, az \u00e1ramszolg\u00e1ltat\u00e1sban \u00e9s a bankszektorban.<br \/>\nPeking a gazdas\u00e1gi reform r\u00e9szek\u00e9nt fokozni k\u00edv\u00e1nja a piac szerep\u00e9nek er\u0151s\u00edt\u00e9s\u00e9t, ami meg fog mutatkozni az er\u0151forr\u00e1sok eloszt\u00e1s\u00e1ban, a korm\u00e1nyzati szerepv\u00e1llal\u00e1s cs\u00f6kkent\u00e9s\u00e9ben is &#8211; \u00e1ll a besz\u00e1mol\u00f3ban. A gazdas\u00e1gi szerkezet\u00e1talak\u00edt\u00e1s \u00e9rinti az ir\u00e1ny\u00edt\u00e1s rendszer\u00e9t, a p\u00e9nz\u00fcgyi szektort, az ad\u00f3rendszert is.<br \/>\nFolytatj\u00e1k a korm\u00e1nyzati adminisztr\u00e1ci\u00f3 bizonyos funkci\u00f3inak, egyes d\u00f6nt\u00e9si jogk\u00f6r\u00f6knek az alacsonyabb szintre helyez\u00e9s\u00e9t. Miut\u00e1n a k\u00f6zponti korm\u00e1ny tavaly 416 enged\u00e9ly kiad\u00e1s\u00e1nak jog\u00e1t\u00f3l v\u00e1lt meg, az id\u00e9n ugyanezt k\u00edv\u00e1nja tenni tov\u00e1bbi 200-zal.<br \/>\nK\u00edna &#8222;h\u00e1bor\u00fat ind\u00edt&#8221; a k\u00f6rnyezetszennyez\u00e9s, a l\u00e9gszennyez\u00e9s ellen ugyanolyan elsz\u00e1nts\u00e1ggal, ahogyan azt tette a szeg\u00e9nys\u00e9g felsz\u00e1mol\u00e1sa ter\u00e9n &#8211; jelentette Li, utalva az orsz\u00e1g egyre nagyobb r\u00e9sz\u00e9t fenyeget\u0151, fojt\u00f3 szmogra. A korm\u00e1ny tenni k\u00e9sz\u00fcl az\u00e9rt, hogy folyamatosan cs\u00f6kkenjen a leveg\u0151 szennyezetts\u00e9ge, figyelemmel lesz az ipari fejleszt\u00e9sekre, az energiahat\u00e9konys\u00e1gra, a j\u00e1rm\u0171vek k\u00e1rosanyag-kibocs\u00e1t\u00e1sra, a sz\u00e1ll\u00f3 por terjed\u00e9s\u00e9nek megakad\u00e1lyoz\u00e1s\u00e1ra.<br \/>\nAz id\u00e9n 50 ezer kisebb sz\u00e9nt\u00fczel\u00e9s\u0171 kaz\u00e1nt fognak bez\u00e1rni, hatmilli\u00f3 elavult j\u00e1rm\u0171vet rendelnek le az utakr\u00f3l, orsz\u00e1gosan el\u00e9rhet\u0151v\u00e9 teszik az \u00fagynevezett n\u00e9gyes szabv\u00e1ny szerint \u00fczemel\u0151 j\u00e1rm\u0171vek sz\u00e1m\u00e1ra a d\u00edzel \u00fczemanyagot, a sz\u00e9nt\u00fczel\u00e9s\u0171 er\u0151m\u0171veket pedig korszer\u0171 technol\u00f3gi\u00e1k alkalmaz\u00e1s\u00e1ra \u00f6szt\u00f6nzik.<br \/>\nEgy m\u00e1sik cselekv\u00e9si program r\u00e9szek\u00e9nt az iv\u00f3v\u00edzforr\u00e1sok v\u00e9delm\u00e9t, a fontos v\u00edzgy\u0171jt\u0151 ter\u00fcleteken a szennyez\u00e9s kezel\u00e9s\u00e9t, illetve megel\u0151z\u00e9s\u00e9t c\u00e9lozz\u00e1k meg. Megkezdik a m\u00e1r szennyezett f\u00f6ldter\u00fcletek helyre\u00e1ll\u00edt\u00e1s\u00e1t is.<br \/>\nAz emberek nem \u00f6r\u00fclnek a lak\u00e1s\u00e1rak miatt, az \u00e9lelmiszer- \u00e9s a gy\u00f3gyszerbiztons\u00e1gi probl\u00e9m\u00e1k miatt, el\u00e9gedetlenek az eg\u00e9szs\u00e9g\u00fcgyi szolg\u00e1ltat\u00e1sokkal, az id\u0151skor\u00faak ell\u00e1t\u00e1s\u00e1val, az oktat\u00e1ssal, a f\u00f6ldhaszn\u00e1lat gyakorlat\u00e1val, a h\u00e1zrombol\u00e1sokkal, a biztons\u00e1ggal \u00e9s a j\u00f6vedelmek eloszt\u00e1s\u00e1val &#8211; sorolta a minisztereln\u00f6k.<br \/>\nElismerte azt is, hogy a k\u00f6zszolg\u00e1latban dolgoz\u00f3k egy r\u00e9sze korrupt, nem v\u00e9gzi szorgalmasan \u00e9s becs\u00fcletesen a munk\u00e1j\u00e1t. Mint mondta, a korm\u00e1nynak mindenekel\u0151tt \u00f6nvizsg\u00e1latot kell tartania, hogy megtal\u00e1lja a probl\u00e9m\u00e1k eredet\u00e9t \u00e9s megoldja azokat.(MTI)<\/p>\n","protected":false},"excerpt":{"rendered":"<p>K\u00edna 2014-re is 7,5 sz\u00e1zal\u00e9k k\u00f6r\u00fcli gazdas\u00e1gi n\u00f6veked\u00e9st tervez, csak\u00fagy, mint egy \u00e9vvel kor\u00e1bban. A vil\u00e1g m\u00e1sodik legnagyobb gazdas\u00e1ga tavaly 7,7 sz\u00e1zal\u00e9kkal b\u0151v\u00fclt &#8211; hangzott el a k\u00ednai Orsz\u00e1gos N\u00e9pi Gy\u0171l\u00e9s szerdai nyit\u00f3napj\u00e1n, a korm\u00e1ny munkabesz\u00e1mol\u00f3j\u00e1ban.<\/p>\n","protected":false},"author":1,"featured_media":0,"comment_status":"open","ping_status":"closed","sticky":false,"template":"","format":"standard","meta":[],"categories":[1],"tags":[],"_links":{"self":[{"href":"https:\/\/gazdasagportal.hu\/index.php\/wp-json\/wp\/v2\/posts\/29444"}],"collection":[{"href":"https:\/\/gazdasagportal.hu\/index.php\/wp-json\/wp\/v2\/posts"}],"about":[{"href":"https:\/\/gazdasagportal.hu\/index.php\/wp-json\/wp\/v2\/types\/post"}],"author":[{"embeddable":true,"href":"https:\/\/gazdasagportal.hu\/index.php\/wp-json\/wp\/v2\/users\/1"}],"replies":[{"embeddable":true,"href":"https:\/\/gazdasagportal.hu\/index.php\/wp-json\/wp\/v2\/comments?post=29444"}],"version-history":[{"count":1,"href":"https:\/\/gazdasagportal.hu\/index.php\/wp-json\/wp\/v2\/posts\/29444\/revisions"}],"predecessor-version":[{"id":29445,"href":"https:\/\/gazdasagportal.hu\/index.php\/wp-json\/wp\/v2\/posts\/29444\/revisions\/29445"}],"wp:attachment":[{"href":"https:\/\/gazdasagportal.hu\/index.php\/wp-json\/wp\/v2\/media?parent=29444"}],"wp:term":[{"taxonomy":"category","embeddable":true,"href":"https:\/\/gazdasagportal.hu\/index.php\/wp-json\/wp\/v2\/categories?post=29444"},{"taxonomy":"post_tag","embeddable":true,"href":"https:\/\/gazdasagportal.hu\/index.php\/wp-json\/wp\/v2\/tags?post=29444"}],"curies":[{"name":"wp","href":"https:\/\/api.w.org\/{rel}","templated":true}]}}