{"id":29442,"date":"2014-03-05T10:39:21","date_gmt":"2014-03-05T09:39:21","guid":{"rendered":"http:\/\/stockportal.hu\/?p=29442"},"modified":"2014-03-05T09:34:34","modified_gmt":"2014-03-05T08:34:34","slug":"ukran-valsag-a-kijevi-kulugyminiszterium-szerint-putyin-felretajekoztatja-a-kozvelemenyt","status":"publish","type":"post","link":"https:\/\/gazdasagportal.hu\/index.php\/ukran-valsag-a-kijevi-kulugyminiszterium-szerint-putyin-felretajekoztatja-a-kozvelemenyt\/","title":{"rendered":"Ukr\u00e1n v\u00e1ls\u00e1g &#8211; A kijevi k\u00fcl\u00fcgyminiszt\u00e9rium szerint Putyin f\u00e9lret\u00e1j\u00e9koztatja a k\u00f6zv\u00e9lem\u00e9nyt"},"content":{"rendered":"<p><strong>Az ukr\u00e1n k\u00fcl\u00fcgyminiszt\u00e9rium azzal v\u00e1dolta Vlagyimir Putyin orosz eln\u00f6k\u00f6t, hogy a kr\u00edmi esem\u00e9nyekkel kapcsolatosan f\u00e9lret\u00e1j\u00e9koztatja a k\u00f6zv\u00e9lem\u00e9nyt.<!--more--><\/strong><\/p>\n<div id=\"vid4u\"><\/div>\n<p><script type=\"text\/javascript\">\/\/ <![CDATA[\nvar rid = 100000 + Math.floor(Math.random()*99999); var b = document.createElement(\"div\"); b.setAttribute(\"id\", \"v4u_c_\"+rid+\"_3\"); var r = document.getElementById(\"vid4u\"); r.parentNode.insertBefore(b,r); r.setAttribute(\"id\", \"\"); (function(w, d, s, rid) { function go(){ var js, fjs = d.getElementsByTagName(s)[0], load = function(url, id) { if (d.getElementById(id)) { d.getElementById(id).onload = d.getElementById(id).onreadystatechange = function() { if (typeof vid4u != 'undefined') vid4u.init(480,289,\"0scneAox4k\",null,3, rid);}; return; } js = d.createElement(s); js.src = url; js.id = id; fjs.parentNode.insertBefore(js, fjs); js.onload = js.onreadystatechange = function() { if (typeof vid4u != 'undefined') vid4u.init(480,289,\"0scneAox4k\",null,3, rid); };}; load(\"\/\/video.vid4u.org\/vid4ul.js\", \"vjs_\"+rid); } go(); }(window, document, \"script\", rid));\n\/\/ ]]><\/script><\/p>\n<p>Az UNIAN h\u00edr\u00fcgyn\u00f6ks\u00e9g szerint Jevhen Perebijnyisz ukr\u00e1n k\u00fcl\u00fcgyi sz\u00f3viv\u0151 kedd esti sajt\u00f3t\u00e1j\u00e9koztat\u00f3j\u00e1n reag\u00e1lt Putyin aznapi moszkvai sajt\u00f3konferenci\u00e1j\u00e1n elhangzottakra.<br \/>\nPerebijnyisz szerint Putyin ism\u00e9t tagadta azt, hogy orosz katon\u00e1k tart\u00f3zkodnak Ukrajna ter\u00fclet\u00e9n, mik\u00f6zben sz\u00e1mos t\u00e9v\u00e9s felv\u00e9tel \u00e9s internetfelhaszn\u00e1l\u00f3k \u00e1ltal k\u00f6zz\u00e9tett f\u00e9nyk\u00e9p az ellenkez\u0151j\u00e9r\u0151l tan\u00faskodik, r\u00e1ad\u00e1sul n\u00e9ha maguk az orosz katon\u00e1k se rejtik v\u00e9ka al\u00e1 \u00e1llampolg\u00e1rs\u00e1gukat.<br \/>\nAz UNIAN h\u00edr\u00fcgyn\u00f6ks\u00e9g mintegy meger\u0151s\u00edtve a k\u00fcl\u00fcgyi sz\u00f3viv\u0151 \u00e1ll\u00edt\u00e1s\u00e1t megsz\u00f3laltatta az egyik kr\u00edmi egys\u00e9g fels\u00e9gjelz\u00e9st nem visel\u0151 parancsnok\u00e1t, aki a tud\u00f3s\u00edt\u00f3 keresztk\u00e9rd\u00e9seibe belezavarodva v\u00e9g\u00fcl elismerte, hogy az orosz hadsereg katon\u00e1ja, \u00e9s az\u00e9rt \u00e9rkezett egys\u00e9g\u00e9vel Ukrajn\u00e1ba, hogy megakad\u00e1lyozza az \u00e1ll\u00edt\u00f3lagos terrorcselekm\u00e9nyeket. A felv\u00e9telt k\u00f6zz\u00e9tette honlapj\u00e1n az ukr\u00e1n h\u00edr\u00fcgyn\u00f6ks\u00e9g.<br \/>\nPerebijnyisz szerint az orosz kultur\u00e1lis t\u00e1rca vezet\u0151je is megt\u00e9veszti Oroszorsz\u00e1g polg\u00e1rait. Perebijnyisz szerint nem lehet m\u00e1sk\u00e9nt, mint &#8222;g\u00fanyol\u00f3d\u00e1snak&#8221; min\u0151s\u00edteni azt, hogy Vlagyimir Megyinszkij miniszter nyilatkozat\u00e1ban arra sz\u00f3l\u00edtotta az orosz \u00e1llampolg\u00e1rokat, hogy \u00fcd\u00fcljenek a Kr\u00edmben, mert az jelenleg Ukrajna legbiztons\u00e1gosabb r\u00e9gi\u00f3ja.<br \/>\nA sz\u00f3viv\u0151 szerint nem fedik a val\u00f3s\u00e1got azoknak a moszkvai korm\u00e1nyillet\u00e9keseknek a nyilatkozatai sem, akik azt \u00e1ll\u00edtj\u00e1k, hogy a Kr\u00edmben b\u00e1ntalmazz\u00e1k \u00e9s \u00f6lik az orosz \u00e1llampolg\u00e1rokat. Mint mondta, az orosz ombudsman sem fordult ilyen panasszal kijevi koll\u00e9g\u00e1j\u00e1hoz.(MTI)<\/p>\n<p><a title=\"Hely megnyit\u00e1sa\" href=\"http:\/\/www.unian.net\/politics\/892974-mid-ukrainyi-obvinyaet-putina-v-dezinformatsii-otnositelno-sobyitiy-v-kryimu.html\" target=\"_blank\" rel=\"noopener\">http:\/\/www.unian.net\/politics\/892974-mid-ukrainyi-obvinyaet-putina-v-dezinformatsii-otnositelno-sobyitiy-v-kryimu.html<\/a><\/p><div id=\"gazda-2629966778\" class=\"gazda-tartalomban gazda-entity-placement\"><script async src=\"https:\/\/pagead2.googlesyndication.com\/pagead\/js\/adsbygoogle.js\"><\/script>\r\n<ins class=\"adsbygoogle\"\r\n     style=\"display:block\"\r\n     data-ad-format=\"fluid\"\r\n     data-ad-layout-key=\"-6t+ed+2i-1n-4w\"\r\n     data-ad-client=\"ca-pub-1959107119989764\"\r\n     data-ad-slot=\"4008251320\"><\/ins>\r\n<script>\r\n     (adsbygoogle = window.adsbygoogle || []).push({});\r\n<\/script><\/div>\n","protected":false},"excerpt":{"rendered":"<p>Az ukr\u00e1n k\u00fcl\u00fcgyminiszt\u00e9rium azzal v\u00e1dolta Vlagyimir Putyin orosz eln\u00f6k\u00f6t, hogy a kr\u00edmi esem\u00e9nyekkel kapcsolatosan f\u00e9lret\u00e1j\u00e9koztatja a k\u00f6zv\u00e9lem\u00e9nyt.<\/p>\n","protected":false},"author":1,"featured_media":0,"comment_status":"open","ping_status":"closed","sticky":false,"template":"","format":"standard","meta":[],"categories":[139],"tags":[],"_links":{"self":[{"href":"https:\/\/gazdasagportal.hu\/index.php\/wp-json\/wp\/v2\/posts\/29442"}],"collection":[{"href":"https:\/\/gazdasagportal.hu\/index.php\/wp-json\/wp\/v2\/posts"}],"about":[{"href":"https:\/\/gazdasagportal.hu\/index.php\/wp-json\/wp\/v2\/types\/post"}],"author":[{"embeddable":true,"href":"https:\/\/gazdasagportal.hu\/index.php\/wp-json\/wp\/v2\/users\/1"}],"replies":[{"embeddable":true,"href":"https:\/\/gazdasagportal.hu\/index.php\/wp-json\/wp\/v2\/comments?post=29442"}],"version-history":[{"count":1,"href":"https:\/\/gazdasagportal.hu\/index.php\/wp-json\/wp\/v2\/posts\/29442\/revisions"}],"predecessor-version":[{"id":29443,"href":"https:\/\/gazdasagportal.hu\/index.php\/wp-json\/wp\/v2\/posts\/29442\/revisions\/29443"}],"wp:attachment":[{"href":"https:\/\/gazdasagportal.hu\/index.php\/wp-json\/wp\/v2\/media?parent=29442"}],"wp:term":[{"taxonomy":"category","embeddable":true,"href":"https:\/\/gazdasagportal.hu\/index.php\/wp-json\/wp\/v2\/categories?post=29442"},{"taxonomy":"post_tag","embeddable":true,"href":"https:\/\/gazdasagportal.hu\/index.php\/wp-json\/wp\/v2\/tags?post=29442"}],"curies":[{"name":"wp","href":"https:\/\/api.w.org\/{rel}","templated":true}]}}