{"id":29374,"date":"2014-03-04T12:03:34","date_gmt":"2014-03-04T11:03:34","guid":{"rendered":"http:\/\/stockportal.hu\/?p=29374"},"modified":"2014-03-04T11:36:38","modified_gmt":"2014-03-04T10:36:38","slug":"ukran-valsag-jacenyukkal-is-egyeztetnek-az-unios-allam-es-kormanyfok","status":"publish","type":"post","link":"https:\/\/gazdasagportal.hu\/index.php\/ukran-valsag-jacenyukkal-is-egyeztetnek-az-unios-allam-es-kormanyfok\/","title":{"rendered":"Ukr\u00e1n v\u00e1ls\u00e1g &#8211; Jacenyukkal is egyeztetnek az uni\u00f3s \u00e1llam- \u00e9s korm\u00e1nyf\u0151k"},"content":{"rendered":"<p><strong>A cs\u00fct\u00f6rt\u00f6ki rendk\u00edv\u00fcli EU-cs\u00facsot megel\u0151z\u0151en az Eur\u00f3pai Uni\u00f3 \u00e1llam- \u00e9s korm\u00e1nyf\u0151i Arszenyij Jacenyuk ukr\u00e1n minisztereln\u00f6kkel is \u00e1tbesz\u00e9lik az Ukrajn\u00e1ban kialakult helyzetet &#8211; jelentette be kedden a Twitteren Herman Van Rompuy, az Eur\u00f3pai Tan\u00e1cs eln\u00f6ke.<!--more--><\/strong><\/p>\n<div id=\"vid4u\"><\/div>\n<p><script type=\"text\/javascript\">\/\/ <![CDATA[\nvar rid = 100000 + Math.floor(Math.random()*99999); var b = document.createElement(\"div\"); b.setAttribute(\"id\", \"v4u_c_\"+rid+\"_3\"); var r = document.getElementById(\"vid4u\"); r.parentNode.insertBefore(b,r); r.setAttribute(\"id\", \"\"); (function(w, d, s, rid) { function go(){ var js, fjs = d.getElementsByTagName(s)[0], load = function(url, id) { if (d.getElementById(id)) { d.getElementById(id).onload = d.getElementById(id).onreadystatechange = function() { if (typeof vid4u != 'undefined') vid4u.init(480,289,\"0scneAox4k\",null,3, rid);}; return; } js = d.createElement(s); js.src = url; js.id = id; fjs.parentNode.insertBefore(js, fjs); js.onload = js.onreadystatechange = function() { if (typeof vid4u != 'undefined') vid4u.init(480,289,\"0scneAox4k\",null,3, rid); };}; load(\"\/\/video.vid4u.org\/vid4ul.js\", \"vjs_\"+rid); } go(); }(window, document, \"script\", rid));\n\/\/ ]]><\/script><\/p>\n<p>A volt belga minisztereln\u00f6k h\u00e9tf\u0151n d\u00e9lut\u00e1n jelentette be, hogy az ukr\u00e1n v\u00e1ls\u00e1g megvitat\u00e1s\u00e1ra rendk\u00edv\u00fcli uni\u00f3s cs\u00facsot h\u00edvott \u00f6ssze.(MTI)<\/p>\n","protected":false},"excerpt":{"rendered":"<p>A cs\u00fct\u00f6rt\u00f6ki rendk\u00edv\u00fcli EU-cs\u00facsot megel\u0151z\u0151en az Eur\u00f3pai Uni\u00f3 \u00e1llam- \u00e9s korm\u00e1nyf\u0151i Arszenyij Jacenyuk ukr\u00e1n minisztereln\u00f6kkel is \u00e1tbesz\u00e9lik az Ukrajn\u00e1ban kialakult helyzetet &#8211; jelentette be kedden a Twitteren Herman Van Rompuy, az Eur\u00f3pai Tan\u00e1cs eln\u00f6ke.<\/p>\n","protected":false},"author":1,"featured_media":0,"comment_status":"open","ping_status":"closed","sticky":false,"template":"","format":"standard","meta":[],"categories":[139],"tags":[],"_links":{"self":[{"href":"https:\/\/gazdasagportal.hu\/index.php\/wp-json\/wp\/v2\/posts\/29374"}],"collection":[{"href":"https:\/\/gazdasagportal.hu\/index.php\/wp-json\/wp\/v2\/posts"}],"about":[{"href":"https:\/\/gazdasagportal.hu\/index.php\/wp-json\/wp\/v2\/types\/post"}],"author":[{"embeddable":true,"href":"https:\/\/gazdasagportal.hu\/index.php\/wp-json\/wp\/v2\/users\/1"}],"replies":[{"embeddable":true,"href":"https:\/\/gazdasagportal.hu\/index.php\/wp-json\/wp\/v2\/comments?post=29374"}],"version-history":[{"count":1,"href":"https:\/\/gazdasagportal.hu\/index.php\/wp-json\/wp\/v2\/posts\/29374\/revisions"}],"predecessor-version":[{"id":29375,"href":"https:\/\/gazdasagportal.hu\/index.php\/wp-json\/wp\/v2\/posts\/29374\/revisions\/29375"}],"wp:attachment":[{"href":"https:\/\/gazdasagportal.hu\/index.php\/wp-json\/wp\/v2\/media?parent=29374"}],"wp:term":[{"taxonomy":"category","embeddable":true,"href":"https:\/\/gazdasagportal.hu\/index.php\/wp-json\/wp\/v2\/categories?post=29374"},{"taxonomy":"post_tag","embeddable":true,"href":"https:\/\/gazdasagportal.hu\/index.php\/wp-json\/wp\/v2\/tags?post=29374"}],"curies":[{"name":"wp","href":"https:\/\/api.w.org\/{rel}","templated":true}]}}