{"id":29372,"date":"2014-03-04T12:33:27","date_gmt":"2014-03-04T11:33:27","guid":{"rendered":"http:\/\/stockportal.hu\/?p=29372"},"modified":"2014-03-04T11:35:12","modified_gmt":"2014-03-04T10:35:12","slug":"a-nemet-iparban-40-ezer-munkahely-johet-letre-az-iden","status":"publish","type":"post","link":"https:\/\/gazdasagportal.hu\/index.php\/a-nemet-iparban-40-ezer-munkahely-johet-letre-az-iden\/","title":{"rendered":"A n\u00e9met iparban 40 ezer munkahely j\u00f6het l\u00e9tre az id\u00e9n"},"content":{"rendered":"<p><strong>N\u00e9metorsz\u00e1gban 40 ezer munkahelyet hozhatnak l\u00e9tre az iparv\u00e1llalatok a n\u00e9met ipari \u00e9s kereskedelmi kamar\u00e1k sz\u00f6vets\u00e9g\u00e9nek (DIHK) felm\u00e9r\u00e9se szerint.<!--more--><\/strong><\/p>\n<div id=\"vid4u\"><\/div>\n<p><script type=\"text\/javascript\">\/\/ <![CDATA[\nvar rid = 100000 + Math.floor(Math.random()*99999); var b = document.createElement(\"div\"); b.setAttribute(\"id\", \"v4u_c_\"+rid+\"_3\"); var r = document.getElementById(\"vid4u\"); r.parentNode.insertBefore(b,r); r.setAttribute(\"id\", \"\"); (function(w, d, s, rid) { function go(){ var js, fjs = d.getElementsByTagName(s)[0], load = function(url, id) { if (d.getElementById(id)) { d.getElementById(id).onload = d.getElementById(id).onreadystatechange = function() { if (typeof vid4u != 'undefined') vid4u.init(480,289,\"0scneAox4k\",null,3, rid);}; return; } js = d.createElement(s); js.src = url; js.id = id; fjs.parentNode.insertBefore(js, fjs); js.onload = js.onreadystatechange = function() { if (typeof vid4u != 'undefined') vid4u.init(480,289,\"0scneAox4k\",null,3, rid); };}; load(\"\/\/video.vid4u.org\/vid4ul.js\", \"vjs_\"+rid); } go(); }(window, document, \"script\", rid));\n\/\/ ]]><\/script><\/p>\n<p>Az \u00e9rdekk\u00e9pviselet 7800 c\u00e9g megk\u00e9rdez\u00e9s\u00e9vel v\u00e9gzett felm\u00e9r\u00e9se alapj\u00e1n az \u00e1gazat der\u0171l\u00e1t\u00f3, a v\u00e1llalatok t\u00f6bbs\u00e9ge az egy \u00e9vvel kor\u00e1bbin\u00e1l kedvez\u0151bbnek \u00edt\u00e9li meg a kil\u00e1t\u00e1sokat, \u00e9s csup\u00e1n 10 sz\u00e1zal\u00e9k sz\u00e1m\u00edt rosszabb \u00fczletmenetre, mint 2013-ban &#8211; emelte ki az eredm\u00e9nyek k\u00f6z\u00fcl kedden a S\u00fcddeutsche Zeitung.<br \/>\nAz ipar az export mellett az \u00e9l\u00e9nk\u00fcl\u0151 hazai keresletre is t\u00e1maszkodhat, \u00e9s az id\u00e9n is a n\u00e9met gazdas\u00e1g els\u0151 sz\u00e1m\u00fa h\u00faz\u00f3\u00e1gazata lehet &#8211; mondta a m\u00fcncheni lapnak Martin Wansleben, a DIHK \u00fcgyvezet\u0151 igazgat\u00f3ja.<br \/>\nAz Egyes\u00fclt \u00c1llamokban, Kelet-Eur\u00f3p\u00e1ban \u00e9s \u00c1zsi\u00e1ban b\u0151v\u00fcl a n\u00e9met ipar term\u00e9kei ir\u00e1nti kereslet, az eur\u00f3\u00f6vezet pedig hossz\u00fa \u00e9vek ut\u00e1n az id\u00e9n m\u00e1r nem f\u00e9kezi az exportot a c\u00e9gek v\u00e1rakoz\u00e1sa szerint. Ugyanakkor t\u00f6bb nagy felt\u00f6rekv\u0151 piacon,p\u00e9ld\u00e1ul Braz\u00edli\u00e1ban, K\u00edn\u00e1ban \u00e9s Indi\u00e1ban lassul a n\u00f6veked\u00e9s, ami azt jelzi, hogy ezekben az orsz\u00e1gokban a gazdas\u00e1gfejleszt\u00e9s modellje &#8222;lassan el\u00e9ri a lehet\u0151s\u00e9gei hat\u00e1r\u00e1t, \u00e9s reformokra lesz sz\u00fcks\u00e9g&#8221; &#8211; emelte ki a DIHK vezet\u0151je.<br \/>\nA megk\u00e9rdezett c\u00e9gek 63 sz\u00e1zal\u00e9ka szerint a n\u00e9metorsz\u00e1gi energia- \u00e9s a nyersanyag\u00e1rak alakul\u00e1sa is kock\u00e1zatot jelent, \u00e9s egyre nagyobb gond a k\u00e9pzett munkaer\u0151 hi\u00e1nya. A v\u00e1llalatok csaknem egyharmad\u00e1n\u00e1l tartanak att\u00f3l, hogy nem tudj\u00e1k bet\u00f6lteni az \u00e1ll\u00e1sokat &#8211; mutatta ki a DIHK felm\u00e9r\u00e9se.<br \/>\nA szervezet legut\u00f3bbi progn\u00f3zisa szerint a n\u00e9met hazai \u00f6sszterm\u00e9k (GDP)\u00a0\u00a01,7 sz\u00e1zal\u00e9kkal n\u0151 2014-ben a tavalyi 0,4 sz\u00e1zal\u00e9k ut\u00e1n, az export pedig 4 sz\u00e1zal\u00e9kkal b\u0151v\u00fcl.(MTI)<\/p>\n","protected":false},"excerpt":{"rendered":"<p>N\u00e9metorsz\u00e1gban 40 ezer munkahelyet hozhatnak l\u00e9tre az iparv\u00e1llalatok a n\u00e9met ipari \u00e9s kereskedelmi kamar\u00e1k sz\u00f6vets\u00e9g\u00e9nek (DIHK) felm\u00e9r\u00e9se szerint.<\/p>\n","protected":false},"author":1,"featured_media":0,"comment_status":"open","ping_status":"closed","sticky":false,"template":"","format":"standard","meta":[],"categories":[12],"tags":[],"_links":{"self":[{"href":"https:\/\/gazdasagportal.hu\/index.php\/wp-json\/wp\/v2\/posts\/29372"}],"collection":[{"href":"https:\/\/gazdasagportal.hu\/index.php\/wp-json\/wp\/v2\/posts"}],"about":[{"href":"https:\/\/gazdasagportal.hu\/index.php\/wp-json\/wp\/v2\/types\/post"}],"author":[{"embeddable":true,"href":"https:\/\/gazdasagportal.hu\/index.php\/wp-json\/wp\/v2\/users\/1"}],"replies":[{"embeddable":true,"href":"https:\/\/gazdasagportal.hu\/index.php\/wp-json\/wp\/v2\/comments?post=29372"}],"version-history":[{"count":1,"href":"https:\/\/gazdasagportal.hu\/index.php\/wp-json\/wp\/v2\/posts\/29372\/revisions"}],"predecessor-version":[{"id":29373,"href":"https:\/\/gazdasagportal.hu\/index.php\/wp-json\/wp\/v2\/posts\/29372\/revisions\/29373"}],"wp:attachment":[{"href":"https:\/\/gazdasagportal.hu\/index.php\/wp-json\/wp\/v2\/media?parent=29372"}],"wp:term":[{"taxonomy":"category","embeddable":true,"href":"https:\/\/gazdasagportal.hu\/index.php\/wp-json\/wp\/v2\/categories?post=29372"},{"taxonomy":"post_tag","embeddable":true,"href":"https:\/\/gazdasagportal.hu\/index.php\/wp-json\/wp\/v2\/tags?post=29372"}],"curies":[{"name":"wp","href":"https:\/\/api.w.org\/{rel}","templated":true}]}}