{"id":29370,"date":"2014-03-04T11:40:25","date_gmt":"2014-03-04T10:40:25","guid":{"rendered":"http:\/\/stockportal.hu\/?p=29370"},"modified":"2014-03-04T10:41:25","modified_gmt":"2014-03-04T09:41:25","slug":"csokkent-a-munkanelkuliek-szama-februarban-spanyolorszagban","status":"publish","type":"post","link":"https:\/\/gazdasagportal.hu\/index.php\/csokkent-a-munkanelkuliek-szama-februarban-spanyolorszagban\/","title":{"rendered":"Cs\u00f6kkent a munkan\u00e9lk\u00fcliek sz\u00e1ma febru\u00e1rban Spanyolorsz\u00e1gban"},"content":{"rendered":"<p><strong>Az id\u00e9n febru\u00e1rban h\u00e9t \u00e9ve els\u0151 alkalommal cs\u00f6kkent a munkan\u00e9lk\u00fcliek sz\u00e1ma Spanyolorsz\u00e1gban &#8211; k\u00f6z\u00f6lte kedden a spanyol munka\u00fcgyi miniszt\u00e9rium.<!--more--><\/strong><\/p>\n<div id=\"vid4u\"><\/div>\n<p><script type=\"text\/javascript\">\/\/ <![CDATA[\nvar rid = 100000 + Math.floor(Math.random()*99999); var b = document.createElement(\"div\"); b.setAttribute(\"id\", \"v4u_c_\"+rid+\"_3\"); var r = document.getElementById(\"vid4u\"); r.parentNode.insertBefore(b,r); r.setAttribute(\"id\", \"\"); (function(w, d, s, rid) { function go(){ var js, fjs = d.getElementsByTagName(s)[0], load = function(url, id) { if (d.getElementById(id)) { d.getElementById(id).onload = d.getElementById(id).onreadystatechange = function() { if (typeof vid4u != 'undefined') vid4u.init(480,289,\"0scneAox4k\",null,3, rid);}; return; } js = d.createElement(s); js.src = url; js.id = id; fjs.parentNode.insertBefore(js, fjs); js.onload = js.onreadystatechange = function() { if (typeof vid4u != 'undefined') vid4u.init(480,289,\"0scneAox4k\",null,3, rid); };}; load(\"\/\/video.vid4u.org\/vid4ul.js\", \"vjs_\"+rid); } go(); }(window, document, \"script\", rid));\n\/\/ ]]><\/script><\/p>\n<p>Febru\u00e1rban 1949 f\u0151vel, 4,812 milli\u00f3ra cs\u00f6kkent a munkan\u00e9lk\u00fcliek sz\u00e1ma Spanyolorsz\u00e1gban, ami havi b\u00e1zison az els\u0151 cs\u00f6kken\u00e9s 2007 febru\u00e1rja, a spanyol p\u00e9nz\u00fcgyi-gazdas\u00e1gi v\u00e1ls\u00e1g kezdete \u00f3ta.<br \/>\nSzezon\u00e1lis kiigaz\u00edt\u00e1ssal 55 ezer 353 volt a cs\u00f6kken\u00e9s, ami a nyilv\u00e1ntart\u00e1s vezet\u00e9se \u00f3ta a legnagyobb m\u00e9rs\u00e9kl\u0151d\u00e9s. A szezon\u00e1lisan kiigaz\u00edtott \u00e9rt\u00e9k a hetedik egym\u00e1st k\u00f6vet\u0151 h\u00f3napban cs\u00f6kkent. Legut\u00f3bb 1999-ben volt p\u00e9lda a munkan\u00e9lk\u00fcliek szezon\u00e1lisan kiigaz\u00edtott sz\u00e1m\u00e1nak h\u00e9t egym\u00e1st k\u00f6vet\u0151 havi cs\u00f6kken\u00e9s\u00e9re.<br \/>\nA munkan\u00e9lk\u00fcliek sz\u00e1ma az id\u00e9n febru\u00e1rban 227 ezer 735 f\u0151vel, 2013 febru\u00e1rj\u00e1hoz k\u00e9pest 4,52 sz\u00e1zal\u00e9kkal cs\u00f6kkent. A munkan\u00e9lk\u00fcliek sz\u00e1ma &#8211; 12 h\u00f3napos \u00f6sszevet\u00e9sben &#8211; 2007 m\u00e1jusa \u00f3ta az els\u0151 alkalommal tavaly okt\u00f3berben cs\u00f6kkent.<br \/>\nA 25 \u00e9v alatti munkak\u00e9pes kor\u00fa lakoss\u00e1g k\u00f6r\u00e9ben az elm\u00falt 12 h\u00f3napban 51 ezer 159 f\u0151vel, 10,7 sz\u00e1zal\u00e9kkal cs\u00f6kkent a munkan\u00e9lk\u00fcliek sz\u00e1ma.(MTI)<\/p>\n","protected":false},"excerpt":{"rendered":"<p>Az id\u00e9n febru\u00e1rban h\u00e9t \u00e9ve els\u0151 alkalommal cs\u00f6kkent a munkan\u00e9lk\u00fcliek sz\u00e1ma Spanyolorsz\u00e1gban &#8211; k\u00f6z\u00f6lte kedden a spanyol munka\u00fcgyi miniszt\u00e9rium.<\/p>\n","protected":false},"author":1,"featured_media":0,"comment_status":"open","ping_status":"closed","sticky":false,"template":"","format":"standard","meta":[],"categories":[12],"tags":[],"_links":{"self":[{"href":"https:\/\/gazdasagportal.hu\/index.php\/wp-json\/wp\/v2\/posts\/29370"}],"collection":[{"href":"https:\/\/gazdasagportal.hu\/index.php\/wp-json\/wp\/v2\/posts"}],"about":[{"href":"https:\/\/gazdasagportal.hu\/index.php\/wp-json\/wp\/v2\/types\/post"}],"author":[{"embeddable":true,"href":"https:\/\/gazdasagportal.hu\/index.php\/wp-json\/wp\/v2\/users\/1"}],"replies":[{"embeddable":true,"href":"https:\/\/gazdasagportal.hu\/index.php\/wp-json\/wp\/v2\/comments?post=29370"}],"version-history":[{"count":1,"href":"https:\/\/gazdasagportal.hu\/index.php\/wp-json\/wp\/v2\/posts\/29370\/revisions"}],"predecessor-version":[{"id":29371,"href":"https:\/\/gazdasagportal.hu\/index.php\/wp-json\/wp\/v2\/posts\/29370\/revisions\/29371"}],"wp:attachment":[{"href":"https:\/\/gazdasagportal.hu\/index.php\/wp-json\/wp\/v2\/media?parent=29370"}],"wp:term":[{"taxonomy":"category","embeddable":true,"href":"https:\/\/gazdasagportal.hu\/index.php\/wp-json\/wp\/v2\/categories?post=29370"},{"taxonomy":"post_tag","embeddable":true,"href":"https:\/\/gazdasagportal.hu\/index.php\/wp-json\/wp\/v2\/tags?post=29370"}],"curies":[{"name":"wp","href":"https:\/\/api.w.org\/{rel}","templated":true}]}}