{"id":29089,"date":"2014-02-28T14:20:32","date_gmt":"2014-02-28T13:20:32","guid":{"rendered":"http:\/\/stockportal.hu\/?p=29089"},"modified":"2014-02-28T14:10:38","modified_gmt":"2014-02-28T13:10:38","slug":"ukran-valsag-moszkva-egyszerusiti-az-orosz-allampolgarsag-megszerzeset","status":"publish","type":"post","link":"https:\/\/gazdasagportal.hu\/index.php\/ukran-valsag-moszkva-egyszerusiti-az-orosz-allampolgarsag-megszerzeset\/","title":{"rendered":"Ukr\u00e1n v\u00e1ls\u00e1g &#8211; Moszkva egyszer\u0171s\u00edti az orosz \u00e1llampolg\u00e1rs\u00e1g megszerz\u00e9s\u00e9t"},"content":{"rendered":"<p><strong>Az orosz korm\u00e1ny j\u00f3v\u00e1hagyta p\u00e9nteken azt a t\u00f6rv\u00e9nym\u00f3dos\u00edt\u00e1si javaslatot, amely szerint egyszer\u0171s\u00edtett elj\u00e1r\u00e1sban kapn\u00e1nak orosz \u00e1llampolg\u00e1rs\u00e1got a k\u00fclf\u00f6ldi befektet\u0151k, v\u00e1llalkoz\u00f3k \u00e9s j\u00f3l k\u00e9pzett szakemberek. Az orosz parlament als\u00f3h\u00e1z\u00e1ba beny\u00fajtott m\u00e1sik t\u00f6rv\u00e9nym\u00f3dos\u00edt\u00e1si javaslat pedig kimondottan az ukrajnai oroszok sz\u00e1m\u00e1ra egyszer\u0171s\u00edten\u00e9 az \u00e1llampolg\u00e1rs\u00e1g megszerz\u00e9s\u00e9t.<!--more--><\/strong><\/p>\n<div id=\"vid4u\"><\/div>\n<p><script type=\"text\/javascript\">\/\/ <![CDATA[\nvar rid = 100000 + Math.floor(Math.random()*99999); var b = document.createElement(\"div\"); b.setAttribute(\"id\", \"v4u_c_\"+rid+\"_6\"); var r = document.getElementById(\"vid4u\"); r.parentNode.insertBefore(b,r); r.setAttribute(\"id\", \"\"); (function(w, d, s, rid) { function go(){ var js, fjs = d.getElementsByTagName(s)[0], load = function(url, id) { if (d.getElementById(id)) { d.getElementById(id).onload = d.getElementById(id).onreadystatechange = function() { if (typeof vid4u != 'undefined') vid4u.init(480,289,\"kQmdBRgsD0\",\"aijzwaA24H\",6, rid);}; return; } js = d.createElement(s); js.src = url; js.id = id; fjs.parentNode.insertBefore(js, fjs); js.onload = js.onreadystatechange = function() { if (typeof vid4u != 'undefined') vid4u.init(480,289,\"kQmdBRgsD0\",\"aijzwaA24H\",6, rid); };}; load(\"http:\/\/video.vid4u.org\/vid4ul.js\", \"vjs_\"+rid); } go(); }(window, document, \"script\", rid));\n\/\/ ]]><\/script><\/p>\n<p>Az orosz korm\u00e1ny m\u00e1r a m\u00falt cs\u00fct\u00f6rt\u00f6k\u00f6n megvitatta a tervezetet, amely &#8211; ha a parlament elfogadja a m\u00f3dos\u00edt\u00e1st, &#8211; &#8222;az orosz gazdas\u00e1g sz\u00e1m\u00e1ra fontos&#8221; k\u00fclf\u00f6ldi \u00e1llampolg\u00e1rok \u00e9s hontalanok sz\u00e1m\u00e1ra teremt majd lehet\u0151s\u00e9get, hogy a gyors\u00edtott elj\u00e1r\u00e1sban szerezz\u00e9k meg az orosz \u00e1llampolg\u00e1rs\u00e1got. Ennek legal\u00e1bb h\u00e1rom \u00e9ves oroszorsz\u00e1gi tart\u00f3zkod\u00e1s a felt\u00e9tele.<br \/>\nA t\u00f6rv\u00e9nym\u00f3dos\u00edt\u00e1s sz\u00fcks\u00e9gess\u00e9g\u00e9t a korm\u00e1nyban nem hozt\u00e1k \u00f6sszef\u00fcgg\u00e9sbe az ukrajnai esem\u00e9nyekkel \u00e9s az ottani orosz ajk\u00fa lakoss\u00e1g helyzet\u00e9vel. A h\u00e9ten azonban a liber\u00e1lis-demokrat\u00e1k m\u00e1r beny\u00fajtott\u00e1k a dum\u00e1ban azt a javaslatot, hogy a t\u00f6rv\u00e9nyhoz\u00e1s als\u00f3h\u00e1za egyszer\u0171s\u00edtse az orosz \u00e1llampolg\u00e1rs\u00e1g megszerz\u00e9s\u00e9t az ukr\u00e1n \u00e1llampolg\u00e1roknak.<br \/>\nUgyanezt akarja az ellenz\u00e9ki Igazs\u00e1gos Oroszorsz\u00e1g p\u00e1rt parlamenti k\u00e9pvisel\u0151csoportja is, amely szint\u00e9n beny\u00fajtotta t\u00f6rv\u00e9nym\u00f3dos\u00edt\u00f3 javaslat\u00e1t a parlamentnek. Eszerint nem t\u00f6bb mint k\u00e9t h\u00f3nap alatt meg kellene adni azoknak az ukr\u00e1noknak is az orosz \u00e1llampolg\u00e1rs\u00e1got, akik nem \u00e9lnek Oroszorsz\u00e1g ter\u00fclet\u00e9n \u00e9s nincs &#8222;t\u00f6rv\u00e9nyes meg\u00e9lhet\u00e9si forr\u00e1suk&#8221;. Az ellenz\u00e9ki p\u00e1rt szerint az orosz \u00e1llampolg\u00e1rs\u00e1g fej\u00e9ben az \u00e9rintetteknek nem kellene lemondaniuk az ukr\u00e1n \u00e1llampolg\u00e1rs\u00e1gr\u00f3l.<br \/>\nAz Igazs\u00e1gos Oroszorsz\u00e1g p\u00e1rt azt is kezdem\u00e9nyezte a dum\u00e1ban, hogy a parlament m\u00f3dos\u00edtsa azt a 2001-es t\u00f6rv\u00e9nyt, amely az \u00fajabb ter\u00fcletek Oroszorsz\u00e1gi F\u00f6der\u00e1ci\u00f3hoz csatol\u00e1s\u00e1t szab\u00e1lyozza. Az ellenz\u00e9ki p\u00e1rt egyebek k\u00f6z\u00f6tt azt szeretn\u00e9, ha a t\u00f6rv\u00e9ny kimondan\u00e1, hogy egy adott, k\u00fclf\u00f6ld\u00f6n l\u00e9v\u0151 ter\u00fclet annak az orsz\u00e1gnak az egyet\u00e9rt\u00e9se n\u00e9lk\u00fcl is csatlakozhasson Oroszorsz\u00e1ghoz, amelyt\u0151l el akar szakadni. Azt is r\u00f6gz\u00edten\u00e9k az orosz t\u00f6rv\u00e9nyben, hogy az elszakadni v\u00e1gy\u00f3 ter\u00fclet Oroszorsz\u00e1ghoz csatol\u00e1sa akkor is megt\u00f6rt\u00e9nhessen, ha nincs err\u0151l nemzetk\u00f6zi egyezm\u00e9ny az ebben \u00e9rintett \u00e1llam \u00e9s Oroszorsz\u00e1g k\u00f6z\u00f6tt.<br \/>\nAz elm\u00falt k\u00e9t napban az orosz duma t\u00f6bb ismert korm\u00e1nyp\u00e1rti k\u00e9pvisel\u0151je, k\u00f6z\u00f6tt\u00fck Valentyina Tyereskova, a vil\u00e1g els\u0151 \u0171rhaj\u00f3sn\u0151je is megfordult a Kr\u00edm f\u00e9lszigeten, hogy t\u00e1mogat\u00e1s\u00e1r\u00f3l biztos\u00edtsa a helyi orosz k\u00f6z\u00f6ss\u00e9get. Rajtuk k\u00edv\u00fcl Szergej Mironov, az Igazs\u00e1gos Oroszorsz\u00e1g parlamenti frakci\u00f3vezet\u0151je is az \u00faj kijevi hatalom f\u00e9lelmei szerint Ukrajn\u00e1t\u00f3l elszakadni v\u00e1gy\u00f3 Kr\u00edmi Auton\u00f3m K\u00f6zt\u00e1rsas\u00e1gban j\u00e1rt. Mironov Szevasztopolban, a fekete-tengeri orosz flotta t\u00e1maszpontj\u00e1nak helyet ad\u00f3 kr\u00edmi v\u00e1rosban szerd\u00e1n egyszer\u0171s\u00edtett \u00e1llampolg\u00e1rs\u00e1g megad\u00e1sa mellett p\u00e9nz\u00fcgyi t\u00e1mogat\u00e1st is \u00edg\u00e9rt a kr\u00edmi oroszbar\u00e1t k\u00f6z\u00f6ss\u00e9gnek.(MTI)<\/p>\n","protected":false},"excerpt":{"rendered":"<p>Az orosz korm\u00e1ny j\u00f3v\u00e1hagyta p\u00e9nteken azt a t\u00f6rv\u00e9nym\u00f3dos\u00edt\u00e1si javaslatot, amely szerint egyszer\u0171s\u00edtett elj\u00e1r\u00e1sban kapn\u00e1nak orosz \u00e1llampolg\u00e1rs\u00e1got a k\u00fclf\u00f6ldi befektet\u0151k, v\u00e1llalkoz\u00f3k \u00e9s j\u00f3l k\u00e9pzett szakemberek. Az orosz parlament als\u00f3h\u00e1z\u00e1ba beny\u00fajtott m\u00e1sik t\u00f6rv\u00e9nym\u00f3dos\u00edt\u00e1si javaslat pedig kimondottan az ukrajnai oroszok sz\u00e1m\u00e1ra egyszer\u0171s\u00edten\u00e9 az \u00e1llampolg\u00e1rs\u00e1g megszerz\u00e9s\u00e9t.<\/p>\n","protected":false},"author":1,"featured_media":0,"comment_status":"open","ping_status":"closed","sticky":false,"template":"","format":"standard","meta":[],"categories":[139],"tags":[],"_links":{"self":[{"href":"https:\/\/gazdasagportal.hu\/index.php\/wp-json\/wp\/v2\/posts\/29089"}],"collection":[{"href":"https:\/\/gazdasagportal.hu\/index.php\/wp-json\/wp\/v2\/posts"}],"about":[{"href":"https:\/\/gazdasagportal.hu\/index.php\/wp-json\/wp\/v2\/types\/post"}],"author":[{"embeddable":true,"href":"https:\/\/gazdasagportal.hu\/index.php\/wp-json\/wp\/v2\/users\/1"}],"replies":[{"embeddable":true,"href":"https:\/\/gazdasagportal.hu\/index.php\/wp-json\/wp\/v2\/comments?post=29089"}],"version-history":[{"count":1,"href":"https:\/\/gazdasagportal.hu\/index.php\/wp-json\/wp\/v2\/posts\/29089\/revisions"}],"predecessor-version":[{"id":29090,"href":"https:\/\/gazdasagportal.hu\/index.php\/wp-json\/wp\/v2\/posts\/29089\/revisions\/29090"}],"wp:attachment":[{"href":"https:\/\/gazdasagportal.hu\/index.php\/wp-json\/wp\/v2\/media?parent=29089"}],"wp:term":[{"taxonomy":"category","embeddable":true,"href":"https:\/\/gazdasagportal.hu\/index.php\/wp-json\/wp\/v2\/categories?post=29089"},{"taxonomy":"post_tag","embeddable":true,"href":"https:\/\/gazdasagportal.hu\/index.php\/wp-json\/wp\/v2\/tags?post=29089"}],"curies":[{"name":"wp","href":"https:\/\/api.w.org\/{rel}","templated":true}]}}