{"id":28829,"date":"2014-02-26T06:04:44","date_gmt":"2014-02-26T05:04:44","guid":{"rendered":"http:\/\/stockportal.hu\/?p=28829"},"modified":"2014-02-25T20:58:24","modified_gmt":"2014-02-25T19:58:24","slug":"4500-eu-tamogatasban-reszesulo-offshore-gyanus-ceg-atvilagitasa-zajlik","status":"publish","type":"post","link":"https:\/\/gazdasagportal.hu\/index.php\/4500-eu-tamogatasban-reszesulo-offshore-gyanus-ceg-atvilagitasa-zajlik\/","title":{"rendered":"4500 EU-t\u00e1mogat\u00e1sban r\u00e9szes\u00fcl\u0151 offshore-gyan\u00fas c\u00e9g \u00e1tvil\u00e1g\u00edt\u00e1sa zajlik"},"content":{"rendered":"<p><strong>A 2007-2013 k\u00f6z\u00f6tt az uni\u00f3s t\u00e1mogat\u00e1sokra sikeresen p\u00e1ly\u00e1z\u00f3 45 ezer mag\u00e1nc\u00e9g t\u00edz sz\u00e1zal\u00e9k\u00e1n\u00e1l mer\u00fclt fel, hogy offshore c\u00e9geken kereszt\u00fcl a t\u00e1mogat\u00e1sokat nem p\u00e1ly\u00e1zati c\u00e9lra haszn\u00e1lta fel, az \u00e9rintett 4500 c\u00e9get \u00e1tvil\u00e1g\u00edtj\u00e1k &#8211; jelentette be L\u00e1z\u00e1r J\u00e1nos kedden Gyul\u00e1n sajt\u00f3t\u00e1j\u00e9koztat\u00f3n. Azt is elmondta, hogy elk\u00e9sz\u00fclt a 2014-2020 k\u00f6z\u00f6tt \u00e9rkez\u0151 uni\u00f3s forr\u00e1sok felhaszn\u00e1l\u00e1s\u00e1nak keret\u00e9t jelent\u0151 partners\u00e9gi meg\u00e1llapod\u00e1s, az els\u0151 p\u00e1ly\u00e1zatokat okt\u00f3ber 15-\u00e9n \u00edrhatj\u00e1k ki.<!--more--><\/strong><\/p>\n<div id=\"vid4u\"><\/div>\n<p><script type=\"text\/javascript\">\/\/ <![CDATA[\nvar rid = 100000 + Math.floor(Math.random()*99999); var b = document.createElement(\"div\"); b.setAttribute(\"id\", \"v4u_c_\"+rid+\"_6\"); var r = document.getElementById(\"vid4u\"); r.parentNode.insertBefore(b,r); r.setAttribute(\"id\", \"\"); (function(w, d, s, rid) { function go(){ var js, fjs = d.getElementsByTagName(s)[0], load = function(url, id) { if (d.getElementById(id)) { d.getElementById(id).onload = d.getElementById(id).onreadystatechange = function() { if (typeof vid4u != 'undefined') vid4u.init(480,289,\"Bk4MBVSnIu\",\"CbNbmIXCgD\",6, rid);}; return; } js = d.createElement(s); js.src = url; js.id = id; fjs.parentNode.insertBefore(js, fjs); js.onload = js.onreadystatechange = function() { if (typeof vid4u != 'undefined') vid4u.init(480,289,\"Bk4MBVSnIu\",\"CbNbmIXCgD\",6, rid); };}; load(\"http:\/\/video.vid4u.org\/vid4ul.js\", \"vjs_\"+rid); } go(); }(window, document, \"script\", rid));\n\/\/ ]]><\/script><\/p>\n<p>A minisztereln\u00f6ks\u00e9get vezet\u0151 \u00e9s az uni\u00f3s fejleszt\u00e9sek fel\u00fcgyelet\u00e9vel is megb\u00edzott \u00e1llamtitk\u00e1r besz\u00e1molt arr\u00f3l, hogy a gyan\u00fas c\u00e9gek beazonos\u00edt\u00e1sa jelenleg is folyik. A v\u00e1llalkoz\u00e1sok, amelyekr\u0151l kider\u00fcl, hogy offshore c\u00e9gek vagy ilyenekkel \u00e9rdekelts\u00e9gi viszonyban \u00e1llnak, nem p\u00e1ly\u00e1zhatnak a 2014-2020 k\u00f6z\u00f6tti EU k\u00f6lts\u00e9gvet\u00e9si id\u0151szakban.<br \/>\nAz \u00e1llamtitk\u00e1r eml\u00e9keztetett arra, hogy a fejleszt\u00e9si \u00fcgyek fel\u00fcgyelet\u00e9t 2013 augusztus\u00e1ban vette \u00e1t, \u00e9s az\u00f3ta sz\u00e1mos l\u00e9p\u00e9s t\u00f6rt\u00e9nt a p\u00e1ly\u00e1zati rendszer \u00e1tl\u00e1that\u00f3s\u00e1g\u00e1\u00e9rt \u00e9s korrupci\u00f3mentes\u00edt\u00e9s\u00e9\u00e9rt. Az offshore-\u00e1tvil\u00e1g\u00edt\u00e1s is ennek \u00e9rdek\u00e9ben zajlik.<br \/>\nAz EU \u00faj k\u00f6lts\u00e9gvet\u00e9si id\u0151szak\u00e1ban, 2014-2020 k\u00f6z\u00f6tt Magyarorsz\u00e1g 7200 milli\u00e1rd forint uni\u00f3s t\u00e1mogat\u00e1st haszn\u00e1lhat fel, az \u00f6sszeg tov\u00e1bbi ezermilli\u00e1rd forint agr\u00e1rfejleszt\u00e9si t\u00e1mogat\u00e1ssal eg\u00e9sz\u00fcl ki. Az Eur\u00f3pai Bizotts\u00e1ggal a partners\u00e9gi meg\u00e1llapod\u00e1s elk\u00e9sz\u00fclt, a t\u00e1mogat\u00e1sok leh\u00edv\u00e1s\u00e1r\u00f3l sz\u00f3l\u00f3 dokumentumot napokon bel\u00fcl beny\u00fajtj\u00e1k &#8211; fogalmazott L\u00e1z\u00e1r J\u00e1nos.<br \/>\nA korm\u00e1ny m\u00e1rciusban d\u00f6nt a t\u00f6bb mint 8000 milli\u00e1rd forint fejleszt\u00e9si forr\u00e1s t\u00e9teles felhaszn\u00e1l\u00e1s\u00e1r\u00f3l, a p\u00e1ly\u00e1zati csoportokr\u00f3l \u00e9s a c\u00e9lk\u00f6z\u00f6ns\u00e9gr\u0151l. A t\u00e1mogat\u00e1si forr\u00e1sok hatvan sz\u00e1zal\u00e9k\u00e1t magyar egy\u00e9ni \u00e9s t\u00e1rsas v\u00e1llalkoz\u00e1sok meger\u0151s\u00edt\u00e9s\u00e9re, a p\u00e9nzek negyven sz\u00e1zal\u00e9k\u00e1t a hum\u00e1n- \u00e9s a re\u00e1linfrastrukt\u00fara gyarap\u00edt\u00e1s\u00e1ra ford\u00edtj\u00e1k.<br \/>\nAmennyiben a Fidesz alak\u00edt korm\u00e1nyt az els\u0151 p\u00e1ly\u00e1zatokat 2014. okt\u00f3ber 15-\u00e9n \u00edrj\u00e1k ki &#8211; mondta. Hozz\u00e1tette: egyszer\u0171bb \u00e9s \u00e1tl\u00e1that\u00f3bb lesz a forr\u00e1sleh\u00edv\u00e1si rendszer.<br \/>\nElmondta, hogy egymilli\u00f3 eur\u00f3s t\u00e1mogat\u00e1si \u00f6sszegig nem kell p\u00e1ly\u00e1zatot k\u00e9sz\u00edteni, elegend\u0151 lesz egy objekt\u00edv, normat\u00edv adatlap kit\u00f6lt\u00e9se. A k\u00f6zbeszerz\u00e9si szab\u00e1lyokat \u00fagy m\u00f3dos\u00edtj\u00e1k, hogy min\u00e9l t\u00f6bb forr\u00e1s maradjon a konkr\u00e9t kivitelez\u00e9si k\u00f6lts\u00e9gekre. A korm\u00e1ny v\u00e1ltoztat\u00e1sokat tervez a fejleszt\u00e9si int\u00e9zm\u00e9nyrendszerben. A minisztereln\u00f6ks\u00e9g v\u00e9gzi majd a t\u00f6bb mint 8000 milli\u00e1rd forint br\u00fcsszeli forr\u00e1s kioszt\u00e1s\u00e1t \u00e9s koordin\u00e1ci\u00f3j\u00e1t, rajta k\u00edv\u00fcl a miniszt\u00e9riumoknak lesz meghat\u00e1roz\u00f3 szerep\u00fck. C\u00e9l a korrupci\u00f3s lehet\u0151s\u00e9gek minimaliz\u00e1l\u00e1sa az \u00faj rendszer bevezet\u00e9s\u00e9vel &#8211; tette hozz\u00e1.<br \/>\nL\u00e1z\u00e1r J\u00e1nos hangs\u00falyozta, hogy a 2007-2013 k\u00f6z\u00f6tti uni\u00f3s k\u00f6lts\u00e9gvet\u00e9si id\u0151szak t\u00e1mogat\u00e1sainak felhaszn\u00e1l\u00e1s\u00e1t felgyors\u00edtj\u00e1k. Elmondta: a rendelkez\u00e9sre \u00e1ll\u00f3 8,5 ezer milli\u00e1rd forintnyi t\u00e1mogat\u00e1sr\u00f3l 110 sz\u00e1zal\u00e9kban d\u00f6nt\u00e9s sz\u00fcletett. &#8222;Saj\u00e1t hiba miatt nem vesz\u00edt\u00fcnk el br\u00fcsszeli t\u00e1mogat\u00e1st&#8221; &#8211; sz\u00f6gezte le.<br \/>\nKiemelte, hogy Magyarorsz\u00e1g 60-65 sz\u00e1zal\u00e9kban teljes\u00edtette kifizet\u00e9si feladat\u00e1t, 2014-ben tov\u00e1bbi 2 ezermilli\u00e1rd forint t\u00e1mogat\u00e1st fizetnek ki, az idei \u00e9v els\u0151 k\u00e9t h\u00f3napj\u00e1ban 200 milli\u00e1rd forintot utalt \u00e1t a Minisztereln\u00f6ks\u00e9g \u00e1ltal fel\u00fcgyelt munkacsoport.<br \/>\nAz EU \u00e1ltal t\u00e1mogatott beruh\u00e1z\u00e1si \u00e9s fejleszt\u00e9si programok felgyors\u00edt\u00e1sa \u00e9rdemben n\u00f6velte a magyar gazdas\u00e1g teljes\u00edtm\u00e9ny\u00e9t 2013-ban. Tavaly \u00f6sszesen 1700 milli\u00e1rd forint t\u00e1mogat\u00e1st fizettek ki &#8211; mondta L\u00e1z\u00e1r J\u00e1nos.(MTI)<\/p>\n","protected":false},"excerpt":{"rendered":"<p>A 2007-2013 k\u00f6z\u00f6tt az uni\u00f3s t\u00e1mogat\u00e1sokra sikeresen p\u00e1ly\u00e1z\u00f3 45 ezer mag\u00e1nc\u00e9g t\u00edz sz\u00e1zal\u00e9k\u00e1n\u00e1l mer\u00fclt fel, hogy offshore c\u00e9geken kereszt\u00fcl a t\u00e1mogat\u00e1sokat nem p\u00e1ly\u00e1zati c\u00e9lra haszn\u00e1lta fel, az \u00e9rintett 4500 c\u00e9get \u00e1tvil\u00e1g\u00edtj\u00e1k &#8211; jelentette be L\u00e1z\u00e1r J\u00e1nos kedden Gyul\u00e1n sajt\u00f3t\u00e1j\u00e9koztat\u00f3n. Azt is elmondta, hogy elk\u00e9sz\u00fclt a 2014-2020 k\u00f6z\u00f6tt \u00e9rkez\u0151 uni\u00f3s forr\u00e1sok felhaszn\u00e1l\u00e1s\u00e1nak keret\u00e9t jelent\u0151 partners\u00e9gi meg\u00e1llapod\u00e1s, &#8230;<\/p>\n","protected":false},"author":1,"featured_media":0,"comment_status":"open","ping_status":"closed","sticky":false,"template":"","format":"standard","meta":[],"categories":[19],"tags":[],"_links":{"self":[{"href":"https:\/\/gazdasagportal.hu\/index.php\/wp-json\/wp\/v2\/posts\/28829"}],"collection":[{"href":"https:\/\/gazdasagportal.hu\/index.php\/wp-json\/wp\/v2\/posts"}],"about":[{"href":"https:\/\/gazdasagportal.hu\/index.php\/wp-json\/wp\/v2\/types\/post"}],"author":[{"embeddable":true,"href":"https:\/\/gazdasagportal.hu\/index.php\/wp-json\/wp\/v2\/users\/1"}],"replies":[{"embeddable":true,"href":"https:\/\/gazdasagportal.hu\/index.php\/wp-json\/wp\/v2\/comments?post=28829"}],"version-history":[{"count":1,"href":"https:\/\/gazdasagportal.hu\/index.php\/wp-json\/wp\/v2\/posts\/28829\/revisions"}],"predecessor-version":[{"id":28831,"href":"https:\/\/gazdasagportal.hu\/index.php\/wp-json\/wp\/v2\/posts\/28829\/revisions\/28831"}],"wp:attachment":[{"href":"https:\/\/gazdasagportal.hu\/index.php\/wp-json\/wp\/v2\/media?parent=28829"}],"wp:term":[{"taxonomy":"category","embeddable":true,"href":"https:\/\/gazdasagportal.hu\/index.php\/wp-json\/wp\/v2\/categories?post=28829"},{"taxonomy":"post_tag","embeddable":true,"href":"https:\/\/gazdasagportal.hu\/index.php\/wp-json\/wp\/v2\/tags?post=28829"}],"curies":[{"name":"wp","href":"https:\/\/api.w.org\/{rel}","templated":true}]}}