{"id":28823,"date":"2014-02-26T07:04:26","date_gmt":"2014-02-26T06:04:26","guid":{"rendered":"http:\/\/stockportal.hu\/?p=28823"},"modified":"2014-02-26T09:09:43","modified_gmt":"2014-02-26T08:09:43","slug":"ukran-valsag-moszkva-megkegyelmez-ukrajnanak-de-igy-is-valoszinunek-tartja-az-ukran-csodot","status":"publish","type":"post","link":"https:\/\/gazdasagportal.hu\/index.php\/ukran-valsag-moszkva-megkegyelmez-ukrajnanak-de-igy-is-valoszinunek-tartja-az-ukran-csodot\/","title":{"rendered":"Ukr\u00e1n v\u00e1ls\u00e1g &#8211; Moszkva megkegyelmez Ukrajn\u00e1nak, de \u00edgy is val\u00f3sz\u00edn\u0171nek tartja az ukr\u00e1n cs\u0151d\u00f6t"},"content":{"rendered":"<p><strong>Moszkva nem akar cs\u0151delj\u00e1r\u00e1st kezdem\u00e9nyezni Ukrajna ellen, de a szomsz\u00e9dos orsz\u00e1g cs\u0151dj\u00e9t nagyon val\u00f3sz\u00edn\u0171nek tartja &#8211; jelentette ki az orosz p\u00e9nz\u00fcgyminiszter-helyettes kedden.<!--more--><\/strong><\/p>\n<div id=\"vid4u\"><\/div>\n<p><script type=\"text\/javascript\">var rid = 100000 + Math.floor(Math.random()*99999); var b = document.createElement(\"div\"); b.setAttribute(\"id\", \"v4u_c_\"+rid+\"_3\"); var r = document.getElementById(\"vid4u\"); r.parentNode.insertBefore(b,r); r.setAttribute(\"id\", \"\"); (function(w, d, s, rid) { function go(){ var js, fjs = d.getElementsByTagName(s)[0], load = function(url, id) { if (d.getElementById(id)) { d.getElementById(id).onload = d.getElementById(id).onreadystatechange = function() { if (typeof vid4u != 'undefined') vid4u.init(480,289,\"0scneAox4k\",null,3, rid);}; return; } js = d.createElement(s); js.src = url; js.id = id; fjs.parentNode.insertBefore(js, fjs); js.onload = js.onreadystatechange = function() { if (typeof vid4u != 'undefined') vid4u.init(480,289,\"0scneAox4k\",null,3, rid); };}; load(\"\/\/video.vid4u.org\/vid4ul.js\", \"vjs_\"+rid); } go(); }(window, document, \"script\", rid));<\/script><\/p>\n<p>Szergej Sztorcsak azt mondta, &#8222;kisebb kock\u00e1zat\u00e1t l\u00e1tja&#8221; annak, hogy Ukrajna nem tudja kifizetni a tavaly decemberben Oroszorsz\u00e1g \u00e1ltal v\u00e1s\u00e1rolt ukr\u00e1n eur\u00f3k\u00f6tv\u00e9nyek \u00e1r\u00e1t. Azt azonban ellenzi, hogy az \u00e1llampap\u00edrokban ny\u00fajtott orosz p\u00e9nz\u00fcgyi seg\u00edts\u00e9get egy esetleges ukr\u00e1n ad\u00f3ss\u00e1g-\u00e1t\u00fctemez\u00e9shez csapj\u00e1k, amennyiben a kibocs\u00e1t\u00f3 (Ukrajna) cs\u0151dje bek\u00f6vetkezne. Ez igazs\u00e1gtalan lenne szerinte, \u00e9s jelezte, hogy akkor Moszkva k\u00fcl\u00f6n szeretne meg\u00e1llapodni az ad\u00f3ss\u00e1g visszat\u00e9r\u00edt\u00e9s\u00e9r\u0151l Kijevvel.<br \/>\nAz orosz p\u00e9nz\u00fcgyminiszter-helyettes szerint &#8222;senki sem sz\u00e1m\u00edtott arra, hogy az ukrajnai esem\u00e9nyek ilyen dr\u00e1mai fordulatot vesznek&#8221;.<br \/>\nAzt is elmondta: nem eml\u00e9kszik olyan esetre, hogy ilyen jelleg\u0171 k\u00f6telezetts\u00e9gv\u00e1llal\u00e1sok ne teljes\u00fcltek volna, hanem azokat \u00e1tstruktur\u00e1lt\u00e1k volna, vagy r\u00e9szben le\u00edrt\u00e1k volna.<br \/>\nMoszkva 3 milli\u00e1rd doll\u00e1r (mintegy 675 milli\u00e1rd forint) \u00e9rt\u00e9kben vett ukr\u00e1n \u00e1llampap\u00edrokat 2013 december elej\u00e9n, \u00e9s a m\u00falt h\u00e9ten, miel\u0151tt az ukr\u00e1n parlament Viktor Janukovics eln\u00f6k\u00f6t elt\u00e1vol\u00edtotta volna a hatalomb\u00f3l, \u00fajabb 2 milli\u00e1rd doll\u00e1r \u00e9rt\u00e9kben k\u00e9sz\u00fclt ukr\u00e1n eur\u00f3k\u00f6tv\u00e9nyeket venni.<br \/>\nSzergej Sztorcsak hangs\u00falyozta, hogy nem k\u00e9sz\u00fclnek cs\u0151delj\u00e1r\u00e1st kezdem\u00e9nyezni, \u00e9s azt rem\u00e9lik, Ukrajna nem feledkezik meg arr\u00f3l, hogy mekkora \u00f6sszeggel tartozik Oroszorsz\u00e1gnak. Hangs\u00falyozta, hogy az orosz \u00e9s az ukr\u00e1n gazdas\u00e1g k\u00f6zel \u00e1ll egym\u00e1shoz, &#8222;nincs hova menni\u00fck&#8221;, ha elfordulnak egym\u00e1st\u00f3l. \u00dagy v\u00e9lte, az ukr\u00e1n piacon m\u0171k\u00f6d\u0151 orosz v\u00e1llalatoknak orosz \u00e1llami seg\u00edts\u00e9gre lesz sz\u00fcks\u00e9g\u00fck, els\u0151sorban is \u00e1llami garanciav\u00e1llal\u00e1sra.(MTI)<\/p>\n","protected":false},"excerpt":{"rendered":"<p>Moszkva nem akar cs\u0151delj\u00e1r\u00e1st kezdem\u00e9nyezni Ukrajna ellen, de a szomsz\u00e9dos orsz\u00e1g cs\u0151dj\u00e9t nagyon val\u00f3sz\u00edn\u0171nek tartja &#8211; jelentette ki az orosz p\u00e9nz\u00fcgyminiszter-helyettes kedden.<\/p>\n","protected":false},"author":1,"featured_media":26384,"comment_status":"open","ping_status":"closed","sticky":false,"template":"","format":"standard","meta":[],"categories":[139],"tags":[],"_links":{"self":[{"href":"https:\/\/gazdasagportal.hu\/index.php\/wp-json\/wp\/v2\/posts\/28823"}],"collection":[{"href":"https:\/\/gazdasagportal.hu\/index.php\/wp-json\/wp\/v2\/posts"}],"about":[{"href":"https:\/\/gazdasagportal.hu\/index.php\/wp-json\/wp\/v2\/types\/post"}],"author":[{"embeddable":true,"href":"https:\/\/gazdasagportal.hu\/index.php\/wp-json\/wp\/v2\/users\/1"}],"replies":[{"embeddable":true,"href":"https:\/\/gazdasagportal.hu\/index.php\/wp-json\/wp\/v2\/comments?post=28823"}],"version-history":[{"count":3,"href":"https:\/\/gazdasagportal.hu\/index.php\/wp-json\/wp\/v2\/posts\/28823\/revisions"}],"predecessor-version":[{"id":28863,"href":"https:\/\/gazdasagportal.hu\/index.php\/wp-json\/wp\/v2\/posts\/28823\/revisions\/28863"}],"wp:featuredmedia":[{"embeddable":true,"href":"https:\/\/gazdasagportal.hu\/index.php\/wp-json\/wp\/v2\/media\/26384"}],"wp:attachment":[{"href":"https:\/\/gazdasagportal.hu\/index.php\/wp-json\/wp\/v2\/media?parent=28823"}],"wp:term":[{"taxonomy":"category","embeddable":true,"href":"https:\/\/gazdasagportal.hu\/index.php\/wp-json\/wp\/v2\/categories?post=28823"},{"taxonomy":"post_tag","embeddable":true,"href":"https:\/\/gazdasagportal.hu\/index.php\/wp-json\/wp\/v2\/tags?post=28823"}],"curies":[{"name":"wp","href":"https:\/\/api.w.org\/{rel}","templated":true}]}}