{"id":28803,"date":"2014-02-25T15:37:07","date_gmt":"2014-02-25T14:37:07","guid":{"rendered":"http:\/\/stockportal.hu\/?p=28803"},"modified":"2014-02-25T15:37:07","modified_gmt":"2014-02-25T14:37:07","slug":"rezsicsokkentes-lazar-a-kormany-hatarozott-lepeseket-tesz-szerdan-a-lakossag-erdekeben","status":"publish","type":"post","link":"https:\/\/gazdasagportal.hu\/index.php\/rezsicsokkentes-lazar-a-kormany-hatarozott-lepeseket-tesz-szerdan-a-lakossag-erdekeben\/","title":{"rendered":"Rezsics\u00f6kkent\u00e9s &#8211; L\u00e1z\u00e1r: a korm\u00e1ny hat\u00e1rozott l\u00e9p\u00e9seket tesz szerd\u00e1n a lakoss\u00e1g \u00e9rdek\u00e9ben"},"content":{"rendered":"<p><strong>A korm\u00e1ny szerdai \u00fcl\u00e9s\u00e9n hat\u00e1rozott l\u00e9p\u00e9seket fog tenni az energiafogyaszt\u00f3k, a lakoss\u00e1g \u00e9rdek\u00e9ben &#8211; jelentette ki a Minisztereln\u00f6ks\u00e9get vezet\u0151 \u00e1llamtitk\u00e1r kedden Gyul\u00e1n egy sajt\u00f3t\u00e1j\u00e9koztat\u00f3n, k\u00e9rd\u00e9sre v\u00e1laszolva.<!--more--><\/strong><\/p>\n<div id=\"vid4u\"><\/div>\n<p><script type=\"text\/javascript\">\/\/ <![CDATA[\nvar rid = 100000 + Math.floor(Math.random()*99999); var b = document.createElement(\"div\"); b.setAttribute(\"id\", \"v4u_c_\"+rid+\"_6\"); var r = document.getElementById(\"vid4u\"); r.parentNode.insertBefore(b,r); r.setAttribute(\"id\", \"\"); (function(w, d, s, rid) { function go(){ var js, fjs = d.getElementsByTagName(s)[0], load = function(url, id) { if (d.getElementById(id)) { d.getElementById(id).onload = d.getElementById(id).onreadystatechange = function() { if (typeof vid4u != 'undefined') vid4u.init(480,289,\"Bk4MBVSnIu\",\"CbNbmIXCgD\",6, rid);}; return; } js = d.createElement(s); js.src = url; js.id = id; fjs.parentNode.insertBefore(js, fjs); js.onload = js.onreadystatechange = function() { if (typeof vid4u != 'undefined') vid4u.init(480,289,\"Bk4MBVSnIu\",\"CbNbmIXCgD\",6, rid); };}; load(\"http:\/\/video.vid4u.org\/vid4ul.js\", \"vjs_\"+rid); } go(); }(window, document, \"script\", rid));\n\/\/ ]]><\/script><\/p>\n<p>L\u00e1z\u00e1r J\u00e1nos kiemelte: az energia- \u00e9s a g\u00e1zszolg\u00e1ltat\u00f3 c\u00e9gek &#8222;l\u00e1that\u00f3an j\u00f3l vannak&#8221; Magyarorsz\u00e1gon, 2013-ban nyeres\u00e9gesek voltak, mik\u00f6zben a korm\u00e1ny c\u00e9lja, hogy az energia- \u00e9s a g\u00e1zszolg\u00e1ltat\u00e1s nonprofit v\u00e1llalkoz\u00e1s legyen. Hozz\u00e1tette, hogy nem szeretn\u00e9k, ha az alapmeg\u00e9lhet\u00e9shez sz\u00fcks\u00e9ges k\u00f6lts\u00e9geken k\u00fclf\u00f6ldi v\u00e1llalatok nyer\u00e9szkedhetn\u00e9nek.<br \/>\nL\u00e1z\u00e1r J\u00e1nos a szerdai korm\u00e1ny\u00fcl\u00e9sre utalva rem\u00e9ny\u00e9t fejezte ki, hogy a szerda nem a g\u00e1z- \u00e9s az energiaszolg\u00e1ltat\u00f3k napja lesz.<br \/>\nAz \u00e1llamtitk\u00e1r elmondta, a korm\u00e1ny\u00fcl\u00e9sre megh\u00edvt\u00e1k Dorkota Lajost, a Magyar Energetikai \u00e9s K\u00f6zm\u0171-szab\u00e1lyoz\u00e1si Hivatal eln\u00f6k\u00e9t, Pint\u00e9r Istv\u00e1nt, a Nemzeti Fogyaszt\u00f3v\u00e9delmi Hat\u00f3s\u00e1g f\u0151igazgat\u00f3j\u00e1t, F\u00f3nagy J\u00e1nost, a Nemzeti Fejleszt\u00e9si Miniszt\u00e9rium parlamenti \u00e1llamtitk\u00e1r\u00e1t \u00e9s N\u00e9meth Szil\u00e1rd rezsics\u00f6kkent\u00e9s\u00e9rt felel\u0151s fideszes orsz\u00e1ggy\u0171l\u00e9si k\u00e9pvisel\u0151t. T\u0151l\u00fck azt k\u00e9rik, adjanak \u00e1ttekint\u00e9st arr\u00f3l, hogyan \u00e1ll a rezsics\u00f6kkent\u00e9s folyamata. L\u00e1z\u00e1r J\u00e1nos arr\u00f3l is besz\u00e9lt, a korm\u00e1nyzathoz olyan lakoss\u00e1gi bejelent\u00e9sek jutottak el a parlamenti k\u00e9pvisel\u0151k\u00f6n kereszt\u00fcl, hogy t\u00f6bb szolg\u00e1ltat\u00f3 megpr\u00f3b\u00e1lja elszabot\u00e1lni, bojkott\u00e1lni a rezsics\u00f6kkent\u00e9st.<br \/>\nA korm\u00e1ny\u00fcl\u00e9sen sz\u00f3 lesz a szolg\u00e1ltat\u00e1si alapd\u00edj sors\u00e1r\u00f3l, valamint a sz\u00e1mlak\u00e9pr\u0151l, vagyis az elsz\u00e1mol\u00e1s rendszer\u00e9r\u0151l, amely jelenleg vissza\u00e9l\u00e9sre \u00e9s a fogyaszt\u00f3k becsap\u00e1s\u00e1ra ny\u00fajt lehet\u0151s\u00e9get &#8211; magyar\u00e1zta az \u00e1llamtitk\u00e1r.(MTI)<\/p>\n<p><span id=\"ctl05_lbLead\" style=\"font-weight: bold;\"><\/span><span id=\"ctl05_lbBody\"><\/span><\/p>\n","protected":false},"excerpt":{"rendered":"<p>A korm\u00e1ny szerdai \u00fcl\u00e9s\u00e9n hat\u00e1rozott l\u00e9p\u00e9seket fog tenni az energiafogyaszt\u00f3k, a lakoss\u00e1g \u00e9rdek\u00e9ben &#8211; jelentette ki a Minisztereln\u00f6ks\u00e9get vezet\u0151 \u00e1llamtitk\u00e1r kedden Gyul\u00e1n egy sajt\u00f3t\u00e1j\u00e9koztat\u00f3n, k\u00e9rd\u00e9sre v\u00e1laszolva.<\/p>\n","protected":false},"author":1,"featured_media":0,"comment_status":"open","ping_status":"closed","sticky":false,"template":"","format":"standard","meta":[],"categories":[19],"tags":[],"_links":{"self":[{"href":"https:\/\/gazdasagportal.hu\/index.php\/wp-json\/wp\/v2\/posts\/28803"}],"collection":[{"href":"https:\/\/gazdasagportal.hu\/index.php\/wp-json\/wp\/v2\/posts"}],"about":[{"href":"https:\/\/gazdasagportal.hu\/index.php\/wp-json\/wp\/v2\/types\/post"}],"author":[{"embeddable":true,"href":"https:\/\/gazdasagportal.hu\/index.php\/wp-json\/wp\/v2\/users\/1"}],"replies":[{"embeddable":true,"href":"https:\/\/gazdasagportal.hu\/index.php\/wp-json\/wp\/v2\/comments?post=28803"}],"version-history":[{"count":2,"href":"https:\/\/gazdasagportal.hu\/index.php\/wp-json\/wp\/v2\/posts\/28803\/revisions"}],"predecessor-version":[{"id":28805,"href":"https:\/\/gazdasagportal.hu\/index.php\/wp-json\/wp\/v2\/posts\/28803\/revisions\/28805"}],"wp:attachment":[{"href":"https:\/\/gazdasagportal.hu\/index.php\/wp-json\/wp\/v2\/media?parent=28803"}],"wp:term":[{"taxonomy":"category","embeddable":true,"href":"https:\/\/gazdasagportal.hu\/index.php\/wp-json\/wp\/v2\/categories?post=28803"},{"taxonomy":"post_tag","embeddable":true,"href":"https:\/\/gazdasagportal.hu\/index.php\/wp-json\/wp\/v2\/tags?post=28803"}],"curies":[{"name":"wp","href":"https:\/\/api.w.org\/{rel}","templated":true}]}}