{"id":28695,"date":"2014-02-24T15:30:45","date_gmt":"2014-02-24T14:30:45","guid":{"rendered":"http:\/\/stockportal.hu\/?p=28695"},"modified":"2014-02-24T15:30:45","modified_gmt":"2014-02-24T14:30:45","slug":"ukran-valsag-a-tuntetok-nyomasara-lemondattak-ungvar-polgarmesteret","status":"publish","type":"post","link":"https:\/\/gazdasagportal.hu\/index.php\/ukran-valsag-a-tuntetok-nyomasara-lemondattak-ungvar-polgarmesteret\/","title":{"rendered":"Ukr\u00e1n v\u00e1ls\u00e1g &#8211; A t\u00fcntet\u0151k nyom\u00e1s\u00e1ra lemondatt\u00e1k Ungv\u00e1r polg\u00e1rmester\u00e9t"},"content":{"rendered":"<p><strong>Megvont\u00e1k a bizalmat Ungv\u00e1r polg\u00e1rmester\u00e9t\u0151l a t\u00fcntet\u0151k nyom\u00e1s\u00e1ra h\u00e9tf\u0151n a v\u00e1rosi \u00f6nkorm\u00e1nyzat k\u00e9pvisel\u0151i, a v\u00e1ros \u00fcgyeinek int\u00e9z\u00e9s\u00e9t a v\u00e1laszt\u00e1sokig megb\u00edzott polg\u00e1rmesterk\u00e9nt a t\u00fcntet\u00e9sek egyik vezet\u0151je v\u00e9gzi.<!--more--><\/strong><\/p>\n<div id=\"vid4u\"><\/div>\n<p><script type=\"text\/javascript\">\/\/ <![CDATA[\nvar rid = 100000 + Math.floor(Math.random()*99999); var b = document.createElement(\"div\"); b.setAttribute(\"id\", \"v4u_c_\"+rid+\"_6\"); var r = document.getElementById(\"vid4u\"); r.parentNode.insertBefore(b,r); r.setAttribute(\"id\", \"\"); (function(w, d, s, rid) { function go(){ var js, fjs = d.getElementsByTagName(s)[0], load = function(url, id) { if (d.getElementById(id)) { d.getElementById(id).onload = d.getElementById(id).onreadystatechange = function() { if (typeof vid4u != 'undefined') vid4u.init(480,289,\"Bk4MBVSnIu\",\"CbNbmIXCgD\",6, rid);}; return; } js = d.createElement(s); js.src = url; js.id = id; fjs.parentNode.insertBefore(js, fjs); js.onload = js.onreadystatechange = function() { if (typeof vid4u != 'undefined') vid4u.init(480,289,\"Bk4MBVSnIu\",\"CbNbmIXCgD\",6, rid); };}; load(\"http:\/\/video.vid4u.org\/vid4ul.js\", \"vjs_\"+rid); } go(); }(window, document, \"script\", rid));\n\/\/ ]]><\/script><\/p>\n<p>A m\u00falt \u00e9v novembere \u00f3ta tart\u00f3 hatalomellenes ungv\u00e1ri t\u00fcntet\u00e9sek egyik f\u0151 k\u00f6vetel\u00e9se Viktor Pogorelov polg\u00e1rmester lemond\u00e1sa volt. Ungv\u00e1r els\u0151 ember\u00e9t hivatali hatalommal val\u00f3 vissza\u00e9l\u00e9ssel, korrupci\u00f3val \u00e9s gyan\u00fas privatiz\u00e1ci\u00f3s \u00fcgyletek fedez\u00e9s\u00e9vel v\u00e1dolt\u00e1k a tiltakoz\u00f3k.<br \/>\nAz ungv\u00e1ri \u00f6nkorm\u00e1nyzati k\u00e9pvisel\u0151k Pogorelov lemondat\u00e1s\u00e1t k\u00f6vet\u0151en a v\u00e1ros polg\u00e1rmesteri hivatal\u00e1nak kor\u00e1bbi jegyz\u0151j\u00e9t, a 2004-es narancsos forradalom idej\u00e9n j\u00e1tszott szerepe miatt \u201ek\u00e1rp\u00e1taljai Che Guevara\u201d-k\u00e9nt emlegetett Viktor Scsadejt, a mostani ungv\u00e1ri t\u00fcntet\u00e9sek egyik vezet\u0151j\u00e9t b\u00edzt\u00e1k meg ideiglenesen a v\u00e1ros vezet\u00e9s\u00e9vel.<br \/>\nAz ungv\u00e1ri \u00f6nkorm\u00e1nyzat \u00fcl\u00e9s\u00e9n Rosztiszlav Bulanov k\u00e9pvisel\u0151, a tiltakoz\u00f3 megmozdul\u00e1sok egyik szervez\u0151je bejelentette, hogy elhagyta Ukrajn\u00e1t K\u00e1rp\u00e1talja megye korm\u00e1nyz\u00f3ja. \u00c9rtes\u00fcl\u00e9sei szerint Olekszandr Ledida test\u0151rs\u00e9g\u00e9vel egy\u00fctt Szlov\u00e1ki\u00e1ba t\u00e1vozott.<br \/>\nAz ut\u00f3bbi napokban olyan h\u00edrek keltek sz\u00e1rnyra a k\u00e1rp\u00e1taljai ukr\u00e1n m\u00e9di\u00e1ban, hogy a megye korm\u00e1nyz\u00f3ja lemondott, \u00e9s eg\u00e9sz csal\u00e1dj\u00e1t Pr\u00e1g\u00e1ba menek\u00edtette.<br \/>\nUngv\u00e1ri h\u00edrport\u00e1lok h\u00e9tf\u0151n jelentett\u00e9k, hogy t\u00e1vozott tiszts\u00e9g\u00e9b\u0151l K\u00e1rp\u00e1talja megye f\u0151\u00fcgy\u00e9sze. Volodimir Korbanyt, akit alig n\u00e9h\u00e1ny h\u00f3napja neveztek ki posztj\u00e1ra, a k\u00e1rp\u00e1taljai m\u00e9dia \u00e9s az ungv\u00e1ri t\u00fcntet\u0151k korrupci\u00f3s \u00fcgyletek eltussol\u00e1s\u00e1val, az Ungv\u00e1r k\u00f6zpontj\u00e1ban tal\u00e1lhat\u00f3 Korona sz\u00e1ll\u00f3 korrupci\u00f3gyan\u00fas privatiz\u00e1ci\u00f3j\u00e1ban val\u00f3 k\u00f6zrem\u0171k\u00f6d\u00e9ssel v\u00e1dolt\u00e1k. A megyei \u00fcgy\u00e9szs\u00e9g \u00e9p\u00fclete el\u0151tt m\u00falt p\u00e9nteken t\u00fcntet\u0151knek m\u00e9g azt mondta, nem fog lemondani tiszts\u00e9g\u00e9r\u0151l.<br \/>\nOrsz\u00e1gos visszhangot keltett Ukrajn\u00e1ban, hogy szombaton az ukr\u00e1n rend\u0151rs\u00e9ggel egy\u00fcttm\u0171k\u00f6d\u0151 Jobboldali Szektor (Pravij Szektor) radik\u00e1lis csoport munkat\u00e1rsai korrupci\u00f3 gyan\u00faj\u00e1val lefogt\u00e1k \u00e9s Ungv\u00e1ron a megyei korm\u00e1nyz\u00f3s\u00e1g \u00e9p\u00fclete el\u0151tt egy id\u0151re ragaszt\u00f3szalaggal oszlophoz k\u00f6t\u00f6zt\u00e9k, sz\u00e9gyent\u00e1bl\u00e1val a mell\u00e9n Szerhij Harcsenk\u00f3t, a csapi v\u00e1mhivatal parancsnok\u00e1t.<br \/>\nA korm\u00e1nyz\u00f3s\u00e1gi \u00e9p\u00fcletben tartott kihallgat\u00e1sa sor\u00e1n a v\u00e1mf\u0151n\u00f6k kamer\u00e1k el\u0151tt mondta el, hogyan sarcolt\u00e1k a kijevi k\u00f6zpontb\u00f3l k\u00fcld\u00f6tt, mindenkit\u0151l f\u00fcggetlen megb\u00edzottak az ukr\u00e1n-magyar hat\u00e1ron a v\u00e1llalkoz\u00f3k \u00e1ruit, valamint a D\u00e9l- \u00e9s Nyugat-Eur\u00f3p\u00e1ban dolgoz\u00f3 nyugat-ukrajnai vend\u00e9gmunk\u00e1sok k\u00fcldem\u00e9nyeit sz\u00e1ll\u00edt\u00f3 j\u00e1rm\u0171veket. K\u00f6zl\u00e9se szerint a Z\u00e1hony-Csap k\u00f6z\u00fati hat\u00e1r\u00e1tkel\u0151helyen hetente Ukrajna ir\u00e1ny\u00e1ba \u00e1thalad\u00f3 k\u00f6zel ezer kisbusz ut\u00e1n, \u0171rtartalomt\u00f3l f\u00fcgg\u0151en, egyenk\u00e9nt 250\u2013500 eur\u00f3 cs\u00fasz\u00f3p\u00e9nzt szedtek, s az \u00edgy begy\u00fajt\u00f6tt \u00f6sszegeket Kijevbe tov\u00e1bb\u00edtott\u00e1k.<br \/>\nA v\u00e1mparancsnokkal kihallgat\u00e1s\u00e1t k\u00f6vet\u0151en meg\u00edratt\u00e1k a felmond\u00e1s\u00e1t, \u00e9s felsz\u00f3l\u00edtott\u00e1k, hogy 12 \u00f3r\u00e1n bel\u00fcl hagyja el K\u00e1rp\u00e1talja ter\u00fclet\u00e9t. Sajt\u00f3\u00e9rtes\u00fcl\u00e9sek szerint Harcsenko vas\u00e1rnap Szlov\u00e1ki\u00e1ba t\u00e1vozott.<br \/>\nA k\u00e1rp\u00e1taljai m\u00e9di\u00e1ban a 30 \u00e9ves Harcsenk\u00f3r\u00f3l az a h\u00edr j\u00e1rta, hogy a csapi v\u00e1mhivatal orsz\u00e1gos szinten is fontos vezet\u0151i tiszts\u00e9g\u00e9t tavaly sz\u00fclet\u00e9snapi aj\u00e1nd\u00e9kk\u00e9nt kapta s\u00f3gor\u00e1t\u00f3l, az id\u0151k\u00f6zben Oroszorsz\u00e1gba menek\u00fclt Olekszandr Klimenko ukr\u00e1n j\u00f6ved\u00e9ki \u00e9s ad\u00f3\u00fcgyi minisztert\u0151l.(MTI)<\/p>\n","protected":false},"excerpt":{"rendered":"<p>Megvont\u00e1k a bizalmat Ungv\u00e1r polg\u00e1rmester\u00e9t\u0151l a t\u00fcntet\u0151k nyom\u00e1s\u00e1ra h\u00e9tf\u0151n a v\u00e1rosi \u00f6nkorm\u00e1nyzat k\u00e9pvisel\u0151i, a v\u00e1ros \u00fcgyeinek int\u00e9z\u00e9s\u00e9t a v\u00e1laszt\u00e1sokig megb\u00edzott polg\u00e1rmesterk\u00e9nt a t\u00fcntet\u00e9sek egyik vezet\u0151je v\u00e9gzi.<\/p>\n","protected":false},"author":1,"featured_media":0,"comment_status":"open","ping_status":"closed","sticky":false,"template":"","format":"standard","meta":[],"categories":[139],"tags":[],"_links":{"self":[{"href":"https:\/\/gazdasagportal.hu\/index.php\/wp-json\/wp\/v2\/posts\/28695"}],"collection":[{"href":"https:\/\/gazdasagportal.hu\/index.php\/wp-json\/wp\/v2\/posts"}],"about":[{"href":"https:\/\/gazdasagportal.hu\/index.php\/wp-json\/wp\/v2\/types\/post"}],"author":[{"embeddable":true,"href":"https:\/\/gazdasagportal.hu\/index.php\/wp-json\/wp\/v2\/users\/1"}],"replies":[{"embeddable":true,"href":"https:\/\/gazdasagportal.hu\/index.php\/wp-json\/wp\/v2\/comments?post=28695"}],"version-history":[{"count":1,"href":"https:\/\/gazdasagportal.hu\/index.php\/wp-json\/wp\/v2\/posts\/28695\/revisions"}],"predecessor-version":[{"id":28696,"href":"https:\/\/gazdasagportal.hu\/index.php\/wp-json\/wp\/v2\/posts\/28695\/revisions\/28696"}],"wp:attachment":[{"href":"https:\/\/gazdasagportal.hu\/index.php\/wp-json\/wp\/v2\/media?parent=28695"}],"wp:term":[{"taxonomy":"category","embeddable":true,"href":"https:\/\/gazdasagportal.hu\/index.php\/wp-json\/wp\/v2\/categories?post=28695"},{"taxonomy":"post_tag","embeddable":true,"href":"https:\/\/gazdasagportal.hu\/index.php\/wp-json\/wp\/v2\/tags?post=28695"}],"curies":[{"name":"wp","href":"https:\/\/api.w.org\/{rel}","templated":true}]}}