{"id":28689,"date":"2014-02-24T13:47:08","date_gmt":"2014-02-24T12:47:08","guid":{"rendered":"http:\/\/stockportal.hu\/?p=28689"},"modified":"2014-02-24T13:29:24","modified_gmt":"2014-02-24T12:29:24","slug":"ukran-valsag-az-oroszok-tobbsege-ellenzi-moszkva-beavatkozasat","status":"publish","type":"post","link":"https:\/\/gazdasagportal.hu\/index.php\/ukran-valsag-az-oroszok-tobbsege-ellenzi-moszkva-beavatkozasat\/","title":{"rendered":"Ukr\u00e1n v\u00e1ls\u00e1g &#8211; Az oroszok t\u00f6bbs\u00e9ge ellenzi Moszkva beavatkoz\u00e1s\u00e1t"},"content":{"rendered":"<p><strong>Az oroszok t\u00f6bbs\u00e9ge ellenzi Moszkva beavatkoz\u00e1s\u00e1t Ukrajna bel\u00fcgyeibe &#8211; der\u00fclt ki az egyik tekint\u00e9lyes k\u00f6zv\u00e9lem\u00e9ny-kutat\u00f3 int\u00e9zet legut\u00f3bbi felm\u00e9r\u00e9s\u00e9b\u0151l, amelyet a Kommerszant c\u00edm\u0171 napilap ismertetett h\u00e9tf\u0151n.<!--more--><\/strong><\/p>\n<p>Az Oroszorsz\u00e1gi T\u00e1rsadalmi V\u00e9lem\u00e9nykutat\u00f3 K\u00f6zpont (VCIOM) febru\u00e1r els\u0151 k\u00e9t napj\u00e1n, az ukr\u00e1n ellenz\u00e9k hatalomra jut\u00e1sa el\u0151tt v\u00e9gzett vizsg\u00e1lata szerint a megk\u00e9rdezettek 73 sz\u00e1zal\u00e9ka tartja \u00fagy, hogy Oroszorsz\u00e1gnak &#8222;lehet\u0151s\u00e9g szerint&#8221; nem kell beavatkoznia az ukr\u00e1n bel\u00fcgyekbe.<br \/>\nAz orosz t\u00e1rsadalomkutat\u00f3k k\u00e9rd\u00e9seire v\u00e1laszol\u00f3k 4 sz\u00e1zal\u00e9ka ugyanakkor azt gondolja, hogy az Oroszorsz\u00e1gi F\u00f6der\u00e1ci\u00f3nak &#8222;seg\u00edtenie kell az ukrajnai ellenz\u00e9ket a gy\u0151zelemre jut\u00e1sban&#8221;. 15 sz\u00e1zal\u00e9kuk pedig \u00fagy v\u00e9li, hogy &#8222;a t\u00f6rv\u00e9nytelen hatalom\u00e1tv\u00e9telre tett k\u00eds\u00e9rletet le kell t\u00f6rni&#8221;.<br \/>\nVlagyimir Fjodorov, a VCIOM vezet\u0151je a Kommerszantnak elmondta, hogy b\u00e1r a k\u00f6zv\u00e9lem\u00e9ny-kutat\u00e1st febru\u00e1r 1-2-\u00e1n, az ukrajnai belpolitikai szemben\u00e1ll\u00e1s d\u00f6nt\u0151 szakasza el\u0151tt v\u00e9gezt\u00e9k, a felm\u00e9r\u00e9s azt mutatja, hogy m\u00e1r akkorra kialakult az orosz polg\u00e1rok viszonya az ukrajnai esem\u00e9nyekhez. Szerinte az oroszok nem felejtett\u00e9k el a m\u00e1s orsz\u00e1gok, \u00edgy p\u00e9ld\u00e1ul Afganiszt\u00e1n bel\u00fcgyeibe val\u00f3 orosz beavatkoz\u00e1s negat\u00edv k\u00f6vetkezm\u00e9nyeit. Mindazon\u00e1ltal nem nyilv\u00e1nval\u00f3 az oroszok sz\u00e1m\u00e1ra, melyik ukrajnai politikai er\u0151 oldal\u00e1n kellene ki\u00e1llni.<br \/>\nA Kommerszant arr\u00f3l is besz\u00e1molt, hogy a VCIOM felm\u00e9r\u00e9se szerint a v\u00e1laszad\u00f3k els\u00f6pr\u0151 t\u00f6bbs\u00e9ge, azaz 94 sz\u00e1zal\u00e9ka nem szeretn\u00e9, ha az ukrajnaihoz hasonl\u00f3 esem\u00e9nyek menn\u00e9nek v\u00e9gbe Oroszorsz\u00e1gban. Az &#8222;orosz Majdannak&#8221;, az ukrajnai hatalomellenes t\u00fcntet\u00e9sekhez hasonl\u00f3 hazai megmozdul\u00e1soknak csup\u00e1n a megk\u00e9rdezett oroszok 3 sz\u00e1zal\u00e9ka a h\u00edve, 3 sz\u00e1zal\u00e9kuk pedig nem tudott v\u00e1laszolni a feltett k\u00e9rd\u00e9sre.<br \/>\nFigyelemre m\u00e9lt\u00f3, hogy az oroszok k\u00f6zel 75 sz\u00e1zal\u00e9ka biztos abban, hogy nem alakul ki az ukrajnaihoz hasonl\u00f3 t\u00f6meges tiltakoz\u00e1s Oroszorsz\u00e1gban. 15 sz\u00e1zal\u00e9kuk nem z\u00e1rja ki hasonl\u00f3 megmozdul\u00e1sok kialakul\u00e1s\u00e1t, m\u00edg 5 sz\u00e1zal\u00e9kuk nem tudott v\u00e1laszolni.(MTI)<br \/>\n<a title=\"Hely megnyit\u00e1sa\" href=\"http:\/\/www.kommersant.ru\/doc\/2415159\" target=\"_blank\" rel=\"noopener\">www.kommersant.ru\/doc\/2415159<\/a><\/p>\n","protected":false},"excerpt":{"rendered":"<p>Az oroszok t\u00f6bbs\u00e9ge ellenzi Moszkva beavatkoz\u00e1s\u00e1t Ukrajna bel\u00fcgyeibe &#8211; der\u00fclt ki az egyik tekint\u00e9lyes k\u00f6zv\u00e9lem\u00e9ny-kutat\u00f3 int\u00e9zet legut\u00f3bbi felm\u00e9r\u00e9s\u00e9b\u0151l, amelyet a Kommerszant c\u00edm\u0171 napilap ismertetett h\u00e9tf\u0151n.<\/p>\n","protected":false},"author":1,"featured_media":0,"comment_status":"open","ping_status":"closed","sticky":false,"template":"","format":"standard","meta":[],"categories":[139],"tags":[],"_links":{"self":[{"href":"https:\/\/gazdasagportal.hu\/index.php\/wp-json\/wp\/v2\/posts\/28689"}],"collection":[{"href":"https:\/\/gazdasagportal.hu\/index.php\/wp-json\/wp\/v2\/posts"}],"about":[{"href":"https:\/\/gazdasagportal.hu\/index.php\/wp-json\/wp\/v2\/types\/post"}],"author":[{"embeddable":true,"href":"https:\/\/gazdasagportal.hu\/index.php\/wp-json\/wp\/v2\/users\/1"}],"replies":[{"embeddable":true,"href":"https:\/\/gazdasagportal.hu\/index.php\/wp-json\/wp\/v2\/comments?post=28689"}],"version-history":[{"count":1,"href":"https:\/\/gazdasagportal.hu\/index.php\/wp-json\/wp\/v2\/posts\/28689\/revisions"}],"predecessor-version":[{"id":28690,"href":"https:\/\/gazdasagportal.hu\/index.php\/wp-json\/wp\/v2\/posts\/28689\/revisions\/28690"}],"wp:attachment":[{"href":"https:\/\/gazdasagportal.hu\/index.php\/wp-json\/wp\/v2\/media?parent=28689"}],"wp:term":[{"taxonomy":"category","embeddable":true,"href":"https:\/\/gazdasagportal.hu\/index.php\/wp-json\/wp\/v2\/categories?post=28689"},{"taxonomy":"post_tag","embeddable":true,"href":"https:\/\/gazdasagportal.hu\/index.php\/wp-json\/wp\/v2\/tags?post=28689"}],"curies":[{"name":"wp","href":"https:\/\/api.w.org\/{rel}","templated":true}]}}