{"id":28622,"date":"2014-02-23T19:41:08","date_gmt":"2014-02-23T18:41:08","guid":{"rendered":"http:\/\/stockportal.hu\/?p=28622"},"modified":"2014-02-23T19:41:08","modified_gmt":"2014-02-23T18:41:08","slug":"ukran-valsag-az-unio-akar-20-milliard-euronal-is-tobb-tamogatast-nyujthat-ukrajnanak-egy-eu-forras-szerint","status":"publish","type":"post","link":"https:\/\/gazdasagportal.hu\/index.php\/ukran-valsag-az-unio-akar-20-milliard-euronal-is-tobb-tamogatast-nyujthat-ukrajnanak-egy-eu-forras-szerint\/","title":{"rendered":"Ukr\u00e1n v\u00e1ls\u00e1g &#8211; Az uni\u00f3 ak\u00e1r 20 milli\u00e1rd eur\u00f3n\u00e1l is t\u00f6bb t\u00e1mogat\u00e1st ny\u00fajthat Ukrajn\u00e1nak egy EU-forr\u00e1s szerint"},"content":{"rendered":"<p><strong>Az EU ak\u00e1r 20 milli\u00e1rd eur\u00f3n\u00e1l is nagyobb \u00f6sszeg\u0171 t\u00e1mogat\u00e1st adhat Ukrajn\u00e1nak, ha az orsz\u00e1g teljes\u00edt bizonyos felt\u00e9teleket &#8211; k\u00f6z\u00f6lte egy n\u00e9v n\u00e9lk\u00fcl nyilatkoz\u00f3\u00a0\u00a0EU-forr\u00e1s.<!--more--><\/strong><\/p>\n<div id=\"vid4u\"><\/div>\n<p><script type=\"text\/javascript\">\/\/ <![CDATA[\nvar rid = 100000 + Math.floor(Math.random()*99999); var b = document.createElement(\"div\"); b.setAttribute(\"id\", \"v4u_c_\"+rid+\"_6\"); var r = document.getElementById(\"vid4u\"); r.parentNode.insertBefore(b,r); r.setAttribute(\"id\", \"\"); (function(w, d, s, rid) { function go(){ var js, fjs = d.getElementsByTagName(s)[0], load = function(url, id) { if (d.getElementById(id)) { d.getElementById(id).onload = d.getElementById(id).onreadystatechange = function() { if (typeof vid4u != 'undefined') vid4u.init(480,289,\"Bk4MBVSnIu\",\"CbNbmIXCgD\",6, rid);}; return; } js = d.createElement(s); js.src = url; js.id = id; fjs.parentNode.insertBefore(js, fjs); js.onload = js.onreadystatechange = function() { if (typeof vid4u != 'undefined') vid4u.init(480,289,\"Bk4MBVSnIu\",\"CbNbmIXCgD\",6, rid); };}; load(\"http:\/\/video.vid4u.org\/vid4ul.js\", \"vjs_\"+rid); } go(); }(window, document, \"script\", rid));\n\/\/ ]]><\/script><\/p>\n<p>A t\u00f6bb nemzetk\u00f6zi h\u00edr\u00fcgyn\u00f6ks\u00e9g \u00e1ltal id\u00e9zett forr\u00e1s szerint a kor\u00e1bban bels\u0151 EU-iratokban szerepl\u0151 20 milli\u00e1rd eur\u00f3 &#8222;ma m\u00e1r nagyon konzervat\u00edv becsl\u00e9snek min\u0151s\u00edthet\u0151&#8221;, \u00e9s az adott k\u00f6r\u00fclm\u00e9nyek k\u00f6z\u00f6tt a tag\u00e1llamok ak\u00e1r sokkal t\u00f6bb p\u00e9nzt is adhatnak. A kil\u00e9t\u00e9nek titokban tart\u00e1s\u00e1hoz ragaszkod\u00f3 uni\u00f3s tiszts\u00e9gvisel\u0151 hangs\u00falyozta azonban, hogy az EU, mik\u00f6zben igyekszik &#8222;a lehet\u0151 legt\u00f6bb rugalmass\u00e1got \u00e9s kreativit\u00e1st mutatni&#8221;, azt is l\u00e1tni k\u00edv\u00e1nja, hogy Ukrajn\u00e1ban berendezkedett korm\u00e1nyzat m\u0171k\u00f6dik, \u00e9s &#8222;adottak a garanci\u00e1k arra, hogy az eur\u00f3pai ad\u00f3fizet\u0151k p\u00e9nz\u00e9t nem fogj\u00e1k elt\u00e9kozolni&#8221;.<br \/>\nKor\u00e1bban Viktor Janukovics ukr\u00e1n eln\u00f6k annak nyom\u00e1n tagadta meg a m\u00e9ly \u00e9s \u00e1tfog\u00f3 szabadkereskedelmi egyezm\u00e9nyt is mag\u00e1ban foglal\u00f3 EU-ukr\u00e1n t\u00e1rsul\u00e1si szerz\u0151d\u00e9s al\u00e1\u00edr\u00e1s\u00e1t, hogy k\u00e9ts\u00e9gbeejt\u0151 p\u00e9nz\u00fcgyi helyzetben lev\u0151 orsz\u00e1g\u00e1nak az uni\u00f3 az egyezm\u00e9nyhez kapcsol\u00f3d\u00f3an mind\u00f6ssze mintegy 600 milli\u00f3 eur\u00f3s t\u00e1mogat\u00e1st helyezett kil\u00e1t\u00e1sba, m\u00edg Vlagyimir Putyin orosz eln\u00f6k 15 milli\u00e1rd doll\u00e1rt \u00e9s g\u00e1z\u00e1rcs\u00f6kkent\u00e9st \u00edg\u00e9rt.<br \/>\nAz elm\u00falt napokban, amikor m\u00e1r \u00e9rlel\u0151d\u00f6tt az ukrajnai hatalmi fordulat, uni\u00f3s tiszts\u00e9gvisel\u0151k &#8211; konkr\u00e9t \u00f6sszeg eml\u00edt\u00e9se n\u00e9lk\u00fcl &#8211; t\u00f6bbsz\u00f6r besz\u00e9ltek egy Ukrajn\u00e1nak felaj\u00e1nland\u00f3 p\u00e9nz\u00fcgyi csomag ig\u00e9ny\u00e9r\u0151l, de ehhez rendszerint hozz\u00e1tett\u00e9k, hogy a p\u00e9nz jelent\u0151s r\u00e9sz\u00e9t nem az EU-nak, hanem a Nemzetk\u00f6zi Valutaalapnak (IMF) kellene el\u0151teremtenie. Az IMF rendszerint kem\u00e9ny takar\u00e9koss\u00e1gi int\u00e9zked\u00e9seket \u00e9s gazdas\u00e1gi, illetve k\u00f6lts\u00e9gvet\u00e9si szerkezeti reformokat k\u00f6vetel a kedvezm\u00e9nyes kamatoz\u00e1s\u00fa hitelny\u00fajt\u00e1s fej\u00e9ben.(MTI)<\/p>\n","protected":false},"excerpt":{"rendered":"<p>Az EU ak\u00e1r 20 milli\u00e1rd eur\u00f3n\u00e1l is nagyobb \u00f6sszeg\u0171 t\u00e1mogat\u00e1st adhat Ukrajn\u00e1nak, ha az orsz\u00e1g teljes\u00edt bizonyos felt\u00e9teleket &#8211; k\u00f6z\u00f6lte egy n\u00e9v n\u00e9lk\u00fcl nyilatkoz\u00f3\u00a0\u00a0EU-forr\u00e1s.<\/p>\n","protected":false},"author":1,"featured_media":0,"comment_status":"open","ping_status":"closed","sticky":false,"template":"","format":"standard","meta":[],"categories":[139],"tags":[],"_links":{"self":[{"href":"https:\/\/gazdasagportal.hu\/index.php\/wp-json\/wp\/v2\/posts\/28622"}],"collection":[{"href":"https:\/\/gazdasagportal.hu\/index.php\/wp-json\/wp\/v2\/posts"}],"about":[{"href":"https:\/\/gazdasagportal.hu\/index.php\/wp-json\/wp\/v2\/types\/post"}],"author":[{"embeddable":true,"href":"https:\/\/gazdasagportal.hu\/index.php\/wp-json\/wp\/v2\/users\/1"}],"replies":[{"embeddable":true,"href":"https:\/\/gazdasagportal.hu\/index.php\/wp-json\/wp\/v2\/comments?post=28622"}],"version-history":[{"count":1,"href":"https:\/\/gazdasagportal.hu\/index.php\/wp-json\/wp\/v2\/posts\/28622\/revisions"}],"predecessor-version":[{"id":28623,"href":"https:\/\/gazdasagportal.hu\/index.php\/wp-json\/wp\/v2\/posts\/28622\/revisions\/28623"}],"wp:attachment":[{"href":"https:\/\/gazdasagportal.hu\/index.php\/wp-json\/wp\/v2\/media?parent=28622"}],"wp:term":[{"taxonomy":"category","embeddable":true,"href":"https:\/\/gazdasagportal.hu\/index.php\/wp-json\/wp\/v2\/categories?post=28622"},{"taxonomy":"post_tag","embeddable":true,"href":"https:\/\/gazdasagportal.hu\/index.php\/wp-json\/wp\/v2\/tags?post=28622"}],"curies":[{"name":"wp","href":"https:\/\/api.w.org\/{rel}","templated":true}]}}