{"id":28607,"date":"2014-02-23T09:55:13","date_gmt":"2014-02-23T08:55:13","guid":{"rendered":"http:\/\/stockportal.hu\/?p=28607"},"modified":"2014-02-23T09:36:31","modified_gmt":"2014-02-23T08:36:31","slug":"ukran-valsag-martonyi-janos-udvozolte-julija-timosenko-szabadon-bocsatasat","status":"publish","type":"post","link":"https:\/\/gazdasagportal.hu\/index.php\/ukran-valsag-martonyi-janos-udvozolte-julija-timosenko-szabadon-bocsatasat\/","title":{"rendered":"Ukr\u00e1n v\u00e1ls\u00e1g &#8211; Martonyi J\u00e1nos \u00fcdv\u00f6z\u00f6lte Julija Timosenko szabadon bocs\u00e1t\u00e1s\u00e1t"},"content":{"rendered":"<p><strong>Martonyi J\u00e1nos k\u00f6zlem\u00e9nyben \u00fcdv\u00f6z\u00f6lte Julija Timosenko szabadon bocs\u00e1t\u00e1s\u00e1t szombat este.<!--more--><\/strong><\/p>\n<div id=\"vid4u\"><\/div>\n<p><script type=\"text\/javascript\">\/\/ <![CDATA[\nvar rid = 100000 + Math.floor(Math.random()*99999); var b = document.createElement(\"div\"); b.setAttribute(\"id\", \"v4u_c_\"+rid+\"_6\"); var r = document.getElementById(\"vid4u\"); r.parentNode.insertBefore(b,r); r.setAttribute(\"id\", \"\"); (function(w, d, s, rid) { function go(){ var js, fjs = d.getElementsByTagName(s)[0], load = function(url, id) { if (d.getElementById(id)) { d.getElementById(id).onload = d.getElementById(id).onreadystatechange = function() { if (typeof vid4u != 'undefined') vid4u.init(480,289,\"Bk4MBVSnIu\",\"CbNbmIXCgD\",6, rid);}; return; } js = d.createElement(s); js.src = url; js.id = id; fjs.parentNode.insertBefore(js, fjs); js.onload = js.onreadystatechange = function() { if (typeof vid4u != 'undefined') vid4u.init(480,289,\"Bk4MBVSnIu\",\"CbNbmIXCgD\",6, rid); };}; load(\"http:\/\/video.vid4u.org\/vid4ul.js\", \"vjs_\"+rid); } go(); }(window, document, \"script\", rid));\n\/\/ ]]><\/script><\/p>\n<p>Az MTI-hez eljuttatott k\u00f6zlem\u00e9ny szerint Martonyi J\u00e1nos k\u00fcl\u00fcgyminiszter \u00fcdv\u00f6zli az ukr\u00e1n parlament, a Verhovna Rada meghat\u00e1roz\u00f3 t\u00f6bbs\u00e9ggel 2014. febru\u00e1r 22-\u00e9n meghozott hat\u00e1rozat\u00e1t, amely lehet\u0151v\u00e9 tette a kor\u00e1bbi minisztereln\u00f6k, Julia Timosenko szabadon bocs\u00e1t\u00e1s\u00e1t \u00e9s visszat\u00e9r\u00e9s\u00e9t az ukr\u00e1n politikai \u00e9letbe.<br \/>\nA magyar k\u00fcl\u00fcgyminiszter eml\u00e9keztetett arra, hogy &#8222;ezzel pont ker\u00fclt az Eur\u00f3pai Uni\u00f3 \u00e1ltal k\u00f6vetkezetesen szorgalmazott hossz\u00fa folyamatra&#8221;.<br \/>\nMartonyi J\u00e1nos rem\u00e9ny\u00e9t fejezte ki, hogy ez a fejlem\u00e9ny is hozz\u00e1j\u00e1rul a demokratikus, az emberi jogok \u00e9s a jog\u00e1llamis\u00e1g elveit marad\u00e9ktalanul tiszteletben tart\u00f3, gazdas\u00e1gilag prosper\u00e1l\u00f3 \u00e9s ter\u00fcletileg egys\u00e9ges Ukrajna megszil\u00e1rdul\u00e1s\u00e1hoz, amely az ukr\u00e1n t\u00e1rsadalom szabad d\u00f6nt\u00e9s\u00e9n \u00e9s \u00fatv\u00e1laszt\u00e1s\u00e1n kell, hogy alapuljon.<br \/>\nJulija Timosenko beb\u00f6rt\u00f6nz\u00f6tt volt ukr\u00e1n minisztereln\u00f6k\u00f6t szombaton engedt\u00e9k szabadon. Timosenko szabadon enged\u00e9se el\u0151tt k\u00f6r\u00fclbel\u00fcl egy \u00f3r\u00e1val fogadott el az ukr\u00e1n parlament hat\u00e1rozatot a politikus szabadl\u00e1bra helyez\u00e9s\u00e9r\u0151l.<br \/>\nTimosenk\u00f3t 2011-ben \u00edt\u00e9lt\u00e9k el h\u00e9t \u00e9v b\u00f6rt\u00f6nb\u00fcntet\u00e9sre az Oroszorsz\u00e1ggal k\u00f6t\u00f6tt, Ukrajna sz\u00e1m\u00e1ra el\u0151nytelen g\u00e1zszerz\u0151d\u00e9s miatt, de az ellenz\u00e9k \u00e9s az Eur\u00f3pai Uni\u00f3 is politikai ind\u00edttat\u00e1s\u00fanak min\u0151s\u00edtette az \u00edt\u00e9letet.(MTI)<\/p>\n","protected":false},"excerpt":{"rendered":"<p>Martonyi J\u00e1nos k\u00f6zlem\u00e9nyben \u00fcdv\u00f6z\u00f6lte Julija Timosenko szabadon bocs\u00e1t\u00e1s\u00e1t szombat este.<\/p>\n","protected":false},"author":1,"featured_media":0,"comment_status":"open","ping_status":"closed","sticky":false,"template":"","format":"standard","meta":[],"categories":[139],"tags":[],"_links":{"self":[{"href":"https:\/\/gazdasagportal.hu\/index.php\/wp-json\/wp\/v2\/posts\/28607"}],"collection":[{"href":"https:\/\/gazdasagportal.hu\/index.php\/wp-json\/wp\/v2\/posts"}],"about":[{"href":"https:\/\/gazdasagportal.hu\/index.php\/wp-json\/wp\/v2\/types\/post"}],"author":[{"embeddable":true,"href":"https:\/\/gazdasagportal.hu\/index.php\/wp-json\/wp\/v2\/users\/1"}],"replies":[{"embeddable":true,"href":"https:\/\/gazdasagportal.hu\/index.php\/wp-json\/wp\/v2\/comments?post=28607"}],"version-history":[{"count":2,"href":"https:\/\/gazdasagportal.hu\/index.php\/wp-json\/wp\/v2\/posts\/28607\/revisions"}],"predecessor-version":[{"id":28609,"href":"https:\/\/gazdasagportal.hu\/index.php\/wp-json\/wp\/v2\/posts\/28607\/revisions\/28609"}],"wp:attachment":[{"href":"https:\/\/gazdasagportal.hu\/index.php\/wp-json\/wp\/v2\/media?parent=28607"}],"wp:term":[{"taxonomy":"category","embeddable":true,"href":"https:\/\/gazdasagportal.hu\/index.php\/wp-json\/wp\/v2\/categories?post=28607"},{"taxonomy":"post_tag","embeddable":true,"href":"https:\/\/gazdasagportal.hu\/index.php\/wp-json\/wp\/v2\/tags?post=28607"}],"curies":[{"name":"wp","href":"https:\/\/api.w.org\/{rel}","templated":true}]}}