{"id":28576,"date":"2014-02-22T12:47:45","date_gmt":"2014-02-22T11:47:45","guid":{"rendered":"http:\/\/stockportal.hu\/?p=28576"},"modified":"2014-02-22T12:20:17","modified_gmt":"2014-02-22T11:20:17","slug":"ukran-valsag-az-orosz-allamfo-azonnali-lepeseket-surgetett-obamatol","status":"publish","type":"post","link":"https:\/\/gazdasagportal.hu\/index.php\/ukran-valsag-az-orosz-allamfo-azonnali-lepeseket-surgetett-obamatol\/","title":{"rendered":"Ukr\u00e1n v\u00e1ls\u00e1g &#8211; Az orosz \u00e1llamf\u0151 azonnali l\u00e9p\u00e9seket s\u00fcrgetett Obam\u00e1t\u00f3l"},"content":{"rendered":"<p><strong>Vlagyimir Putyin azonnali int\u00e9zked\u00e9seket s\u00fcrgetett az ukrajnai helyzet stabiliz\u00e1l\u00e1sa \u00e9rdek\u00e9ben a Barack Obama amerikai eln\u00f6kkel telefonon folytatott besz\u00e9lget\u00e9s sor\u00e1n &#8211; k\u00f6z\u00f6lte szombaton az orosz \u00e1llamf\u0151 sajt\u00f3szolg\u00e1lata.<!--more--><\/strong><\/p>\n<div id=\"vid4u\"><\/div>\n<p><script type=\"text\/javascript\">\/\/ <![CDATA[\nvar rid = 100000 + Math.floor(Math.random()*99999); var b = document.createElement(\"div\"); b.setAttribute(\"id\", \"v4u_c_\"+rid+\"_6\"); var r = document.getElementById(\"vid4u\"); r.parentNode.insertBefore(b,r); r.setAttribute(\"id\", \"\"); (function(w, d, s, rid) { function go(){ var js, fjs = d.getElementsByTagName(s)[0], load = function(url, id) { if (d.getElementById(id)) { d.getElementById(id).onload = d.getElementById(id).onreadystatechange = function() { if (typeof vid4u != 'undefined') vid4u.init(480,289,\"Bk4MBVSnIu\",\"CbNbmIXCgD\",6, rid);}; return; } js = d.createElement(s); js.src = url; js.id = id; fjs.parentNode.insertBefore(js, fjs); js.onload = js.onreadystatechange = function() { if (typeof vid4u != 'undefined') vid4u.init(480,289,\"Bk4MBVSnIu\",\"CbNbmIXCgD\",6, rid); };}; load(\"http:\/\/video.vid4u.org\/vid4ul.js\", \"vjs_\"+rid); } go(); }(window, document, \"script\", rid));\n\/\/ ]]><\/script><\/p>\n<p>A besz\u00e9lget\u00e9st Washingtonb\u00f3l kezdem\u00e9nyezt\u00e9k. Az orosz \u00e9s az amerikai eln\u00f6k az ukr\u00e1n \u00e1llamf\u0151 \u00e9s az ellenz\u00e9ki p\u00e1rtok vezet\u0151inek politikai rendez\u00e9sr\u0151l sz\u00f3l\u00f3 kijevi meg\u00e1llapod\u00e1s\u00e1t k\u00f6vet\u0151en, moszkvai id\u0151 szerint p\u00e9nteken \u00e9jjel besz\u00e9lt egym\u00e1ssal.<br \/>\nAz orosz \u00e1llamf\u0151i hivatal k\u00f6zl\u00e9se szerint Vlagyimir Putyin azt is hangs\u00falyozta a telefonbesz\u00e9lget\u00e9s sor\u00e1n Barack Obam\u00e1nak, hogy most &#8222;a radik\u00e1lis ellenz\u00e9kkel val\u00f3 munk\u00e1ra kell \u00f6sszpontos\u00edtani&#8221;, amely miatt szerinte az ukrajnai szemben\u00e1ll\u00e1s rendk\u00edv\u00fcl vesz\u00e9lyes hat\u00e1rig jutott el.<br \/>\nP\u00e9nteken Szergej Lavrov orosz k\u00fcl\u00fcgyminisztert is felh\u00edvta telefonon Catherine Ashton, az Eur\u00f3pa Uni\u00f3 k\u00fcl\u00fcgyi f\u0151k\u00e9pvisel\u0151je.<br \/>\nAz orosz k\u00fcl\u00fcgyminiszt\u00e9rium arr\u00f3l t\u00e1j\u00e9koztatott, hogy Lavrov hat\u00e1rozottan el\u00edt\u00e9lte az ukr\u00e1n radik\u00e1lisok tev\u00e9kenys\u00e9g\u00e9t \u00e9s hasonl\u00f3 \u00e1ll\u00e1sfoglal\u00e1sra sz\u00f3l\u00edtotta fel az Eur\u00f3pai Uni\u00f3t \u00e9s tag\u00e1llamait, mondv\u00e1n &#8222;pontosan fejts\u00e9k ki \u00e1ll\u00e1spontjukat, miszerint a radik\u00e1lisok fell\u00e9p\u00e9se elfogadhatatlan&#8221;.<br \/>\nCatherine Ashton \u00e9s Szergej Lavrov megegyezett abban, hogy folytatj\u00e1k az egyeztet\u00e9seket a helyzet rendez\u00e9se \u00e9rdek\u00e9ben Ukrajna f\u00fcggetlens\u00e9g\u00e9nek \u00e9s a t\u00f6rv\u00e9nyes ukr\u00e1n hatalom jogosults\u00e1gainak tiszteletben tart\u00e1sa mellett.<br \/>\nAz orosz k\u00fcl\u00fcgyminiszt\u00e9rium ugyancsak p\u00e9nteken reag\u00e1lt az ukr\u00e1n \u00e1llamf\u0151 \u00e9s az ellenz\u00e9k kijevi meg\u00e1llapod\u00e1s\u00e1ra.<br \/>\nAnnak ellen\u00e9re, hogy az egyezs\u00e9get nem \u00edrta al\u00e1 a Kreml k\u00f6zvet\u00edt\u0151je, Oroszorsz\u00e1g \u00e9rdekelt olyan kompromisszum keres\u00e9s\u00e9ben, amely lehet\u0151v\u00e9 teszi a v\u00e9ront\u00e1s k\u00e9sedelem n\u00e9lk\u00fcli meg\u00e1ll\u00edt\u00e1s\u00e1t \u00e9s jogi mederbe visszaterelni a folyamatot. Moszkva k\u00e9szen \u00e1ll a j\u00f6v\u0151ben is arra, hogy &#8222;az ukr\u00e1nok k\u00e9r\u00e9s\u00e9re hozz\u00e1j\u00e1ruljon a helyzet normaliz\u00e1l\u00e1s\u00e1hoz&#8221;- hangoztatt\u00e1k a k\u00f6zlem\u00e9nyben.<br \/>\nA k\u00fcl\u00fcgyminiszt\u00e9rium mindazon\u00e1ltal arra is felsz\u00f3l\u00edtott, hogy az ukrajnai v\u00e1ls\u00e1g rendez\u00e9s\u00e9ben k\u00f6zvet\u00edt\u0151k tarts\u00e1k tiszteletben az orsz\u00e1g szuverenit\u00e1s\u00e1t \u00e9s a t\u00f6rv\u00e9nyes ukr\u00e1n hatalom jogosult\u00e1gait.<br \/>\nAz orosz k\u00fcl\u00fcgyi nyilatkozat &#8222;a sz\u00e9ls\u0151s\u00e9gesekt\u0151l val\u00f3 kompromisszumok n\u00e9lk\u00fcli elhat\u00e1rol\u00f3d\u00e1sra&#8221; is felsz\u00f3l\u00edtotta az ukrajnai v\u00e1ls\u00e1g szerepl\u0151it.(MTI)<\/p>\n","protected":false},"excerpt":{"rendered":"<p>Vlagyimir Putyin azonnali int\u00e9zked\u00e9seket s\u00fcrgetett az ukrajnai helyzet stabiliz\u00e1l\u00e1sa \u00e9rdek\u00e9ben a Barack Obama amerikai eln\u00f6kkel telefonon folytatott besz\u00e9lget\u00e9s sor\u00e1n &#8211; k\u00f6z\u00f6lte szombaton az orosz \u00e1llamf\u0151 sajt\u00f3szolg\u00e1lata.<\/p>\n","protected":false},"author":1,"featured_media":0,"comment_status":"open","ping_status":"closed","sticky":false,"template":"","format":"standard","meta":[],"categories":[139],"tags":[],"_links":{"self":[{"href":"https:\/\/gazdasagportal.hu\/index.php\/wp-json\/wp\/v2\/posts\/28576"}],"collection":[{"href":"https:\/\/gazdasagportal.hu\/index.php\/wp-json\/wp\/v2\/posts"}],"about":[{"href":"https:\/\/gazdasagportal.hu\/index.php\/wp-json\/wp\/v2\/types\/post"}],"author":[{"embeddable":true,"href":"https:\/\/gazdasagportal.hu\/index.php\/wp-json\/wp\/v2\/users\/1"}],"replies":[{"embeddable":true,"href":"https:\/\/gazdasagportal.hu\/index.php\/wp-json\/wp\/v2\/comments?post=28576"}],"version-history":[{"count":2,"href":"https:\/\/gazdasagportal.hu\/index.php\/wp-json\/wp\/v2\/posts\/28576\/revisions"}],"predecessor-version":[{"id":28578,"href":"https:\/\/gazdasagportal.hu\/index.php\/wp-json\/wp\/v2\/posts\/28576\/revisions\/28578"}],"wp:attachment":[{"href":"https:\/\/gazdasagportal.hu\/index.php\/wp-json\/wp\/v2\/media?parent=28576"}],"wp:term":[{"taxonomy":"category","embeddable":true,"href":"https:\/\/gazdasagportal.hu\/index.php\/wp-json\/wp\/v2\/categories?post=28576"},{"taxonomy":"post_tag","embeddable":true,"href":"https:\/\/gazdasagportal.hu\/index.php\/wp-json\/wp\/v2\/tags?post=28576"}],"curies":[{"name":"wp","href":"https:\/\/api.w.org\/{rel}","templated":true}]}}