{"id":28574,"date":"2014-02-22T15:40:08","date_gmt":"2014-02-22T14:40:08","guid":{"rendered":"http:\/\/stockportal.hu\/?p=28574"},"modified":"2014-02-22T11:41:53","modified_gmt":"2014-02-22T10:41:53","slug":"negyedik-a-rudas-gyogyfurdo-a-vilag-legszebb-furdoinek-listajan","status":"publish","type":"post","link":"https:\/\/gazdasagportal.hu\/index.php\/negyedik-a-rudas-gyogyfurdo-a-vilag-legszebb-furdoinek-listajan\/","title":{"rendered":"Negyedik a Rudas Gy\u00f3gyf\u00fcrd\u0151 a vil\u00e1g legszebb f\u00fcrd\u0151inek list\u00e1j\u00e1n"},"content":{"rendered":"<p><strong>A vil\u00e1g legszebb f\u00fcrd\u0151inek list\u00e1j\u00e1n negyedik lett a Rudas Gy\u00f3gyf\u00fcrd\u0151 \u00e9s Uszoda t\u00f6r\u00f6k kori term\u00e1l medenc\u00e9je; a gy\u00f3gyf\u00fcrd\u0151 d\u00e9li sz\u00e1rny\u00e1nak jelenleg is zajl\u00f3, k\u00f6zel egymilli\u00e1rd forint \u00f6sszk\u00f6lts\u00e9g\u0171 rekonstrukci\u00f3ja a tervek szerint augusztusra k\u00e9sz\u00fcl el &#8211; jelentett\u00e9k be sajt\u00f3t\u00e1j\u00e9koztat\u00f3n szombaton Budapesten.<!--more--><\/strong><\/p>\n<div id=\"vid4u\"><\/div>\n<p><script type=\"text\/javascript\">\/\/ <![CDATA[\nvar rid = 100000 + Math.floor(Math.random()*99999); var b = document.createElement(\"div\"); b.setAttribute(\"id\", \"v4u_c_\"+rid+\"_6\"); var r = document.getElementById(\"vid4u\"); r.parentNode.insertBefore(b,r); r.setAttribute(\"id\", \"\"); (function(w, d, s, rid) { function go(){ var js, fjs = d.getElementsByTagName(s)[0], load = function(url, id) { if (d.getElementById(id)) { d.getElementById(id).onload = d.getElementById(id).onreadystatechange = function() { if (typeof vid4u != 'undefined') vid4u.init(480,289,\"Bk4MBVSnIu\",\"CbNbmIXCgD\",6, rid);}; return; } js = d.createElement(s); js.src = url; js.id = id; fjs.parentNode.insertBefore(js, fjs); js.onload = js.onreadystatechange = function() { if (typeof vid4u != 'undefined') vid4u.init(480,289,\"Bk4MBVSnIu\",\"CbNbmIXCgD\",6, rid); };}; load(\"http:\/\/video.vid4u.org\/vid4ul.js\", \"vjs_\"+rid); } go(); }(window, document, \"script\", rid));\n\/\/ ]]><\/script><\/p>\n<p>Sz\u0151ke L\u00e1szl\u00f3, a Budapest Gy\u00f3gyf\u00fcrd\u0151i \u00e9s H\u00e9vizei Zrt. vez\u00e9rigazgat\u00f3ja elmondta: a thrillist.com nev\u0171 amerikai magazin 2013-ban sorolta az el\u0151kel\u0151 negyedik helyre a Rudas F\u00fcrd\u0151t a vil\u00e1g f\u00fcrd\u0151i k\u00f6z\u00f6tt.<br \/>\nBudapest f\u00fcrd\u0151i \u00e1ltal\u00e1ban az els\u0151 n\u00e9gy k\u00f6z\u00f6tt szerepelnek a k\u00fclf\u00f6ldi lapok \u00f6ssze\u00e1ll\u00edt\u00e1saiban: a CNN a Gell\u00e9rt f\u00fcrd\u0151t, a Guardian a Palatinus f\u00fcrd\u0151t, a Spiegel Online a Sz\u00e9chenyi f\u00fcrd\u0151t sorolta a legjobbak k\u00f6z\u00e9, vagyis m\u00e1r nem lehet \u00fagy \u00f6ssze\u00e1ll\u00edtani\u00a0\u00a0a vil\u00e1g legjobb f\u00fcrd\u0151it bemutat\u00f3 sorozatot, hogy abban ne szerepeljen budapesti f\u00fcrd\u0151 &#8211; tette hozz\u00e1.<br \/>\nSzeneczey Bal\u00e1zs v\u00e1rosfejleszt\u00e9s\u00e9rt felel\u0151s f\u0151polg\u00e1rmester-helyettes kiemelte: a budapesti gy\u00f3gyf\u00fcrd\u0151k fejleszt\u00e9se folyamatos, ezt az elm\u00falt h\u00e1rom \u00e9vben megval\u00f3sult \u00e9s \u00e1tadott infrastruktur\u00e1lis beruh\u00e1z\u00e1sok is mutatj\u00e1k.<br \/>\nEzzel p\u00e1rhuzamosan a f\u0151v\u00e1rosi \u00f6nkorm\u00e1nyzat feladata a tervez\u00e9s, annak \u00e9rdek\u00e9ben, hogy a rendelkez\u00e9sre \u00e1ll\u00f3 forr\u00e1sokat le lehessen h\u00edvni.\u00a0\u00a0\u00a0\u00a0Az el\u00e9rt eredm\u00e9nyek kapcs\u00e1n fel kell h\u00edvni az itt \u00e9l\u0151k figyelm\u00e9t arra, hogy egyed\u00fcl\u00e1ll\u00f3 adotts\u00e1gokkal rendelkez\u0151 v\u00e1rosban \u00e9lnek &#8211; mutatott r\u00e1.<br \/>\nIsmertet\u00e9se szerint a Rudas Gy\u00f3gyf\u00fcrd\u0151 d\u00e9li sz\u00e1rny\u00e1nak, az egykori palackoz\u00f3 \u00fczemnek a rekonstrukci\u00f3ja id\u00e9n augusztusra fejez\u0151dik be, akkor 4 \u00faj medenc\u00e9t adnak majd \u00e1t. \u00a0\u00a0\u00a0\u00a0Komor\u00f3czki Istv\u00e1n, a Nemzetgazdas\u00e1gi Miniszt\u00e9rium (NGM) tervez\u00e9skoordin\u00e1ci\u00f3\u00e9rt felel\u0151 \u00e1llamtitk\u00e1ra arr\u00f3l besz\u00e9lt, hogy a t\u00e1rca c\u00e9lja a turisztikai c\u00e9l\u00fa beruh\u00e1z\u00e1sok akt\u00edv t\u00e1mogat\u00e1sa, amelyek hozz\u00e1j\u00e1rulnak a belf\u00f6ldi \u00e9s k\u00fclf\u00f6ldi l\u00e1togat\u00f3k sz\u00e1m\u00e1nak n\u00f6vel\u00e9s\u00e9hez.<br \/>\nK\u00f6z\u00f6lte: a Rudas Gy\u00f3gyf\u00fcrd\u0151ben k\u00e9t \u00e9ve lez\u00e1rult fejleszt\u00e9s 391 milli\u00f3 forint eur\u00f3pai uni\u00f3s t\u00e1mogat\u00e1sban r\u00e9szes\u00fclt. Arr\u00f3l is besz\u00e9lt, hogy hamarosan v\u00e9gleges\u00edtik a 2014-2020 k\u00f6z\u00f6tti tervez\u00e9si id\u0151szak fejleszt\u00e9si programjait megalapoz\u00f3 partners\u00e9gi meg\u00e1llapod\u00e1st az EU-val, a p\u00e1ly\u00e1zatok 2014 m\u00e1sodik fel\u00e9t\u0151l jelennek majd meg.<br \/>\nR\u00e1mutatott: az orsz\u00e1g h\u00e9v\u00edzvagyon\u00e1hoz kapcsol\u00f3d\u00f3an megval\u00f3sul\u00f3 turisztikai fejleszt\u00e9seknek \u00f6nfenntart\u00f3nak kell lenni\u00fck. Ha az \u00e1prilis hatodikai v\u00e1laszt\u00e1sok ut\u00e1n ugyanez a korm\u00e1ny kap lehet\u0151s\u00e9get, akkor j\u00f6v\u0151ben is mindent megtesz az\u00e9rt, hogy korszer\u0171 \u00e9s \u00e1tgondolt fejleszt\u00e9sek val\u00f3suljanak meg az uni\u00f3s forr\u00e1sokb\u00f3l &#8211; mondta. \u00a0\u00a0\u00a0\u00a0Sz\u0151ke L\u00e1szl\u00f3 a jelenleg is zajl\u00f3 rekonstrukci\u00f3r\u00f3l elmondta: a f\u00fcrd\u0151 ter\u00fclet\u00e9nek n\u00f6vel\u00e9s\u00e9vel, az \u00faj medenc\u00e9k \u00e9s a szauna-vil\u00e1g kialak\u00edt\u00e1s\u00e1val t\u00f6bb mint 2550 n\u00e9gyzetm\u00e9teres ter\u00fcletet \u00e9rint. A fejleszt\u00e9s teljes k\u00f6lts\u00e9ge k\u00f6zel egymilli\u00e1rd forint. \u00a0\u00a0\u00a0\u00a0A sajt\u00f3t\u00e1j\u00e9koztat\u00f3n bemutatott tervek szerint az \u00faj d\u00e9li sz\u00e1rny h\u00e1romszintes lesz. A beruh\u00e1z\u00e1s sor\u00e1n kialak\u00edtanak egy f\u00f6ldszinti medenceteret, ahov\u00e1 k\u00e9t k\u00f6zepes \u00e9s k\u00e9t kisebb, \u00fagynevezett mer\u00fcl\u0151 medenc\u00e9t \u00e9p\u00edtenek. Az emeleten egy, az utc\u00e1r\u00f3l is megk\u00f6zel\u00edthet\u0151, k\u00f6zel 250 n\u00e9gyzetm\u00e9teres \u00e9tterem v\u00e1rja majd a vend\u00e9geket. A tet\u0151teraszon napoz\u00f3terasz \u00e9s jacuzzi fog \u00fczemelni. A jelenlegi uszod\u00e1hoz csatlakoz\u00f3 vend\u00e9g- \u00e9s szem\u00e9lyzeti \u00f6lt\u00f6z\u0151ket mag\u00e1ba foglal\u00f3 \u00e9p\u00fcletr\u00e9szben pedig egy t\u00f6bb mint 500 n\u00e9gyzetm\u00e9teres szauna vil\u00e1got hoznak l\u00e9tre.(MTI)<\/p>\n","protected":false},"excerpt":{"rendered":"<p>A vil\u00e1g legszebb f\u00fcrd\u0151inek list\u00e1j\u00e1n negyedik lett a Rudas Gy\u00f3gyf\u00fcrd\u0151 \u00e9s Uszoda t\u00f6r\u00f6k kori term\u00e1l medenc\u00e9je; a gy\u00f3gyf\u00fcrd\u0151 d\u00e9li sz\u00e1rny\u00e1nak jelenleg is zajl\u00f3, k\u00f6zel egymilli\u00e1rd forint \u00f6sszk\u00f6lts\u00e9g\u0171 rekonstrukci\u00f3ja a tervek szerint augusztusra k\u00e9sz\u00fcl el &#8211; jelentett\u00e9k be sajt\u00f3t\u00e1j\u00e9koztat\u00f3n szombaton Budapesten.<\/p>\n","protected":false},"author":1,"featured_media":0,"comment_status":"open","ping_status":"closed","sticky":false,"template":"","format":"standard","meta":[],"categories":[48],"tags":[],"_links":{"self":[{"href":"https:\/\/gazdasagportal.hu\/index.php\/wp-json\/wp\/v2\/posts\/28574"}],"collection":[{"href":"https:\/\/gazdasagportal.hu\/index.php\/wp-json\/wp\/v2\/posts"}],"about":[{"href":"https:\/\/gazdasagportal.hu\/index.php\/wp-json\/wp\/v2\/types\/post"}],"author":[{"embeddable":true,"href":"https:\/\/gazdasagportal.hu\/index.php\/wp-json\/wp\/v2\/users\/1"}],"replies":[{"embeddable":true,"href":"https:\/\/gazdasagportal.hu\/index.php\/wp-json\/wp\/v2\/comments?post=28574"}],"version-history":[{"count":1,"href":"https:\/\/gazdasagportal.hu\/index.php\/wp-json\/wp\/v2\/posts\/28574\/revisions"}],"predecessor-version":[{"id":28575,"href":"https:\/\/gazdasagportal.hu\/index.php\/wp-json\/wp\/v2\/posts\/28574\/revisions\/28575"}],"wp:attachment":[{"href":"https:\/\/gazdasagportal.hu\/index.php\/wp-json\/wp\/v2\/media?parent=28574"}],"wp:term":[{"taxonomy":"category","embeddable":true,"href":"https:\/\/gazdasagportal.hu\/index.php\/wp-json\/wp\/v2\/categories?post=28574"},{"taxonomy":"post_tag","embeddable":true,"href":"https:\/\/gazdasagportal.hu\/index.php\/wp-json\/wp\/v2\/tags?post=28574"}],"curies":[{"name":"wp","href":"https:\/\/api.w.org\/{rel}","templated":true}]}}