{"id":28569,"date":"2014-02-22T11:17:41","date_gmt":"2014-02-22T10:17:41","guid":{"rendered":"http:\/\/stockportal.hu\/?p=28569"},"modified":"2014-02-22T11:18:24","modified_gmt":"2014-02-22T10:18:24","slug":"ukran-valsag-janukovics-es-a-kormanytagok-ismeretlen-helyen-kijev-a-tuntetok-ellenorzese-alatt","status":"publish","type":"post","link":"https:\/\/gazdasagportal.hu\/index.php\/ukran-valsag-janukovics-es-a-kormanytagok-ismeretlen-helyen-kijev-a-tuntetok-ellenorzese-alatt\/","title":{"rendered":"Ukr\u00e1n v\u00e1ls\u00e1g &#8211; Janukovics \u00e9s a korm\u00e1nytagok ismeretlen helyen, Kijev a t\u00fcntet\u0151k ellen\u0151rz\u00e9se alatt"},"content":{"rendered":"<p><strong>A t\u00fcntet\u0151k szombatra virrad\u00f3ra teljes ellen\u0151rz\u00e9s\u00fck al\u00e1 vont\u00e1k eg\u00e9sz Kijevet, bele\u00e9rtve a korm\u00e1nyzati negyed \u00e9p\u00fcleteit, a bel\u00fcgyi csapatok elhagyt\u00e1k a f\u0151v\u00e1rost, \u00e9s visszat\u00e9rtek laktany\u00e1ikban, mik\u00f6zben Viktor Janukovics \u00e1llamf\u0151 \u00e9s egyes korm\u00e1nytagok holl\u00e9te nem ismert.<!--more--><\/strong><\/p>\n<div id=\"vid4u\"><\/div>\n<p><script type=\"text\/javascript\">\/\/ <![CDATA[\nvar rid = 100000 + Math.floor(Math.random()*99999); var b = document.createElement(\"div\"); b.setAttribute(\"id\", \"v4u_c_\"+rid+\"_6\"); var r = document.getElementById(\"vid4u\"); r.parentNode.insertBefore(b,r); r.setAttribute(\"id\", \"\"); (function(w, d, s, rid) { function go(){ var js, fjs = d.getElementsByTagName(s)[0], load = function(url, id) { if (d.getElementById(id)) { d.getElementById(id).onload = d.getElementById(id).onreadystatechange = function() { if (typeof vid4u != 'undefined') vid4u.init(480,289,\"Bk4MBVSnIu\",\"CbNbmIXCgD\",6, rid);}; return; } js = d.createElement(s); js.src = url; js.id = id; fjs.parentNode.insertBefore(js, fjs); js.onload = js.onreadystatechange = function() { if (typeof vid4u != 'undefined') vid4u.init(480,289,\"Bk4MBVSnIu\",\"CbNbmIXCgD\",6, rid); };}; load(\"http:\/\/video.vid4u.org\/vid4ul.js\", \"vjs_\"+rid); } go(); }(window, document, \"script\", rid));\n\/\/ ]]><\/script><\/p>\n<p>A bel\u00fcgyi csapatok parancsnoks\u00e1ga k\u00f6zlem\u00e9ny\u00e9ben t\u00e1j\u00e9koztatott szombaton arr\u00f3l, hogy a k\u00f6zrendre \u00fcgyel\u0151 katon\u00e1k a parlamenti cs\u00fct\u00f6rt\u00f6ki hat\u00e1rozat\u00e1val \u00f6sszhangban visszat\u00e9rtek laktany\u00e1ikba.<br \/>\nA kijevi t\u00fcntet\u0151k szombatra reggelre teljes ellen\u0151rz\u00e9s\u00fck al\u00e1 vont\u00e1k az eg\u00e9sz f\u0151v\u00e1rost, bele\u00e9rtve a korm\u00e1nyzati negyedet, a parlament, az eln\u00f6ki \u00e9s a minisztereln\u00f6ki hivatal, illetve a bel\u00fcgyminiszt\u00e9rium \u00e9p\u00fclet\u00e9t is &#8211; k\u00f6z\u00f6lte Andrij Parubij, az ellenz\u00e9ki Haza (Batykivscsina) p\u00e1rt k\u00e9pvisel\u0151je, a Majdan &#8222;ellen\u00e1ll\u00e1si&#8221; parancsnoka. Parubij azt \u00fczente a rend\u0151r\u00f6knek, hogy csatlakozhatnak a korm\u00e1nyzati negyedben j\u00e1r\u0151r\u00f6z\u0151 ellenz\u00e9kiekhez, mindny\u00e1jan \u00e1t\u00e1llhatnak a tiltakoz\u00f3k oldal\u00e1ra, de ki kell t\u0171zni\u00fck vil\u00e1gosk\u00e9k-s\u00e1rga szalagot (ezek az ukr\u00e1n nemzeti lobog\u00f3 sz\u00ednei).<br \/>\nViktor Janukovics holl\u00e9t\u00e9vel kapcsolatosan tov\u00e1bbra ellentmond\u00e1sos h\u00edrek \u00e9rkeznek. Az \u00e1llamf\u0151 p\u00e9ntek \u00e9jjel hagyta el Kijevet, \u00e1ll\u00edt\u00f3lag az\u00e9rt, hogy Harkivban r\u00e9szt vegyen p\u00e1rtja d\u00e9lkelet-ukrajnai szervezeteinek kongresszus\u00e1n. M\u00edg a de jure korm\u00e1nyz\u00f3 R\u00e9gi\u00f3k P\u00e1rtj\u00e1nak egyes politikusai azt k\u00f6z\u00f6lt\u00e9k, hogy Janukovics m\u00e1r Harkivban van, az ottani rep\u00fcl\u0151t\u00e9ren c\u00e1folt\u00e1k, hogy lesz\u00e1llt volna ott az eln\u00f6ki g\u00e9p. A biztons\u00e1gi szolg\u00e1lat egyik magas rang\u00fa illet\u00e9kese azt mondta a Reutersnek, hogy Janukovics m\u00e9g Ukrajn\u00e1ban van, de nem volt hajland\u00f3 el\u00e1rulni, hogy pontosan hol.<br \/>\nA Kijev melletti eln\u00f6ki rezidenci\u00e1n mindenesetre nincs Janukovics, \u00e9s egy ukr\u00e1n t\u00e9v\u00e9csatorna \u00fajs\u00e1g\u00edr\u00f3i szabadon bes\u00e9t\u00e1lhattak a hatalmas \u00e9p\u00fcletbe. A rezidencia \u0151rei kalauzolt\u00e1k \u0151ket, \u00e9s azt mondt\u00e1k, hogy b\u00e1rki felkeresheti az eln\u00f6ki rezidenci\u00e1t, csak ne fosztogassanak.<br \/>\nSzombat d\u00e9lel\u0151tt \u00fajra \u00f6ssze\u00fclt az ukr\u00e1n t\u00f6rv\u00e9nyhoz\u00e1s, de a korm\u00e1nyz\u00f3 R\u00e9gi\u00f3k P\u00e1rtj\u00e1nak 185 k\u00e9pvisel\u0151je k\u00f6z\u00fcl csak 23-an vannak jelen az \u00fcl\u00e9steremben. A parlamenti \u00fcl\u00e9st azzal nyitotta meg Ruszlan Kosulinszkij parlamenti aleln\u00f6k, hogy betegs\u00e9g\u00e9re \u00e9s gy\u00f3gykezel\u00e9sre hivatkozva beny\u00fajtotta lemond\u00e1s\u00e1t Volodimir Ribak h\u00e1zeln\u00f6k \u00e9s Igor Kaletnik aleln\u00f6k.<br \/>\nOlekszandar Turcsinov, az ellenz\u00e9ki Haza p\u00e1rt egyik k\u00e9pvisel\u0151je bejelentette, hogy az ukr\u00e1n korm\u00e1ny tagjainak t\u00f6bbs\u00e9ge elhagyta munkahely\u00e9t \u00e9s ismeretlen helyre t\u00e1vozott, ez\u00e9rt az egyetlen legitim hatalmi int\u00e9zm\u00e9ny jelen pillanatban a t\u00f6rv\u00e9nyhoz\u00e1s. Ilyen k\u00f6r\u00fclm\u00e9nyek k\u00f6z\u00f6tt szerinte a parlamentnek k\u00f6teless\u00e9ge \u00e1tv\u00e1llalnia a teljes felel\u0151ss\u00e9get az orsz\u00e1g helyzet\u00e9r\u00e9rt, azonnali hat\u00e1llyal hozz\u00e1 kell l\u00e1tnia a hatalmi jogk\u00f6r\u00f6k gyakorl\u00e1s\u00e1hoz. Turcsinov arra tett javaslatot, hogy a parlament nevezzen ki \u00fcgyvezet\u0151 korm\u00e1nyf\u0151t \u00e9s bel\u00fcgyminisztert.<br \/>\nA Vitalij Klicsko vezette ellenz\u00e9ki \u00dct\u00e9s (UDAR) p\u00e1rt Viktor Janukovics lemond\u00e1s\u00e1t k\u00f6vetel\u0151 hat\u00e1rozati javaslatot terjesztett parlament el\u00e9. Klicsko azt hangoztatta a t\u00f6rv\u00e9nyhoz\u00e1s rendk\u00edv\u00fcli \u00fcl\u00e9s\u00e9n, hogy az ukr\u00e1nok sz\u00e1m\u00e1ra az egyetlen lehet\u0151s\u00e9g az el\u0151rehozott eln\u00f6kv\u00e1laszt\u00e1s megrendez\u00e9se m\u00e1jus 25-ig. &#8222;Ma (Janukovics) elhagyta Kijevet. Ukr\u00e1nok milli\u00f3 sz\u00e1m\u00e1ra az egyetlen lehet\u0151s\u00e9g az el\u0151re hozott eln\u00f6kv\u00e1laszt\u00e1s&#8221; &#8211; hangoztatta az Udar eln\u00f6ke.<br \/>\nOlyan h\u00edrek kaptak l\u00e1bra Kijevben, hogy Feh\u00e9roroszorsz\u00e1gba sz\u00f6k\u00f6tt Vitalij Zaharcsenko lev\u00e1ltott ukr\u00e1n \u00fcgyvezet\u0151 bel\u00fcgyminiszter. Tetjana Mokridi ellenz\u00e9ki aktivista is err\u0151l t\u00e1j\u00e9koztatott a Facebook k\u00f6z\u00f6ss\u00e9gi port\u00e1lon, \u00e9s el\u0151z\u0151leg Andrij Parubij is azt mondta: olyan inform\u00e1ci\u00f3i vannak, hogy a bel\u00fcgyminiszter k\u00eds\u00e9rletet tesz az orsz\u00e1g elhagy\u00e1s\u00e1ra. Az ukr\u00e1n parlament p\u00e9nteken mentette fel Zaharcsenk\u00f3t azzal az indokkal, hogy \u0151 a felel\u0151s a t\u00fcntet\u0151k elleni brut\u00e1lis fell\u00e9p\u00e9s\u00e9rt \u00e9s civilek hal\u00e1l\u00e1\u00e9rt. Az \u00fcgyvezet\u0151 bel\u00fcgyminiszter t\u00fall\u00e9pte hat\u00e1sk\u00f6r\u00e9t, t\u00f6rv\u00e9nytelen, alkotm\u00e1nyellenes parancsokat adott, amelyek emberek hal\u00e1l\u00e1hoz vezettek.<br \/>\nHennagyij Moszkalj, a parlament szervezett b\u0171n\u00f6z\u00e9ssel \u00e9s korrupci\u00f3val foglalkoz\u00f3 bizotts\u00e1g\u00e1nak helyettes vezet\u0151je k\u00f6z\u00f6lte, hogy egy krimi k\u00fcl\u00f6nleges bel\u00fcgyi osztag orvl\u00f6v\u00e9szei gyan\u00fas\u00edthat\u00f3k a kijevi t\u00fcntet\u0151k elleni orvt\u00e1mad\u00e1sokkal. A kommand\u00f3s egys\u00e9get szerinte szem\u00e9lyesen Sztaniszlav Suljak, az ukr\u00e1n bel\u00fcgyi alakulatok parancsnoka hozta l\u00e9tre, \u00e9s ezt tan\u00fas\u00edt\u00f3 bizony\u00edt\u00e9kok ker\u00fcltek a rendv\u00e9delmi szervek kijevi jogs\u00e9rt\u00e9seit vizsg\u00e1l\u00f3 parlamenti t\u00e9nyfelt\u00e1r\u00f3 bizotts\u00e1g birtok\u00e1ba. Az osztag az ukr\u00e1n bel\u00fcgyi csapatok krimi igazgat\u00f3s\u00e1g\u00e1nak al\u00e1rendelts\u00e9g\u00e9ben \u00e1ll, \u00e9s Szerhij Aszavaljuk ezredes a parancsnoka. A kommand\u00f3 fegyvereseir\u0151l videofelv\u00e9teleket k\u00e9sz\u00edtettek \u00fajs\u00e1g\u00edr\u00f3k, \u00e9s felvett\u00e9k a rend\u0151rs\u00e9gi r\u00e1di\u00f3frekvenci\u00e1n elhangzott besz\u00e9lget\u00e9seiket is. A bel\u00fcgyi csapatok parancsnoks\u00e1ga 80 darab angol gy\u00e1rtm\u00e1ny\u00fa mesterl\u00f6v\u00e9sz-fegyvert szerzett be az osztagnak &#8211; k\u00f6z\u00f6lte Moszkalj, aki arra k\u00e9rte az ukr\u00e1n f\u0151\u00fcgy\u00e9szt, hogy ind\u00edtson nyomoz\u00e1st az \u00fcgyben.(MTI)<\/p>\n","protected":false},"excerpt":{"rendered":"<p>A t\u00fcntet\u0151k szombatra virrad\u00f3ra teljes ellen\u0151rz\u00e9s\u00fck al\u00e1 vont\u00e1k eg\u00e9sz Kijevet, bele\u00e9rtve a korm\u00e1nyzati negyed \u00e9p\u00fcleteit, a bel\u00fcgyi csapatok elhagyt\u00e1k a f\u0151v\u00e1rost, \u00e9s visszat\u00e9rtek laktany\u00e1ikban, mik\u00f6zben Viktor Janukovics \u00e1llamf\u0151 \u00e9s egyes korm\u00e1nytagok holl\u00e9te nem ismert.<\/p>\n","protected":false},"author":1,"featured_media":0,"comment_status":"open","ping_status":"closed","sticky":false,"template":"","format":"standard","meta":[],"categories":[139],"tags":[],"_links":{"self":[{"href":"https:\/\/gazdasagportal.hu\/index.php\/wp-json\/wp\/v2\/posts\/28569"}],"collection":[{"href":"https:\/\/gazdasagportal.hu\/index.php\/wp-json\/wp\/v2\/posts"}],"about":[{"href":"https:\/\/gazdasagportal.hu\/index.php\/wp-json\/wp\/v2\/types\/post"}],"author":[{"embeddable":true,"href":"https:\/\/gazdasagportal.hu\/index.php\/wp-json\/wp\/v2\/users\/1"}],"replies":[{"embeddable":true,"href":"https:\/\/gazdasagportal.hu\/index.php\/wp-json\/wp\/v2\/comments?post=28569"}],"version-history":[{"count":2,"href":"https:\/\/gazdasagportal.hu\/index.php\/wp-json\/wp\/v2\/posts\/28569\/revisions"}],"predecessor-version":[{"id":28571,"href":"https:\/\/gazdasagportal.hu\/index.php\/wp-json\/wp\/v2\/posts\/28569\/revisions\/28571"}],"wp:attachment":[{"href":"https:\/\/gazdasagportal.hu\/index.php\/wp-json\/wp\/v2\/media?parent=28569"}],"wp:term":[{"taxonomy":"category","embeddable":true,"href":"https:\/\/gazdasagportal.hu\/index.php\/wp-json\/wp\/v2\/categories?post=28569"},{"taxonomy":"post_tag","embeddable":true,"href":"https:\/\/gazdasagportal.hu\/index.php\/wp-json\/wp\/v2\/tags?post=28569"}],"curies":[{"name":"wp","href":"https:\/\/api.w.org\/{rel}","templated":true}]}}