{"id":28560,"date":"2014-02-22T09:15:37","date_gmt":"2014-02-22T08:15:37","guid":{"rendered":"http:\/\/stockportal.hu\/?p=28560"},"modified":"2014-02-21T21:57:12","modified_gmt":"2014-02-21T20:57:12","slug":"ukran-valsag-a-feher-haz-udvozolte-a-megallapodast","status":"publish","type":"post","link":"https:\/\/gazdasagportal.hu\/index.php\/ukran-valsag-a-feher-haz-udvozolte-a-megallapodast\/","title":{"rendered":"Ukr\u00e1n v\u00e1ls\u00e1g &#8211; A Feh\u00e9r H\u00e1z \u00fcdv\u00f6z\u00f6lte a meg\u00e1llapod\u00e1st"},"content":{"rendered":"<p><strong>A Feh\u00e9r H\u00e1z p\u00e9nteken \u00fcdv\u00f6z\u00f6lte az ukr\u00e1n eln\u00f6k \u00e9s az ellenz\u00e9k vezet\u0151i k\u00f6z\u00f6tt l\u00e9trej\u00f6tt meg\u00e1llapod\u00e1st \u00e9s seg\u00edts\u00e9get aj\u00e1nlott fel annak v\u00e9grehajt\u00e1s\u00e1hoz, ugyanakkor jelezte, hogy az er\u0151szakcselekm\u00e9nyek elrendel\u0151it felel\u0151ss\u00e9gre kell vonni, Washington pedig sz\u00fcks\u00e9g eset\u00e9n k\u00e9sz tov\u00e1bbi szankci\u00f3k bevezet\u00e9s\u00e9re.<!--more--><\/strong><\/p>\n<div id=\"vid4u\"><\/div>\n<p><script type=\"text\/javascript\">\/\/ <![CDATA[\nvar rid = 100000 + Math.floor(Math.random()*99999); var b = document.createElement(\"div\"); b.setAttribute(\"id\", \"v4u_c_\"+rid+\"_6\"); var r = document.getElementById(\"vid4u\"); r.parentNode.insertBefore(b,r); r.setAttribute(\"id\", \"\"); (function(w, d, s, rid) { function go(){ var js, fjs = d.getElementsByTagName(s)[0], load = function(url, id) { if (d.getElementById(id)) { d.getElementById(id).onload = d.getElementById(id).onreadystatechange = function() { if (typeof vid4u != 'undefined') vid4u.init(480,289,\"Bk4MBVSnIu\",\"CbNbmIXCgD\",6, rid);}; return; } js = d.createElement(s); js.src = url; js.id = id; fjs.parentNode.insertBefore(js, fjs); js.onload = js.onreadystatechange = function() { if (typeof vid4u != 'undefined') vid4u.init(480,289,\"Bk4MBVSnIu\",\"CbNbmIXCgD\",6, rid); };}; load(\"http:\/\/video.vid4u.org\/vid4ul.js\", \"vjs_\"+rid); } go(); }(window, document, \"script\", rid));\n\/\/ ]]><\/script><\/p>\n<p>Az amerikai eln\u00f6ki hivatal komm\u00fcnik\u00e9je szerint a kijevi egyezs\u00e9g \u00f6sszhangban \u00e1ll azzal, amit az Egyes\u00fclt \u00c1llamok mindeddig t\u00e1mogatott, ez pedig az er\u0151szak csillap\u00edt\u00e1sa, az alkotm\u00e1nym\u00f3dos\u00edt\u00e1s, a koal\u00edci\u00f3s korm\u00e1ny megalak\u00edt\u00e1sa \u00e9s el\u0151re hozott v\u00e1laszt\u00e1sok.<br \/>\nA Feh\u00e9r H\u00e1z a k\u00f6zlem\u00e9ny szerint t\u00e1mogatja mindazok er\u0151fesz\u00edt\u00e9seit, akik a meg\u00e1llapod\u00e1st megk\u00f6t\u00f6tt\u00e9k, \u00e9s elismer\u00e9ssel ad\u00f3zik a &#8222;b\u00e1tor ellenz\u00e9ki vezet\u0151k&#8221; el\u0151tt, akik felismert\u00e9k a kompromisszum sz\u00fcks\u00e9gess\u00e9g\u00e9t. Az Egyes\u00fclt \u00c1llamok seg\u00edts\u00e9get aj\u00e1nlott fel az egyezs\u00e9g v\u00e9grehajt\u00e1s\u00e1hoz \u00e9s egy\u00fattal s\u00fcrgette a meg\u00e1llapod\u00e1s v\u00e9grehajt\u00e1s\u00e1t, amit megk\u00fcl\u00f6nb\u00f6ztetett figyelemmel fog k\u00f6vetni.<br \/>\nAz eln\u00f6ki hivatal s\u00fcrgette, hogy Ukrajn\u00e1ban halad\u00e9ktalanul tegy\u00e9k meg az egyezs\u00e9g v\u00e9grehajt\u00e1s\u00e1nak els\u0151 l\u00e9p\u00e9seit &#8211; sz\u00fcntess\u00e9k be az er\u0151szakot, hirdessenek meg amneszti\u00e1t, normaliz\u00e1lj\u00e1k a biztons\u00e1gi helyzetet \u00e9s a parlament fogadja el az alkotm\u00e1nyra vonatkoz\u00f3 t\u00f6rv\u00e9nycsomagot &#8211; hogy ez\u00e1ltal utat nyissanak a technokrata koal\u00edci\u00f3s korm\u00e1ny megalak\u00edt\u00e1s\u00e1r\u00f3l folytatand\u00f3 t\u00e1rgyal\u00e1soknak.<br \/>\nA Feh\u00e9r H\u00e1z lesz\u00f6gezte, hogy alapvet\u0151 fontoss\u00e1g\u00fa a b\u00e9k\u00e9s tiltakoz\u00e1shoz val\u00f3 jog tiszteletben tart\u00e1sa, m\u00e9g a Majdan (Kijev k\u00f6zponti ter\u00e9nek) eset\u00e9ben is.<br \/>\n&#8222;Ahogy mondtuk, az er\u0151szak\u00e9rt \u00e9s a v\u00e1ls\u00e1g kezdete \u00f3ta elszenvedett \u00e1ldozatok\u00e9rt val\u00f3 felel\u0151s\u00f6k elsz\u00e1moltat\u00e1s\u00e1nak meg kell t\u00f6rt\u00e9nnie, \u00e9s mi tov\u00e1bbra is k\u00e9szen \u00e1llunk arra, hogy sz\u00fcks\u00e9g eset\u00e9n \u00fajabb szankci\u00f3kat vezess\u00fcnk be&#8221; &#8211; hangzott a sz\u00f3viv\u0151i hivatal \u00e1ltal kiadott k\u00f6zlem\u00e9ny.<br \/>\nA komm\u00fcnik\u00e9 szerint az Egyes\u00fclt \u00c1llamok az ukr\u00e1n n\u00e9p mellett \u00e1ll abban a t\u00f6rekv\u00e9s\u00e9ben, hogy az eg\u00e9sz orsz\u00e1gban helyre\u00e1ll\u00edtsa b\u00e9k\u00e9t \u00e9s a biztons\u00e1got.(MTI)<\/p>\n","protected":false},"excerpt":{"rendered":"<p>A Feh\u00e9r H\u00e1z p\u00e9nteken \u00fcdv\u00f6z\u00f6lte az ukr\u00e1n eln\u00f6k \u00e9s az ellenz\u00e9k vezet\u0151i k\u00f6z\u00f6tt l\u00e9trej\u00f6tt meg\u00e1llapod\u00e1st \u00e9s seg\u00edts\u00e9get aj\u00e1nlott fel annak v\u00e9grehajt\u00e1s\u00e1hoz, ugyanakkor jelezte, hogy az er\u0151szakcselekm\u00e9nyek elrendel\u0151it felel\u0151ss\u00e9gre kell vonni, Washington pedig sz\u00fcks\u00e9g eset\u00e9n k\u00e9sz tov\u00e1bbi szankci\u00f3k bevezet\u00e9s\u00e9re.<\/p>\n","protected":false},"author":1,"featured_media":0,"comment_status":"open","ping_status":"closed","sticky":false,"template":"","format":"standard","meta":[],"categories":[139],"tags":[],"_links":{"self":[{"href":"https:\/\/gazdasagportal.hu\/index.php\/wp-json\/wp\/v2\/posts\/28560"}],"collection":[{"href":"https:\/\/gazdasagportal.hu\/index.php\/wp-json\/wp\/v2\/posts"}],"about":[{"href":"https:\/\/gazdasagportal.hu\/index.php\/wp-json\/wp\/v2\/types\/post"}],"author":[{"embeddable":true,"href":"https:\/\/gazdasagportal.hu\/index.php\/wp-json\/wp\/v2\/users\/1"}],"replies":[{"embeddable":true,"href":"https:\/\/gazdasagportal.hu\/index.php\/wp-json\/wp\/v2\/comments?post=28560"}],"version-history":[{"count":2,"href":"https:\/\/gazdasagportal.hu\/index.php\/wp-json\/wp\/v2\/posts\/28560\/revisions"}],"predecessor-version":[{"id":28562,"href":"https:\/\/gazdasagportal.hu\/index.php\/wp-json\/wp\/v2\/posts\/28560\/revisions\/28562"}],"wp:attachment":[{"href":"https:\/\/gazdasagportal.hu\/index.php\/wp-json\/wp\/v2\/media?parent=28560"}],"wp:term":[{"taxonomy":"category","embeddable":true,"href":"https:\/\/gazdasagportal.hu\/index.php\/wp-json\/wp\/v2\/categories?post=28560"},{"taxonomy":"post_tag","embeddable":true,"href":"https:\/\/gazdasagportal.hu\/index.php\/wp-json\/wp\/v2\/tags?post=28560"}],"curies":[{"name":"wp","href":"https:\/\/api.w.org\/{rel}","templated":true}]}}