{"id":28557,"date":"2014-02-21T21:54:41","date_gmt":"2014-02-21T20:54:41","guid":{"rendered":"http:\/\/stockportal.hu\/?p=28557"},"modified":"2014-02-21T21:54:41","modified_gmt":"2014-02-21T20:54:41","slug":"ukran-valsag-a-kijevi-tuntetok-ultimatuma-janukovics-azonnal-mondjon-le","status":"publish","type":"post","link":"https:\/\/gazdasagportal.hu\/index.php\/ukran-valsag-a-kijevi-tuntetok-ultimatuma-janukovics-azonnal-mondjon-le\/","title":{"rendered":"Ukr\u00e1n v\u00e1ls\u00e1g \u2013 A kijevi t\u00fcntet\u0151k ultim\u00e1tuma: Janukovics azonnal mondjon le"},"content":{"rendered":"<p><strong>A kijevi t\u00fcntet\u0151k ultim\u00e1tumot adtak Viktor Janukovics ukr\u00e1n eln\u00f6knek p\u00e9ntek este: mondjon le m\u00e1snap reggelig, k\u00fcl\u00f6nben fegyveres felkel\u00e9s t\u00f6r ki.<!--more--><\/strong><\/p>\n<div id=\"vid4u\"><\/div>\n<p><script type=\"text\/javascript\">\/\/ <![CDATA[\nvar rid = 100000 + Math.floor(Math.random()*99999); var b = document.createElement(\"div\"); b.setAttribute(\"id\", \"v4u_c_\"+rid+\"_6\"); var r = document.getElementById(\"vid4u\"); r.parentNode.insertBefore(b,r); r.setAttribute(\"id\", \"\"); (function(w, d, s, rid) { function go(){ var js, fjs = d.getElementsByTagName(s)[0], load = function(url, id) { if (d.getElementById(id)) { d.getElementById(id).onload = d.getElementById(id).onreadystatechange = function() { if (typeof vid4u != 'undefined') vid4u.init(480,289,\"Bk4MBVSnIu\",\"CbNbmIXCgD\",6, rid);}; return; } js = d.createElement(s); js.src = url; js.id = id; fjs.parentNode.insertBefore(js, fjs); js.onload = js.onreadystatechange = function() { if (typeof vid4u != 'undefined') vid4u.init(480,289,\"Bk4MBVSnIu\",\"CbNbmIXCgD\",6, rid); };}; load(\"http:\/\/video.vid4u.org\/vid4ul.js\", \"vjs_\"+rid); } go(); }(window, document, \"script\", rid));\n\/\/ ]]><\/script><\/p>\n<p>Vitalij Klicsko, az ellenz\u00e9ki \u00dct\u00e9s (UDAR) p\u00e1rt vezet\u0151je besz\u00e9lni kezdett a F\u00fcggetlens\u00e9g ter\u00e9n, de f\u00e9lbeszak\u00edtotta \u0151t az \u00f6nv\u00e9delmi er\u0151k egyik tagja, \u00e9s a sz\u00ednpadra l\u00e9pve bejelentette: ha az eln\u00f6k szombat reggel t\u00edz \u00f3r\u00e1ig nem mond le, az emberek \u00fajra fegyvert ragadnak.<br \/>\nA p\u00e9ntek esti nagygy\u0171l\u00e9s az \u00e1ldozatokr\u00f3l val\u00f3 megeml\u00e9kez\u00e9ssel kezd\u0151d\u00f6tt. Az indulatok magasra csaptak, amikor a t\u00e9rre \u00e9rt az el\u0151z\u0151 nap meggyilkolt egyik \u00e1ldozat nyitott kopors\u00f3ja. Az egyik tiltakoz\u00f3 a mikrofonhoz l\u00e9pett, \u00e9s a m\u00f6g\u00f6tte \u00e1ll\u00f3 h\u00e1rom ellenz\u00e9ki vezet\u0151re \u2013 k\u00f6z\u00f6tt\u00fck Klicsk\u00f3ra \u2013 utalva k\u00f6z\u00f6lte: &#8222;A bajt\u00e1rsunkat agyonl\u0151tt\u00e9k, \u00e9s a vezet\u0151ink megr\u00e1zz\u00e1k egy gyilkos kez\u00e9t. Sz\u00e9gyen!&#8221;, majd bejelentette az ultim\u00e1tumot.<br \/>\nBejelent\u00e9s\u00e9t a t\u00e9ren tart\u00f3zkod\u00f3k hevesen t\u00e1mogatt\u00e1k \u2013 \u00edrta az Ukrainszka Pravda h\u00edrport\u00e1l. T\u00f6bb t\u00fcntet\u0151 Klicsko besz\u00e9de k\u00f6zben a Jobb szektor vezet\u0151j\u00e9t, Dmitro Jarost k\u00f6vetelte a sz\u00ednpadra.<br \/>\nJaros eleget tett ez ut\u00f3bbinak, \u00e9s besz\u00e9d\u00e9ben k\u00f6z\u00f6lte: a Jobb szektor nem teszi le a fegyvert, nem oldja fel a k\u00f6zigazgat\u00e1si \u00e9p\u00fcletek blok\u00e1dj\u00e1t, am\u00edg nem teljes\u00fcl f\u0151 k\u00f6vetel\u00e9s\u00fck: Janukovics lemond\u00e1sa. &#8222;T\u00f6rv\u00e9nysz\u00e9k, t\u00f6rv\u00e9nysz\u00e9k!&#8221; \u2013 skand\u00e1lta a t\u00f6meg, mire a sz\u00f3nok hozz\u00e1tette: &#8222;Felel\u0151ss\u00e9gre kell vonni mindenkit, aki t\u0171zparancsot adott, valamint az orvl\u00f6v\u00e9szeket!&#8221;. A Jobb szektor k\u00e9sz mag\u00e1ra v\u00e1llalni az ukrajnai forradalom folytat\u00e1s\u00e1t \u2013 id\u00e9zte Jarost az lb.ua h\u00edrport\u00e1l.<br \/>\nA Majdanon t\u00fcntet\u0151k Janukovics fej\u00e9t k\u00f6vetelt\u00e9k. &#8222;Hal\u00e1l a b\u00f6rt\u00f6nt\u00f6ltel\u00e9kre!&#8221; &#8211; skand\u00e1lt\u00e1k. (Mint dpa n\u00e9met h\u00edr\u00fcgyn\u00f6ks\u00e9g megjegyezte, az ukr\u00e1n eln\u00f6k\u00f6t fiatalkor\u00e1ban rabl\u00f3t\u00e1mad\u00e1s miatt b\u00f6rt\u00f6nbe z\u00e1rt\u00e1k.)<br \/>\nAz Avtomajdan mozgalom nyilatkozatban tudatta: nem fogadja el az ellenz\u00e9k \u00e9s Janukovics meg\u00e1llapod\u00e1s\u00e1t, csak az eln\u00f6k t\u00e1voz\u00e1s\u00e1val el\u00e9gedne meg. A mozgalom \u00f6t pontban foglalta \u00f6ssze k\u00f6vetel\u00e9seit. Ezek k\u00f6z\u00f6tt szerepel az eln\u00f6k azonnali lemond\u00e1sa \u00e9s el\u0151re hozott eln\u00f6kv\u00e1laszt\u00e1s ki\u00edr\u00e1sa, a &#8222;b\u0171n\u00f6s parancsok&#8221; v\u00e9grehajt\u00e1s\u00e1\u00e9rt felel\u0151s rend\u0151r\u00f6k, \u00fcgy\u00e9szek, b\u00edr\u00e1k felel\u0151ss\u00e9gre von\u00e1sa, a b\u00f6rt\u00f6nbe z\u00e1rt t\u00fcntet\u0151k azonnali szabadon enged\u00e9se, az Eur\u00f3pai Uni\u00f3val val\u00f3 t\u00e1rsul\u00e1si szerz\u0151d\u00e9s al\u00e1\u00edr\u00e1sa \u00e9s a Berkut k\u00fcl\u00f6nleges rend\u0151ri egys\u00e9g feloszlat\u00e1sa.<br \/>\nA parlamentben a k\u00e9pvisel\u0151k fel akart\u00e1k vetni Viktor Psonka f\u0151\u00fcgy\u00e9sz lev\u00e1lt\u00e1s\u00e1nak k\u00e9rd\u00e9s\u00e9t, de Volodimir Ribak h\u00e1zeln\u00f6k elutas\u00edtotta a k\u00e9r\u00e9st. A k\u00e9pvisel\u0151k a sz\u00f3noki emelv\u00e9nyhez rohantak, de Ribak hajthatatlan volt, \u00e9s szombat d\u00e9lel\u0151tt 10 \u00f3r\u00e1ig elnapolta a parlament plen\u00e1ris \u00fcl\u00e9s\u00e9t. (MTI)<\/p>\n<p><a title=\"Hely megnyit\u00e1sa\" href=\"http:\/\/lb.ua\/news\/2014\/02\/21\/256563_lider_pravogo_sektora_sdadim.html\" target=\"_blank\" rel=\"noopener\">http:\/\/lb.ua\/news\/2014\/02\/21\/256563_lider_pravogo_sektora_sdadim.html<\/a><br \/>\n<a title=\"Hely megnyit\u00e1sa\" href=\"http:\/\/www.pravda.com.ua\/rus\/news\/2014\/02\/21\/7015590\/\" target=\"_blank\" rel=\"noopener\">http:\/\/www.pravda.com.ua\/rus\/news\/2014\/02\/21\/7015590\/<\/a><br \/>\n<a title=\"Hely megnyit\u00e1sa\" href=\"http:\/\/www.pravda.com.ua\/rus\/news\/2014\/02\/21\/7015575\/\" target=\"_blank\" rel=\"noopener\">http:\/\/www.pravda.com.ua\/rus\/news\/2014\/02\/21\/7015575\/<\/a><\/p><div id=\"gazda-3979750250\" class=\"gazda-tartalomban gazda-entity-placement\"><script async src=\"https:\/\/pagead2.googlesyndication.com\/pagead\/js\/adsbygoogle.js\"><\/script>\r\n<ins class=\"adsbygoogle\"\r\n     style=\"display:block\"\r\n     data-ad-format=\"fluid\"\r\n     data-ad-layout-key=\"-6t+ed+2i-1n-4w\"\r\n     data-ad-client=\"ca-pub-1959107119989764\"\r\n     data-ad-slot=\"4008251320\"><\/ins>\r\n<script>\r\n     (adsbygoogle = window.adsbygoogle || []).push({});\r\n<\/script><\/div>\n","protected":false},"excerpt":{"rendered":"<p>A kijevi t\u00fcntet\u0151k ultim\u00e1tumot adtak Viktor Janukovics ukr\u00e1n eln\u00f6knek p\u00e9ntek este: mondjon le m\u00e1snap reggelig, k\u00fcl\u00f6nben fegyveres felkel\u00e9s t\u00f6r ki.<\/p>\n","protected":false},"author":1,"featured_media":0,"comment_status":"open","ping_status":"closed","sticky":false,"template":"","format":"standard","meta":[],"categories":[139],"tags":[],"_links":{"self":[{"href":"https:\/\/gazdasagportal.hu\/index.php\/wp-json\/wp\/v2\/posts\/28557"}],"collection":[{"href":"https:\/\/gazdasagportal.hu\/index.php\/wp-json\/wp\/v2\/posts"}],"about":[{"href":"https:\/\/gazdasagportal.hu\/index.php\/wp-json\/wp\/v2\/types\/post"}],"author":[{"embeddable":true,"href":"https:\/\/gazdasagportal.hu\/index.php\/wp-json\/wp\/v2\/users\/1"}],"replies":[{"embeddable":true,"href":"https:\/\/gazdasagportal.hu\/index.php\/wp-json\/wp\/v2\/comments?post=28557"}],"version-history":[{"count":1,"href":"https:\/\/gazdasagportal.hu\/index.php\/wp-json\/wp\/v2\/posts\/28557\/revisions"}],"predecessor-version":[{"id":28558,"href":"https:\/\/gazdasagportal.hu\/index.php\/wp-json\/wp\/v2\/posts\/28557\/revisions\/28558"}],"wp:attachment":[{"href":"https:\/\/gazdasagportal.hu\/index.php\/wp-json\/wp\/v2\/media?parent=28557"}],"wp:term":[{"taxonomy":"category","embeddable":true,"href":"https:\/\/gazdasagportal.hu\/index.php\/wp-json\/wp\/v2\/categories?post=28557"},{"taxonomy":"post_tag","embeddable":true,"href":"https:\/\/gazdasagportal.hu\/index.php\/wp-json\/wp\/v2\/tags?post=28557"}],"curies":[{"name":"wp","href":"https:\/\/api.w.org\/{rel}","templated":true}]}}