{"id":28547,"date":"2014-02-21T21:12:34","date_gmt":"2014-02-21T20:12:34","guid":{"rendered":"http:\/\/stockportal.hu\/?p=28547"},"modified":"2014-02-21T20:51:54","modified_gmt":"2014-02-21T19:51:54","slug":"ukran-valsag-europai-reagalasok-a-kijevi-megallapodasra","status":"publish","type":"post","link":"https:\/\/gazdasagportal.hu\/index.php\/ukran-valsag-europai-reagalasok-a-kijevi-megallapodasra\/","title":{"rendered":"Ukr\u00e1n v\u00e1ls\u00e1g &#8211; Eur\u00f3pai reag\u00e1l\u00e1sok a kijevi meg\u00e1llapod\u00e1sra"},"content":{"rendered":"<p><strong>Az Eur\u00f3pai Uni\u00f3 legmagasabb rang\u00fa vezet\u0151i \u00e9s Anders Fogh Ramsussen NATO-f\u0151titk\u00e1r\u00a0\u00a0 is k\u00f6zlem\u00e9nyben \u00fcdv\u00f6z\u00f6lte az ukr\u00e1n belpolitikai v\u00e1ls\u00e1gnak v\u00e9get vetni hivatott meg\u00e1llapod\u00e1st, amely az ellenz\u00e9k \u00e9s Viktor Janukovics \u00e1llamf\u0151 k\u00f6z\u00f6tt sz\u00fcletett p\u00e9nteken.<!--more--><\/strong><\/p>\n<p>&#8222;Ez a meg\u00e1llapod\u00e1s sz\u00fcks\u00e9ges kompromisszum az elengedhetetlen politikai p\u00e1rbesz\u00e9d beind\u00edt\u00e1sa \u00e9rdek\u00e9ben, az egyetlen m\u00f3d az eddig is minden oldalon t\u00fal sok szenved\u00e9st \u00e9s v\u00e9ront\u00e1st okoz\u00f3 v\u00e1ls\u00e1g b\u00e9k\u00e9s \u00e9s demokratikus rendez\u00e9s\u00e9re&#8221; &#8211; h\u00fazta al\u00e1 Herman Van Rompuy, az Eur\u00f3pai Tan\u00e1cs eln\u00f6ke.<br \/>\nVan Rompuy szerint mostant\u00f3l minden felet felel\u0151ss\u00e9g terhel az\u00e9rt, hogy a szavakat tettekre v\u00e1lts\u00e1k.<br \/>\nEz fontos l\u00e9p\u00e9s az er\u0151szak \u00e9s a tov\u00e1bbi v\u00e9ront\u00e1s elker\u00fcl\u00e9se, a b\u00e9ke \u00e9s stabilit\u00e1s el\u00e9r\u00e9se \u00e9s a politikai folyamat \u00fajraind\u00edt\u00e1sa \u00e9rdek\u00e9ben &#8211; \u00edrta az Eur\u00f3pai Bizotts\u00e1g els\u0151 embere, Jos\u00e9 Manuel Barroso, aki egy\u00fattal arra is figyelmeztetett, hogy a meg\u00e1llapod\u00e1sban foglaltakat halad\u00e9ktalanul meg is kell val\u00f3s\u00edtani, ezt pedig a nemzetk\u00f6zi k\u00f6z\u00f6ss\u00e9gnek k\u00f6teless\u00e9ge el\u0151seg\u00edteni.<br \/>\n&#8222;Az Eur\u00f3pai Uni\u00f3 tov\u00e1bbra is t\u00e1mogatja ezeket a t\u00f6rekv\u00e9seket, \u00e9s t\u00f6retlen\u00fcl elk\u00f6telezett Ukrajna politikai \u00e9s gazdas\u00e1gi reformjainak t\u00e1mogat\u00e1sa mellett&#8221; &#8211; z\u00e1rta k\u00f6zlem\u00e9ny\u00e9t a bizotts\u00e1g eln\u00f6ke.<br \/>\nCatherine Ashton, az EU k\u00fcl\u00fcgyi f\u0151k\u00e9pvisel\u0151je az egyezs\u00e9get \u00fcdv\u00f6zlend\u0151 arra mutatott r\u00e1, hogy a demokratikus \u00e9s b\u00e9k\u00e9s megold\u00e1s jelenti az egyed\u00fcli kiutat az ukr\u00e1n v\u00e1ls\u00e1gb\u00f3l.<br \/>\n&#8222;Minden al\u00e1\u00edr\u00f3t felsz\u00f3l\u00edtok, hogy tartsa tiszteletben a meg\u00e1llapod\u00e1st, \u00e9s eml\u00e9keztetek, hogy teljes m\u00e9rt\u00e9kben Ukrajna feladata \u00e9s felel\u0151ss\u00e9ge annak azonnali megval\u00f3s\u00edt\u00e1sa&#8221; &#8211; h\u00fazta al\u00e1 az uni\u00f3s diplom\u00e1cia vezet\u0151je. Egy\u00fattal azt is hangs\u00falyozta, hogy az er\u0151szaknak azonnal v\u00e9get kell vetni, marad\u00e9ktalanul szavatolni kell az emberi jogok \u00e9rv\u00e9nyes\u00fcl\u00e9s\u00e9t \u00e9s az alapvet\u0151 szabads\u00e1gjogokat, a jogs\u00e9rt\u00e9seket pedig fel kell t\u00e1rni.<br \/>\n&#8222;A felel\u0151s\u00f6ket b\u00edr\u00f3s\u00e1g el\u00e9 kell \u00e1ll\u00edtani&#8221; &#8211; nyomat\u00e9kos\u00edtotta Ashton, vil\u00e1goss\u00e1 t\u00e9ve, hogy az EU m\u00e1s nemzetk\u00f6zi szervezetekkel egy\u00fcttm\u0171k\u00f6dve k\u00e9sz teljes m\u00e9rt\u00e9kben t\u00e1mogatni a meg\u00e1llapod\u00e1s megval\u00f3s\u00edt\u00e1s\u00e1t.<br \/>\nMartin Schulz, az Eur\u00f3pai Parlament eln\u00f6ke \u00fagy v\u00e9lekedett, hogy az egyezs\u00e9g rem\u00e9nyt teremt, hogy Ukrajna elker\u00fcli a legrosszabbat, az er\u0151szak eszkal\u00e1ci\u00f3j\u00e1t \u00e9s m\u00e9g t\u00f6bb hal\u00e1lt. A n\u00e9met szoci\u00e1ldemokrata politikus \u00fcdv\u00f6z\u00f6lte a meg\u00e1llapod\u00e1st, \u00e1m eml\u00e9keztetett: a bizalom \u00e9s a stabilit\u00e1s \u00fajj\u00e1\u00e9p\u00edt\u00e9se nem lesz egyszer\u0171.<br \/>\n&#8222;Az er\u0151szaknak azonnal v\u00e9get kell vetni&#8221; &#8211; nyomat\u00e9kos\u00edtotta Schulz, aki szerint a v\u00e1ls\u00e1gnak b\u00e9k\u00e9s politikai folyamat kell v\u00e9get vessen, ami minden f\u00e9lt\u0151l komoly k\u00f6telezetts\u00e9gv\u00e1llal\u00e1st k\u00f6vetel, k\u00fcl\u00f6n\u00f6sen a hat\u00f3s\u00e1gokt\u00f3l.<br \/>\nAz egyezm\u00e9ny al\u00e1\u00edr\u00e1s\u00e1t k\u00f6vet\u0151en Thorbjorn Jagland, az Eur\u00f3pa Tan\u00e1cs f\u0151titk\u00e1ra is t\u00e1mogat\u00e1s\u00e1r\u00f3l biztos\u00edtotta azt, s k\u00f6z\u00f6lte: az Eur\u00f3pa Tan\u00e1cs k\u00e9sz halad\u00e9ktalanul v\u00e1llalni a megegyez\u00e9s \u00e1ltal r\u00e1r\u00f3tt feladatokat.<br \/>\nAz ukr\u00e1n eln\u00f6k \u00e9s az ellenz\u00e9k \u00e1ltal al\u00e1\u00edrt egyezs\u00e9g, amelyet d\u00e9lut\u00e1n a n\u00e9met k\u00fcl\u00fcgyminiszt\u00e9rium az interneten is k\u00f6zz\u00e9tett, k\u00e9t ponton eml\u00edti az Eur\u00f3pa Tan\u00e1csot. Egyr\u00e9szt az er\u0151szakcselekm\u00e9nyek kivizsg\u00e1l\u00e1s\u00e1ban sz\u00e1m\u00edt a 47 tag\u00e1llamot t\u00f6m\u00f6r\u00edt\u0151 p\u00e1neur\u00f3pai szervezet seg\u00edts\u00e9g\u00e9re, m\u00e1sr\u00e9szt az \u00faj v\u00e1laszt\u00e1si t\u00f6rv\u00e9ny kidolgoz\u00e1s\u00e1ban \u00e9s az \u00faj K\u00f6zponti V\u00e1laszt\u00e1si Bizotts\u00e1g megalak\u00edt\u00e1s\u00e1ban \u00edrja el\u0151 az Eur\u00f3pai Biztons\u00e1gi \u00e9s Egy\u00fcttm\u0171k\u00f6d\u00e9si Szervezet, valamint az Eur\u00f3pa Tan\u00e1cs int\u00e9zm\u00e9nyi csal\u00e1dj\u00e1hoz tartoz\u00f3 alkotm\u00e1ny\u00fcgyi tan\u00e1csad\u00f3 test\u00fclet, a Velencei Bizotts\u00e1g szab\u00e1lyainak betart\u00e1s\u00e1t.<br \/>\nAnders Fogh Rasmussen NATO f\u0151titk\u00e1r k\u00f6zlem\u00e9ny\u00e9ben lesz\u00f6gezte: a meg\u00e1llapod\u00e1s v\u00e9get kell vessen a v\u00e9ront\u00e1snak \u00e9s a szenved\u00e9snek, valamint utat kell nyisson a demokratikus p\u00e1rbesz\u00e9dhez \u00e9s reformokhoz.<br \/>\nA d\u00e1n politikus k\u00f6z\u00f6lte, hogy a NATO elk\u00f6telezett az ukrajnai reformfolyamat t\u00e1mogat\u00e1sa mellett.<br \/>\n&#8222;Minden felet felsz\u00f3l\u00edtok, hogy marad\u00e9ktalanul teljes\u00edtse a meg\u00e1llapod\u00e1sban foglaltakat, \u00e9s tart\u00f3zkodjon a tov\u00e1bbi er\u0151szakt\u00f3l&#8221; &#8211; \u00edrta k\u00f6zlem\u00e9ny\u00e9ben a f\u0151titk\u00e1r \u00e9s hozz\u00e1f\u0171zte: a szuver\u00e9n, f\u00fcggetlen, a demokr\u00e1cia \u00e9s a jog\u00e1llamis\u00e1g mellett elk\u00f6telezett Ukrajna kulcsfontoss\u00e1g\u00fa az euroatlanti t\u00e9rs\u00e9g biztons\u00e1ga szempontj\u00e1b\u00f3l.(MTI)<\/p>\n","protected":false},"excerpt":{"rendered":"<p>Az Eur\u00f3pai Uni\u00f3 legmagasabb rang\u00fa vezet\u0151i \u00e9s Anders Fogh Ramsussen NATO-f\u0151titk\u00e1r\u00a0\u00a0 is k\u00f6zlem\u00e9nyben \u00fcdv\u00f6z\u00f6lte az ukr\u00e1n belpolitikai v\u00e1ls\u00e1gnak v\u00e9get vetni hivatott meg\u00e1llapod\u00e1st, amely az ellenz\u00e9k \u00e9s Viktor Janukovics \u00e1llamf\u0151 k\u00f6z\u00f6tt sz\u00fcletett p\u00e9nteken.<\/p>\n","protected":false},"author":1,"featured_media":0,"comment_status":"open","ping_status":"closed","sticky":false,"template":"","format":"standard","meta":[],"categories":[139],"tags":[],"_links":{"self":[{"href":"https:\/\/gazdasagportal.hu\/index.php\/wp-json\/wp\/v2\/posts\/28547"}],"collection":[{"href":"https:\/\/gazdasagportal.hu\/index.php\/wp-json\/wp\/v2\/posts"}],"about":[{"href":"https:\/\/gazdasagportal.hu\/index.php\/wp-json\/wp\/v2\/types\/post"}],"author":[{"embeddable":true,"href":"https:\/\/gazdasagportal.hu\/index.php\/wp-json\/wp\/v2\/users\/1"}],"replies":[{"embeddable":true,"href":"https:\/\/gazdasagportal.hu\/index.php\/wp-json\/wp\/v2\/comments?post=28547"}],"version-history":[{"count":1,"href":"https:\/\/gazdasagportal.hu\/index.php\/wp-json\/wp\/v2\/posts\/28547\/revisions"}],"predecessor-version":[{"id":28548,"href":"https:\/\/gazdasagportal.hu\/index.php\/wp-json\/wp\/v2\/posts\/28547\/revisions\/28548"}],"wp:attachment":[{"href":"https:\/\/gazdasagportal.hu\/index.php\/wp-json\/wp\/v2\/media?parent=28547"}],"wp:term":[{"taxonomy":"category","embeddable":true,"href":"https:\/\/gazdasagportal.hu\/index.php\/wp-json\/wp\/v2\/categories?post=28547"},{"taxonomy":"post_tag","embeddable":true,"href":"https:\/\/gazdasagportal.hu\/index.php\/wp-json\/wp\/v2\/tags?post=28547"}],"curies":[{"name":"wp","href":"https:\/\/api.w.org\/{rel}","templated":true}]}}