{"id":28525,"date":"2014-02-21T16:28:19","date_gmt":"2014-02-21T15:28:19","guid":{"rendered":"http:\/\/stockportal.hu\/?p=28525"},"modified":"2014-02-21T16:20:52","modified_gmt":"2014-02-21T15:20:52","slug":"ukran-valsag-szakerto-tul-keson-tett-bejelentest-janukovics-az-ellenzek-felteteleinek-elfogadasarol","status":"publish","type":"post","link":"https:\/\/gazdasagportal.hu\/index.php\/ukran-valsag-szakerto-tul-keson-tett-bejelentest-janukovics-az-ellenzek-felteteleinek-elfogadasarol\/","title":{"rendered":"Ukr\u00e1n v\u00e1ls\u00e1g &#8211; Szak\u00e9rt\u0151: T\u00fal k\u00e9s\u0151n tett bejelent\u00e9st Janukovics az ellenz\u00e9k felt\u00e9teleinek elfogad\u00e1s\u00e1r\u00f3l"},"content":{"rendered":"<p><strong>T\u00fal k\u00e9s\u0151n tett bejelent\u00e9st Viktor Janukovics ukr\u00e1n eln\u00f6k az ellenz\u00e9k felt\u00e9teleinek elfogad\u00e1s\u00e1r\u00f3l, kiz\u00e1rt, hogy ezzel megold\u00f3dna a v\u00e1ls\u00e1g &#8211; mondta P\u00f3ti L\u00e1szl\u00f3, a Magyar K\u00fcl\u00fcgyi Int\u00e9zet tudom\u00e1nyos f\u0151munkat\u00e1rsa p\u00e9nteken az MTI-nek.<!--more--><\/strong><\/p>\n<div id=\"zone[zona]\"><\/div>\n<p><script type=\"text\/javascript\">\/\/ <![CDATA[\nvar rid = 100000 + Math.floor(Math.random()*99999); var b = document.createElement(\"div\"); b.setAttribute(\"id\", \"v4u_c_\"+rid+\"_3\"); var r = document.getElementById(\"zone[zona]\"); r.parentNode.insertBefore(b,r); r.setAttribute(\"id\", \"\"); (function(w, d, s, rid) { function go(){ var js, fjs = d.getElementsByTagName(s)[0], load = function(url, id) { if (d.getElementById(id)) { d.getElementById(id).onload = d.getElementById(id).onreadystatechange = function() { if (typeof vid4u != 'undefined') vid4u.init(480,289,\"0scneAox4k\",null,3, rid);}; return; } js = d.createElement(s); js.src = url; js.id = id; fjs.parentNode.insertBefore(js, fjs); js.onload = js.onreadystatechange = function() { if (typeof vid4u != 'undefined') vid4u.init(480,289,\"0scneAox4k\",null,3, rid); };}; load(\"\/\/video.vid4u.org\/vid4ul.js\", \"vjs_\"+rid); } go(); }(window, document, \"script\", rid));\n\/\/ ]]><\/script><\/p>\n<p>Az elemz\u0151 kiemelte: b\u00e1r az \u00e1llamf\u0151 engedett az ellenz\u00e9k k\u00f6vetel\u00e9seinek, \u00e9s elfogadta az el\u0151re hozott eln\u00f6kv\u00e1laszt\u00e1sokat, az \u00e1tmeneti korm\u00e1ny fel\u00e1ll\u00edt\u00e1s\u00e1t, valamint az orsz\u00e1g berendezked\u00e9s\u00e9nek megv\u00e1ltoztat\u00e1s\u00e1t, ez t\u00fal k\u00e9s\u0151n j\u00f6tt \u00e9s t\u00fal kev\u00e9s. \u00c9ppen h\u00e1rom h\u00f3napja, november 21-\u00e9n kezd\u0151d\u00f6tt a politikai v\u00e1ls\u00e1g, sok minden t\u00f6rt\u00e9nt ezen id\u0151szak alatt.<br \/>\nHa Janukovics novemberben teljes\u00edtette volna az akkori tiltakoz\u00f3k k\u00f6vetel\u00e9s\u00e9t, \u00e9s lev\u00e1ltotta volna a korm\u00e1nyt, menesztette volna a bel\u00fcgyminisztert, aki az els\u0151 t\u00e1mad\u00e1st elrendelte a demonstr\u00e1l\u00f3k ellen, akkor ma demokrata lenne \u00e9s legitim eln\u00f6k &#8211; v\u00e9lekedett. \u00dagy l\u00e1tja, az\u00f3ta azonban az eln\u00f6k olyan l\u00e9p\u00e9seket tett, amelyek miatt &#8222;politikai halottnak&#8221; tekinthet\u0151, elk\u00e9pzelhet\u0151, hogy a h\u00e1gai b\u00edr\u00f3s\u00e1g vonja felel\u0151ss\u00e9gre, vagy el kell menek\u00fclnie az orsz\u00e1gb\u00f3l.<br \/>\nP\u00f3ti L\u00e1szl\u00f3 szerint hi\u00e1ba j\u00f6tt l\u00e9tre az Eur\u00f3pai Uni\u00f3 &#8222;hathat\u00f3s, eredm\u00e9nyes seg\u00edts\u00e9g\u00e9vel&#8221; a kompromisszum az ellenz\u00e9ki p\u00e1rtok \u00e9s az \u00e1llamf\u0151 k\u00f6z\u00f6tt, ezt a t\u00fcntetet\u0151k nem fogadj\u00e1k el. Ugyanakkor fontosnak tartotta hangs\u00falyozni, hogy nagyon mark\u00e1ns k\u00fcl\u00f6nbs\u00e9g van a Majdanon t\u00fcntetet\u0151k \u00e9s az ellenz\u00e9ki p\u00e1rtok k\u00f6z\u00f6tt. A majdani demonstr\u00e1l\u00f3k &#8222;a v\u00e9gletekig radikaliz\u00e1l\u00f3dtak&#8221;, \u00e9s m\u00e1r nem tartj\u00e1k \u0151ket kontroll alatt az ellenz\u00e9ki p\u00e1rtok &#8211; mutatott r\u00e1. Hozz\u00e1f\u0171zte: Janukovics int\u00e9zked\u00e9sei miatt a t\u00fcntet\u0151kre m\u00e1r az eur\u00f3pai k\u00f6zeled\u00e9s c\u00e9lja sem hat, \u0151k m\u00e1r csak egyet akarnak: az eln\u00f6k azonnali lemond\u00e1s\u00e1t, \u00e9s ezzel nem akarnak egy esetleges decemberi v\u00e1laszt\u00e1sig v\u00e1rni.<br \/>\nA kutat\u00f3 azt mondta, &#8222;Janukovics tette menthetetlen, felel\u0151ss\u00e9ge vitathatatlan&#8221;, mennie kell. A t\u00fcntet\u0151k nem fogadj\u00e1k el a kompromisszumot, \u00e9s &#8222;ennek l\u00e1tni fogjuk a jeleit pillanatokon bel\u00fcl&#8221; &#8211; k\u00f6z\u00f6lte.<br \/>\nP\u00f3ti L\u00e1szl\u00f3 v\u00e9lem\u00e9nye szerint az eln\u00f6k lemond\u00e1s\u00e1t k\u00f6vetelve a t\u00fcntet\u0151k folytatni fogj\u00e1k a tiltakoz\u00e1st, \u00e9s ha a rend\u0151r\u00f6k megpr\u00f3b\u00e1lj\u00e1k felsz\u00e1molni a demonstr\u00e1ci\u00f3t, akkor szembesz\u00e1llnak vel\u00fck.<br \/>\nAz elemz\u0151 szerint kiz\u00e1rt teh\u00e1t, hogy Janukovics mostani bejelent\u00e9se nyom\u00e1n rendez\u0151dne a helyzet, az eln\u00f6k &#8211; mint fogalmazott &#8211; ink\u00e1bb &#8222;mondjon le \u00f6nk\u00e9nt, a saj\u00e1t \u00e9rdek\u00e9ben rep\u00fclj\u00f6n el Moszkv\u00e1ba \u00e9s b\u00fajjon el, vagy pedig mondjon le \u00e9s menjen a h\u00e1gai b\u00edr\u00f3s\u00e1g el\u00e9, akkor meg\u00fassza \u00e9lve&#8221;. Hozz\u00e1tette: ha nem mond le, akkor ak\u00e1rmi megt\u00f6rt\u00e9nhet Ukrajn\u00e1ban.<br \/>\nViktor Janukovics ukr\u00e1n eln\u00f6k \u00e9s a h\u00e1rom ellenz\u00e9ki vezet\u0151 p\u00e9nteken meg\u00e1llapod\u00e1st \u00edrt al\u00e1 a v\u00e1ls\u00e1g rendez\u00e9s\u00e9r\u0151l. Janukovics d\u00e9lel\u0151tt jelentette be, hogy el\u0151re hozott eln\u00f6kv\u00e1laszt\u00e1st kezdem\u00e9nyez, tov\u00e1bb\u00e1 beleegyezett az alkotm\u00e1nyreformba \u00e9s egy nemzeti egys\u00e9gkorm\u00e1ny megalak\u00edt\u00e1s\u00e1ba.<\/p>\n","protected":false},"excerpt":{"rendered":"<p>T\u00fal k\u00e9s\u0151n tett bejelent\u00e9st Viktor Janukovics ukr\u00e1n eln\u00f6k az ellenz\u00e9k felt\u00e9teleinek elfogad\u00e1s\u00e1r\u00f3l, kiz\u00e1rt, hogy ezzel megold\u00f3dna a v\u00e1ls\u00e1g &#8211; mondta P\u00f3ti L\u00e1szl\u00f3, a Magyar K\u00fcl\u00fcgyi Int\u00e9zet tudom\u00e1nyos f\u0151munkat\u00e1rsa p\u00e9nteken az MTI-nek.<\/p>\n","protected":false},"author":1,"featured_media":0,"comment_status":"open","ping_status":"closed","sticky":false,"template":"","format":"standard","meta":[],"categories":[139],"tags":[],"_links":{"self":[{"href":"https:\/\/gazdasagportal.hu\/index.php\/wp-json\/wp\/v2\/posts\/28525"}],"collection":[{"href":"https:\/\/gazdasagportal.hu\/index.php\/wp-json\/wp\/v2\/posts"}],"about":[{"href":"https:\/\/gazdasagportal.hu\/index.php\/wp-json\/wp\/v2\/types\/post"}],"author":[{"embeddable":true,"href":"https:\/\/gazdasagportal.hu\/index.php\/wp-json\/wp\/v2\/users\/1"}],"replies":[{"embeddable":true,"href":"https:\/\/gazdasagportal.hu\/index.php\/wp-json\/wp\/v2\/comments?post=28525"}],"version-history":[{"count":1,"href":"https:\/\/gazdasagportal.hu\/index.php\/wp-json\/wp\/v2\/posts\/28525\/revisions"}],"predecessor-version":[{"id":28526,"href":"https:\/\/gazdasagportal.hu\/index.php\/wp-json\/wp\/v2\/posts\/28525\/revisions\/28526"}],"wp:attachment":[{"href":"https:\/\/gazdasagportal.hu\/index.php\/wp-json\/wp\/v2\/media?parent=28525"}],"wp:term":[{"taxonomy":"category","embeddable":true,"href":"https:\/\/gazdasagportal.hu\/index.php\/wp-json\/wp\/v2\/categories?post=28525"},{"taxonomy":"post_tag","embeddable":true,"href":"https:\/\/gazdasagportal.hu\/index.php\/wp-json\/wp\/v2\/tags?post=28525"}],"curies":[{"name":"wp","href":"https:\/\/api.w.org\/{rel}","templated":true}]}}