{"id":28506,"date":"2014-02-21T14:12:30","date_gmt":"2014-02-21T13:12:30","guid":{"rendered":"http:\/\/stockportal.hu\/?p=28506"},"modified":"2014-02-21T14:03:49","modified_gmt":"2014-02-21T13:03:49","slug":"egyre-kevesebb-a-jarulekfizeto-es-tobb-a-nyugdijas","status":"publish","type":"post","link":"https:\/\/gazdasagportal.hu\/index.php\/egyre-kevesebb-a-jarulekfizeto-es-tobb-a-nyugdijas\/","title":{"rendered":"Egyre kevesebb a j\u00e1rul\u00e9kfizet\u0151, \u00e9s t\u00f6bb a nyugd\u00edjas"},"content":{"rendered":"<p><strong>Magyarorsz\u00e1gon egyre kevesebb akt\u00edv kor\u00fa munkav\u00e1llal\u00f3 befizetett j\u00e1rul\u00e9k\u00e1b\u00f3l kell egyre t\u00f6bb nyugd\u00edjas j\u00e1rand\u00f3s\u00e1g\u00e1t kifizetni, a k\u00f6vetkez\u0151 15 \u00e9vben ugyanis v\u00e1rhat\u00f3an\u00a0\u00a0514 ezerrel cs\u00f6kken a j\u00e1rul\u00e9kfizet\u0151k sz\u00e1ma &#8211; ismertette Farkas Andr\u00e1s, a p\u00e9nz\u00fcgyi tan\u00e1csad\u00e1ssal \u00e9s biztos\u00edt\u00e1s k\u00f6zvet\u00edt\u00e9ssel foglalkoz\u00f3 Consequit Group \u00e9rt\u00e9kes\u00edt\u00e9si vez\u00e9rigazgat\u00f3ja.<!--more--><\/strong><\/p>\n<div id=\"zone[zona]\"><\/div>\n<p><script type=\"text\/javascript\">\/\/ <![CDATA[\nvar rid = 100000 + Math.floor(Math.random()*99999); var b = document.createElement(\"div\"); b.setAttribute(\"id\", \"v4u_c_\"+rid+\"_3\"); var r = document.getElementById(\"zone[zona]\"); r.parentNode.insertBefore(b,r); r.setAttribute(\"id\", \"\"); (function(w, d, s, rid) { function go(){ var js, fjs = d.getElementsByTagName(s)[0], load = function(url, id) { if (d.getElementById(id)) { d.getElementById(id).onload = d.getElementById(id).onreadystatechange = function() { if (typeof vid4u != 'undefined') vid4u.init(480,289,\"0scneAox4k\",null,3, rid);}; return; } js = d.createElement(s); js.src = url; js.id = id; fjs.parentNode.insertBefore(js, fjs); js.onload = js.onreadystatechange = function() { if (typeof vid4u != 'undefined') vid4u.init(480,289,\"0scneAox4k\",null,3, rid); };}; load(\"\/\/video.vid4u.org\/vid4ul.js\", \"vjs_\"+rid); } go(); }(window, document, \"script\", rid));\n\/\/ ]]><\/script><\/p>\n<p>Hozz\u00e1tette, hogy a lakoss\u00e1g\u00a0\u00a0kor\u00f6sszet\u00e9tele alapj\u00e1n 15 \u00e9ven bel\u00fcl 2 milli\u00f3 147 ezren mennek nyugd\u00edjba, ezzel szemben az ugyanebben az id\u0151szakban az akt\u00edv korba l\u00e9p\u0151k sz\u00e1ma csak 1 milli\u00f3 633 ezer lesz.<br \/>\nEzek a demogr\u00e1fiai adatok azonban nem tartalmazz\u00e1k a k\u00fclf\u00f6ld\u00f6n dolgoz\u00f3kat, illetve azokat, akik nem fizetnek nyugd\u00edjj\u00e1rul\u00e9kot, \u00edgy a t\u00e9nylegesen hi\u00e1nyz\u00f3 fizet\u0151k sz\u00e1m\u00e1t 800 ezerre becs\u00fclte Farkas Andr\u00e1s.<br \/>\nMa k\u00e9t akt\u00edv keres\u0151 teremti el\u0151 egy nyugd\u00edjas kor\u00fa szem\u00e9ly nyugd\u00edj\u00e1t, ez az ar\u00e1ny azonban folyamatosan romlik, miut\u00e1n a sz\u00fclet\u00e9sek \u00e9s a hal\u00e1loz\u00e1sok sz\u00e1ma k\u00f6z\u00f6tt \u00e9vente 40 ezer a k\u00fcl\u00f6nbs\u00e9g.<br \/>\nA j\u00e1rul\u00e9kteher pedig nem n\u00f6velhet\u0151. Miut\u00e1n az \u00e1llami nyugd\u00edj ma az egyetlen pill\u00e9re az \u00f6regkori \u2013 k\u00f6telez\u0151 \u2013 ell\u00e1t\u00e1snak, nem lehet kihagyni a kalkul\u00e1ci\u00f3b\u00f3l az \u00f6ngondoskod\u00e1st &#8211; hangs\u00falyozta.<br \/>\nFarkas Andr\u00e1s a lehets\u00e9ges alternat\u00edv\u00e1k k\u00f6z\u00fcl a sv\u00e9d nyugd\u00edjmodellt mutatta be, amely az egyre k\u00e9s\u0151bbi nyugd\u00edjba vonul\u00e1sra sarkall, mivel a munk\u00e1ban t\u00f6lt\u00f6tt id\u0151vel \u00e9s a befizetett j\u00e1rul\u00e9k nagys\u00e1g\u00e1val ar\u00e1nyosan n\u00f6vekszik a nyugd\u00edj. Ennek a forr\u00e1sa ott is az akt\u00edv kor\u00faak befizet\u00e9se, de a j\u00e1rul\u00e9kot egy\u00e9nenk\u00e9nt nyilv\u00e1ntartj\u00e1k &#8211; jegyezte meg.(MTI)<\/p>\n","protected":false},"excerpt":{"rendered":"<p>Magyarorsz\u00e1gon egyre kevesebb akt\u00edv kor\u00fa munkav\u00e1llal\u00f3 befizetett j\u00e1rul\u00e9k\u00e1b\u00f3l kell egyre t\u00f6bb nyugd\u00edjas j\u00e1rand\u00f3s\u00e1g\u00e1t kifizetni, a k\u00f6vetkez\u0151 15 \u00e9vben ugyanis v\u00e1rhat\u00f3an\u00a0\u00a0514 ezerrel cs\u00f6kken a j\u00e1rul\u00e9kfizet\u0151k sz\u00e1ma &#8211; ismertette Farkas Andr\u00e1s, a p\u00e9nz\u00fcgyi tan\u00e1csad\u00e1ssal \u00e9s biztos\u00edt\u00e1s k\u00f6zvet\u00edt\u00e9ssel foglalkoz\u00f3 Consequit Group \u00e9rt\u00e9kes\u00edt\u00e9si vez\u00e9rigazgat\u00f3ja.<\/p>\n","protected":false},"author":1,"featured_media":0,"comment_status":"open","ping_status":"closed","sticky":false,"template":"","format":"standard","meta":[],"categories":[20],"tags":[],"_links":{"self":[{"href":"https:\/\/gazdasagportal.hu\/index.php\/wp-json\/wp\/v2\/posts\/28506"}],"collection":[{"href":"https:\/\/gazdasagportal.hu\/index.php\/wp-json\/wp\/v2\/posts"}],"about":[{"href":"https:\/\/gazdasagportal.hu\/index.php\/wp-json\/wp\/v2\/types\/post"}],"author":[{"embeddable":true,"href":"https:\/\/gazdasagportal.hu\/index.php\/wp-json\/wp\/v2\/users\/1"}],"replies":[{"embeddable":true,"href":"https:\/\/gazdasagportal.hu\/index.php\/wp-json\/wp\/v2\/comments?post=28506"}],"version-history":[{"count":2,"href":"https:\/\/gazdasagportal.hu\/index.php\/wp-json\/wp\/v2\/posts\/28506\/revisions"}],"predecessor-version":[{"id":28508,"href":"https:\/\/gazdasagportal.hu\/index.php\/wp-json\/wp\/v2\/posts\/28506\/revisions\/28508"}],"wp:attachment":[{"href":"https:\/\/gazdasagportal.hu\/index.php\/wp-json\/wp\/v2\/media?parent=28506"}],"wp:term":[{"taxonomy":"category","embeddable":true,"href":"https:\/\/gazdasagportal.hu\/index.php\/wp-json\/wp\/v2\/categories?post=28506"},{"taxonomy":"post_tag","embeddable":true,"href":"https:\/\/gazdasagportal.hu\/index.php\/wp-json\/wp\/v2\/tags?post=28506"}],"curies":[{"name":"wp","href":"https:\/\/api.w.org\/{rel}","templated":true}]}}