{"id":28501,"date":"2014-02-21T13:31:05","date_gmt":"2014-02-21T12:31:05","guid":{"rendered":"http:\/\/stockportal.hu\/?p=28501"},"modified":"2014-02-21T13:32:06","modified_gmt":"2014-02-21T12:32:06","slug":"orban-2018-ra-szelessavu-internet-lesz-minden-magyar-haztartasban","status":"publish","type":"post","link":"https:\/\/gazdasagportal.hu\/index.php\/orban-2018-ra-szelessavu-internet-lesz-minden-magyar-haztartasban\/","title":{"rendered":"Orb\u00e1n: 2018-ra sz\u00e9less\u00e1v\u00fa internet lesz minden magyar h\u00e1ztart\u00e1sban"},"content":{"rendered":"<p><strong>Magyarorsz\u00e1gon 2018-ra minden h\u00e1ztart\u00e1sban lesz sz\u00e9less\u00e1v\u00fa internet &#8211; k\u00f6z\u00f6lte Orb\u00e1n Viktor minisztereln\u00f6k p\u00e9nteken Budapesten, a kabinet \u00e9s a Magyar Telekom k\u00f6z\u00f6tti partners\u00e9gi meg\u00e1llapod\u00e1s al\u00e1\u00edr\u00e1si \u00fcnneps\u00e9g\u00e9n.<!--more--><\/strong><\/p>\n<div id=\"zone[zona]\"><\/div>\n<p><script type=\"text\/javascript\">\/\/ <![CDATA[\nvar rid = 100000 + Math.floor(Math.random()*99999); var b = document.createElement(\"div\"); b.setAttribute(\"id\", \"v4u_c_\"+rid+\"_3\"); var r = document.getElementById(\"zone[zona]\"); r.parentNode.insertBefore(b,r); r.setAttribute(\"id\", \"\"); (function(w, d, s, rid) { function go(){ var js, fjs = d.getElementsByTagName(s)[0], load = function(url, id) { if (d.getElementById(id)) { d.getElementById(id).onload = d.getElementById(id).onreadystatechange = function() { if (typeof vid4u != 'undefined') vid4u.init(480,289,\"0scneAox4k\",null,3, rid);}; return; } js = d.createElement(s); js.src = url; js.id = id; fjs.parentNode.insertBefore(js, fjs); js.onload = js.onreadystatechange = function() { if (typeof vid4u != 'undefined') vid4u.init(480,289,\"0scneAox4k\",null,3, rid); };}; load(\"\/\/video.vid4u.org\/vid4ul.js\", \"vjs_\"+rid); } go(); }(window, document, \"script\", rid));\n\/\/ ]]><\/script><\/p>\n<p>A korm\u00e1nyf\u0151 eml\u00e9keztetett, Magyarorsz\u00e1g az Eur\u00f3pai Uni\u00f3nak azt a v\u00e1llal\u00e1st tette, hogy 2020-ra minden magyar h\u00e1ztart\u00e1sban lesz sz\u00e9less\u00e1v\u00fa internet. &#8222;A mi meg\u00e1llapod\u00e1sunk azt teszi lehet\u0151v\u00e9, hogy ezt az \u00e1llapotot (&#8230;) Magyarorsz\u00e1g 2018-ra el\u00e9ri&#8221;, teh\u00e1t j\u00f3val az EU-s hat\u00e1rid\u0151 el\u0151tt &#8211; hangs\u00falyozta. Hozz\u00e1tette, az infrastrukt\u00fara kialak\u00edt\u00e1s\u00e1hoz t\u00f6bb sz\u00e1z milli\u00e1rd forintra van sz\u00fcks\u00e9g, amelyet r\u00e9szben a Deutsche Telekom, r\u00e9szben pedig a magyar \u00e1llam teremt majd el\u0151.<br \/>\nOrb\u00e1n Viktor azt mondta, &#8222;most m\u00e1r nincs vissza\u00fat, mi lesz\u00fcnk a legjobbak&#8221;, re\u00e1lis es\u00e9ly\u00fcnk van arra, hogy a magyar legyen Eur\u00f3pa egyik legmodernebb, a legjobb telekommunik\u00e1ci\u00f3s infrastrukt\u00far\u00e1val rendelkez\u0151 gazdas\u00e1ga.<br \/>\nA Magyar Telekommal k\u00f6t\u00f6tt meg\u00e1llapod\u00e1st egy komoly m\u00faltra visszatekint\u0151 bar\u00e1ts\u00e1g meger\u0151s\u00edt\u00e9s\u00e9nek nevezte a minisztereln\u00f6k. Kiemelte, a Magyar Telekom f\u0151 tulajdonos\u00e1r\u00f3l, a n\u00e9met Deutsche Telekomr\u00f3l els\u0151k\u00e9nt a b\u00fcszkes\u00e9g jut esz\u00e9be, b\u00fcszk\u00e9nek lenni arra, amit csin\u00e1lnak, azaz hogy technol\u00f3gi\u00e1juk el\u0151reviszi a vil\u00e1got.<br \/>\nA Telekom az elm\u00falt h\u00fasz \u00e9vben 1800 milli\u00e1rd forint \u00e9rt\u00e9k\u0171 beruh\u00e1z\u00e1st hajtott v\u00e9gre Magyarorsz\u00e1gon, ahol 12 ezer embert foglalkoztat &#8211; a besz\u00e1ll\u00edt\u00f3in\u00e1l pedig tov\u00e1bbi sz\u00e1zezer munkav\u00e1llal\u00f3 dolgozik -, \u00e9s \u00e9vente 140 milli\u00e1rd forint ad\u00f3t fizet, amivel az orsz\u00e1g egyik legnagyobb ad\u00f3fizet\u0151je &#8211; sorolta az adatokat Orb\u00e1n Viktor, \u00fagy fogalmazva, hogy nem v\u00e1s\u00e1rl\u00f3i, hanem &#8222;r\u00e9sztvev\u0151i vagyunk&#8221; a Deutsche Telekomnak, hiszen a magyaroknak is lehet\u0151s\u00e9g\u00fck van a c\u00e9g k\u00f6z\u00f6s m\u0171k\u00f6dtet\u00e9s\u00e9re.<br \/>\nFelh\u00edvta a figyelmet arra is, hogy a Deutsche Telekom jelent\u0151s t\u00e1mogat\u00f3ja a magyar sportnak \u00e9s kult\u00far\u00e1nak, \u00edgy p\u00e9ld\u00e1ul a p\u00e9nteki al\u00e1\u00edr\u00e1si cerem\u00f3ni\u00e1nak otthont ad\u00f3 Budapest Music Centernek is elk\u00f6telezett partnere, nagyban hozz\u00e1j\u00e1rul a m\u0171k\u00f6dtet\u00e9s\u00e9hez.<br \/>\nBesz\u00e9de v\u00e9g\u00e9n a minisztereln\u00f6k r\u00e1mutatott: a t\u00e1vk\u00f6zl\u00e9si \u00e9s IT-szektor ma a magyar GDP k\u00f6r\u00fclbel\u00fcl 12-14 sz\u00e1zal\u00e9k\u00e1t \u00e1ll\u00edtja el\u0151, ami az id\u0151nk\u00e9nt &#8222;a magyar gazdas\u00e1g alulfejletts\u00e9g\u00e9r\u0151l sz\u00f3l\u00f3 el\u0151ad\u00e1sok f\u00e9ny\u00e9ben&#8221; meglep\u0151en magas sz\u00e1m. Tavaly a magyar gazdas\u00e1gi n\u00f6veked\u00e9s csaknem egynegyede ebb\u0151l az \u00fczlet\u00e1gb\u00f3l sz\u00e1rmazott &#8211; tette hozz\u00e1.<br \/>\n&#8222;Azt a lovat kell \u00fctni, amelyik h\u00faz. (&#8230;) Nem t\u00fal igazs\u00e1gos dolog ez, de a vil\u00e1got val\u00f3ban azok viszik el\u0151re, akik j\u00f3l h\u00faznak. \u00c9s az IT-szektor j\u00f3l h\u00faz Magyarorsz\u00e1gon, ezt kell \u00fctni, ezt kell fejleszteni, itt kell beruh\u00e1z\u00e1sokat v\u00e9grehajtani. Abban kell m\u00e9g er\u0151sebbnek lenni, amiben egy\u00e9bk\u00e9nt is er\u0151sek vagyunk&#8221; &#8211; z\u00e1rta szavait.<br \/>\nA Deutsche Telekom mintegy 50 orsz\u00e1gban van jelen, \u00e9s t\u00f6bb mint 230 ezer munkav\u00e1llal\u00f3t foglalkoztat vil\u00e1gszerte. A c\u00e9gcsoport 58,2 milli\u00e1rd eur\u00f3 bev\u00e9telt termelt a 2012-es \u00fczleti \u00e9vben, ennek t\u00f6bb mint fel\u00e9t N\u00e9metorsz\u00e1gon k\u00edv\u00fcl.(MTI)<\/p>\n","protected":false},"excerpt":{"rendered":"<p>Magyarorsz\u00e1gon 2018-ra minden h\u00e1ztart\u00e1sban lesz sz\u00e9less\u00e1v\u00fa internet &#8211; k\u00f6z\u00f6lte Orb\u00e1n Viktor minisztereln\u00f6k p\u00e9nteken Budapesten, a kabinet \u00e9s a Magyar Telekom k\u00f6z\u00f6tti partners\u00e9gi meg\u00e1llapod\u00e1s al\u00e1\u00edr\u00e1si \u00fcnneps\u00e9g\u00e9n.<\/p>\n","protected":false},"author":1,"featured_media":18465,"comment_status":"open","ping_status":"closed","sticky":false,"template":"","format":"standard","meta":[],"categories":[7,122],"tags":[],"_links":{"self":[{"href":"https:\/\/gazdasagportal.hu\/index.php\/wp-json\/wp\/v2\/posts\/28501"}],"collection":[{"href":"https:\/\/gazdasagportal.hu\/index.php\/wp-json\/wp\/v2\/posts"}],"about":[{"href":"https:\/\/gazdasagportal.hu\/index.php\/wp-json\/wp\/v2\/types\/post"}],"author":[{"embeddable":true,"href":"https:\/\/gazdasagportal.hu\/index.php\/wp-json\/wp\/v2\/users\/1"}],"replies":[{"embeddable":true,"href":"https:\/\/gazdasagportal.hu\/index.php\/wp-json\/wp\/v2\/comments?post=28501"}],"version-history":[{"count":2,"href":"https:\/\/gazdasagportal.hu\/index.php\/wp-json\/wp\/v2\/posts\/28501\/revisions"}],"predecessor-version":[{"id":28503,"href":"https:\/\/gazdasagportal.hu\/index.php\/wp-json\/wp\/v2\/posts\/28501\/revisions\/28503"}],"wp:featuredmedia":[{"embeddable":true,"href":"https:\/\/gazdasagportal.hu\/index.php\/wp-json\/wp\/v2\/media\/18465"}],"wp:attachment":[{"href":"https:\/\/gazdasagportal.hu\/index.php\/wp-json\/wp\/v2\/media?parent=28501"}],"wp:term":[{"taxonomy":"category","embeddable":true,"href":"https:\/\/gazdasagportal.hu\/index.php\/wp-json\/wp\/v2\/categories?post=28501"},{"taxonomy":"post_tag","embeddable":true,"href":"https:\/\/gazdasagportal.hu\/index.php\/wp-json\/wp\/v2\/tags?post=28501"}],"curies":[{"name":"wp","href":"https:\/\/api.w.org\/{rel}","templated":true}]}}