{"id":28494,"date":"2014-02-21T12:58:10","date_gmt":"2014-02-21T11:58:10","guid":{"rendered":"http:\/\/stockportal.hu\/?p=28494"},"modified":"2014-02-21T14:00:05","modified_gmt":"2014-02-21T13:00:05","slug":"a-kormany-es-a-magyar-telekom-partnersegi-megallapodast-kotott","status":"publish","type":"post","link":"https:\/\/gazdasagportal.hu\/index.php\/a-kormany-es-a-magyar-telekom-partnersegi-megallapodast-kotott\/","title":{"rendered":"A korm\u00e1ny \u00e9s a Magyar Telekom partners\u00e9gi meg\u00e1llapod\u00e1st k\u00f6t\u00f6tt"},"content":{"rendered":"<p><strong>A korm\u00e1ny \u00e9s a Magyar Telekom partners\u00e9gi egy\u00fcttm\u0171k\u00f6d\u00e9si meg\u00e1llapod\u00e1st k\u00f6t\u00f6tt a digit\u00e1lis Magyarorsz\u00e1g\u00e9rt.<!--more--><\/strong><\/p>\n<div id=\"zone[zona]\"><\/div>\n<p><script type=\"text\/javascript\">\/\/ <![CDATA[\nvar rid = 100000 + Math.floor(Math.random()*99999); var b = document.createElement(\"div\"); b.setAttribute(\"id\", \"v4u_c_\"+rid+\"_3\"); var r = document.getElementById(\"zone[zona]\"); r.parentNode.insertBefore(b,r); r.setAttribute(\"id\", \"\"); (function(w, d, s, rid) { function go(){ var js, fjs = d.getElementsByTagName(s)[0], load = function(url, id) { if (d.getElementById(id)) { d.getElementById(id).onload = d.getElementById(id).onreadystatechange = function() { if (typeof vid4u != 'undefined') vid4u.init(480,289,\"0scneAox4k\",null,3, rid);}; return; } js = d.createElement(s); js.src = url; js.id = id; fjs.parentNode.insertBefore(js, fjs); js.onload = js.onreadystatechange = function() { if (typeof vid4u != 'undefined') vid4u.init(480,289,\"0scneAox4k\",null,3, rid); };}; load(\"\/\/video.vid4u.org\/vid4ul.js\", \"vjs_\"+rid); } go(); }(window, document, \"script\", rid));\n\/\/ ]]><\/script><\/p>\n<p>A meg\u00e1llapod\u00e1st p\u00e9nteken Budapesten \u00edrta al\u00e1 Orb\u00e1n Viktor minisztereln\u00f6k \u00e9s Timotheus H\u00f6ttges, a Deutsche Telekom vez\u00e9rigazgat\u00f3ja.<br \/>\nOrb\u00e1n Viktor minisztereln\u00f6k besz\u00e9d\u00e9ben kiemelte, hogy a Deutsche Telekom 20 \u00e9ves magyarorsz\u00e1gi m\u0171k\u00f6d\u00e9se sor\u00e1n 1800 milli\u00e1rd forintnyi befektet\u00e9st val\u00f3s\u00edtott meg, az orsz\u00e1g egyik legnagyobb ad\u00f3fizet\u0151je, \u00e9vi 140 milli\u00e1rd forint ad\u00f3t fizet. Emellett az elm\u00falt \u00e9vekben k\u00f6zel 10 milli\u00e1rd forinttal t\u00e1mogatta a magyar kult\u00far\u00e1t \u00e9s sportot. A v\u00e1llalat 12 ezer embert foglalkoztat \u00e9s tov\u00e1bbi 100 ezer ember dolgozik a Magyar Telekom besz\u00e1ll\u00edt\u00f3in\u00e1l.<br \/>\nTimotheus H\u00f6ttges az al\u00e1\u00edr\u00e1s alkalm\u00e1b\u00f3l kiemelte: a Magyar Telekom sz\u00e1nd\u00e9ka az, hogy beruh\u00e1z\u00e1saival el\u0151seg\u00edtse a nagysebess\u00e9g\u0171 sz\u00e9less\u00e1v\u00fa internet miel\u0151bbi el\u00e9rhet\u0151s\u00e9g\u00e9t a magyar lakoss\u00e1g sz\u00e1m\u00e1ra. Ennek \u00e9rdek\u00e9ben t\u00f6bb sz\u00e1zmilli\u00e1rd forintot tervez befektetni a h\u00e1l\u00f3zat fejleszt\u00e9s\u00e9be a k\u00f6vetkez\u0151 \u00e9vekben.<br \/>\nA magyar korm\u00e1ny \u00e9s a Deutsche Telekom k\u00f6z\u00f6s c\u00e9lja, hogy Magyarorsz\u00e1g a digitaliz\u00e1ci\u00f3ban \u00e9lenj\u00e1r\u00f3 legyen. Ez t\u00e1mogatja a magyar gazdas\u00e1g termel\u00e9kenys\u00e9g\u00e9t \u00e9s versenyk\u00e9pess\u00e9get, \u00e9s seg\u00edti a magyar \u00e1llampolg\u00e1rok t\u00e1rsadalmi \u00e9s gazdas\u00e1gi \u00e9p\u00fcl\u00e9s\u00e9t is &#8211; fejtette ki.<br \/>\nTimotheus H\u00f6ttges hangs\u00falyozta, hogy az al\u00e1\u00edrt meg\u00e1llapod\u00e1s egy \u00fajabb m\u00e9rf\u00f6ldk\u00f6ve egy hossz\u00fa \u00e9s sikeres egy\u00fcttm\u0171k\u00f6d\u00e9snek a Deutsche Telekom \u00e9s Magyarorsz\u00e1g k\u00f6z\u00f6tt, egy m\u00e9g szorosabb \u00e9s termel\u00e9kenyebb egy\u00fcttm\u0171k\u00f6d\u00e9st vet\u00edt el\u0151re.<br \/>\nEml\u00e9keztetett, hogy a magyarorsz\u00e1gi piacra l\u00e9p\u00e9s az els\u0151 befektet\u00e9se volt a DT-nek K\u00f6z\u00e9p-Kelet-Eur\u00f3p\u00e1ban. Hozz\u00e1tette, hogy a DT teljes m\u00e9rt\u00e9kben t\u00e1mogatja a Magyar Telekomot, amelynek tervei k\u00f6z\u00f6tt szerepel, hogy az \u00e9v v\u00e9g\u00e9re a magyar lakoss\u00e1g 80 sz\u00e1zal\u00e9ka sz\u00e1m\u00e1ra 4G lefedetts\u00e9get ny\u00fajtson, 2018-ra pedig minden h\u00e1ztart\u00e1sba eljuttassa a nagysebess\u00e9g\u0171 sz\u00e9less\u00e1v\u00fa internet. Ezzel\u00a0\u00a0Magyarorsz\u00e1g id\u0151 el\u0151tt teljes\u00edtheti az Eur\u00f3pai Uni\u00f3 Digit\u00e1lis Menetrendj\u00e9ben 2020-ra kit\u0171z\u00f6tt c\u00e9lokat. A magyar le\u00e1nyv\u00e1llalat ezzel egyfajta modell szerepet t\u00f6lt be a v\u00e1llalatcsoportban is. A t\u00e1volabbi j\u00f6v\u0151r\u0151l sz\u00f3lva elmondta, hogy a felh\u0151 alap\u00fa szolg\u00e1ltat\u00e1sok teljes m\u00e9rt\u00e9kben megv\u00e1ltoztatj\u00e1k majd az ipar\u00e1gat.<br \/>\nChristopher Mattheisen, a Magyar Telekom vez\u00e9rigazgat\u00f3ja elmondta: a Deutsche Telekom most \u00fcnnepli 20. \u00e9vfordul\u00f3j\u00e1t els\u0151 magyarorsz\u00e1gi befektet\u00e9s\u00e9nek, \u00e9s strat\u00e9giai befektet\u0151i szerepv\u00e1llal\u00e1s\u00e1val Magyarorsz\u00e1g a t\u00e1vk\u00f6zl\u00e9s \u00e9s informatika ter\u00e9n Eur\u00f3pa \u00e9lenj\u00e1r\u00f3 orsz\u00e1gai k\u00f6z\u00e9 ker\u00fclt. S\u0151t lefedetts\u00e9g \u00e9s min\u0151s\u00e9g ter\u00e9n, a 4G \u00e9s m\u00e1s hasonl\u00f3 \u00faj technol\u00f3gi\u00e1k bevezet\u00e9s\u00e9vel sz\u00e1mos eur\u00f3pai orsz\u00e1got maga m\u00f6g\u00e9 utas\u00edtott.(MTI)<\/p>\n","protected":false},"excerpt":{"rendered":"<p>A korm\u00e1ny \u00e9s a Magyar Telekom partners\u00e9gi egy\u00fcttm\u0171k\u00f6d\u00e9si meg\u00e1llapod\u00e1st k\u00f6t\u00f6tt a digit\u00e1lis Magyarorsz\u00e1g\u00e9rt.<\/p>\n","protected":false},"author":1,"featured_media":20580,"comment_status":"open","ping_status":"closed","sticky":false,"template":"","format":"standard","meta":[],"categories":[7,122],"tags":[],"_links":{"self":[{"href":"https:\/\/gazdasagportal.hu\/index.php\/wp-json\/wp\/v2\/posts\/28494"}],"collection":[{"href":"https:\/\/gazdasagportal.hu\/index.php\/wp-json\/wp\/v2\/posts"}],"about":[{"href":"https:\/\/gazdasagportal.hu\/index.php\/wp-json\/wp\/v2\/types\/post"}],"author":[{"embeddable":true,"href":"https:\/\/gazdasagportal.hu\/index.php\/wp-json\/wp\/v2\/users\/1"}],"replies":[{"embeddable":true,"href":"https:\/\/gazdasagportal.hu\/index.php\/wp-json\/wp\/v2\/comments?post=28494"}],"version-history":[{"count":3,"href":"https:\/\/gazdasagportal.hu\/index.php\/wp-json\/wp\/v2\/posts\/28494\/revisions"}],"predecessor-version":[{"id":28505,"href":"https:\/\/gazdasagportal.hu\/index.php\/wp-json\/wp\/v2\/posts\/28494\/revisions\/28505"}],"wp:featuredmedia":[{"embeddable":true,"href":"https:\/\/gazdasagportal.hu\/index.php\/wp-json\/wp\/v2\/media\/20580"}],"wp:attachment":[{"href":"https:\/\/gazdasagportal.hu\/index.php\/wp-json\/wp\/v2\/media?parent=28494"}],"wp:term":[{"taxonomy":"category","embeddable":true,"href":"https:\/\/gazdasagportal.hu\/index.php\/wp-json\/wp\/v2\/categories?post=28494"},{"taxonomy":"post_tag","embeddable":true,"href":"https:\/\/gazdasagportal.hu\/index.php\/wp-json\/wp\/v2\/tags?post=28494"}],"curies":[{"name":"wp","href":"https:\/\/api.w.org\/{rel}","templated":true}]}}