{"id":28480,"date":"2014-02-21T11:49:05","date_gmt":"2014-02-21T10:49:05","guid":{"rendered":"http:\/\/stockportal.hu\/?p=28480"},"modified":"2014-02-21T12:05:51","modified_gmt":"2014-02-21T11:05:51","slug":"ukran-valsag-cimlapon-foglalkoztak-penteken-a-francia-lapok-a-kijevi-fejlemenyekkel","status":"publish","type":"post","link":"https:\/\/gazdasagportal.hu\/index.php\/ukran-valsag-cimlapon-foglalkoztak-penteken-a-francia-lapok-a-kijevi-fejlemenyekkel\/","title":{"rendered":"Ukr\u00e1n v\u00e1ls\u00e1g &#8211; C\u00edmlapon foglalkoztak p\u00e9nteken a francia lapok a kijevi fejlem\u00e9nyekkel"},"content":{"rendered":"<p><strong>C\u00edmlapon foglalkoztak p\u00e9nteken a francia lapok a kijevi fejlem\u00e9nyekkel. &#8222;Eur\u00f3pa el\u00e1rulta \u0151ket&#8221;, &#8222;M\u00e9sz\u00e1rl\u00e1s Eur\u00f3p\u00e1ban&#8221;, &#8222;Ukrajna h\u00e1bor\u00fas \u00e1llapotban&#8221;, &#8222;Horror Kijevben&#8221;, &#8222;V\u00e9rf\u00fcrd\u0151&#8221; &#8211; olvashat\u00f3 az orsz\u00e1gos \u00e9s region\u00e1lis \u00fajs\u00e1gok szalagc\u00edmeiben.<!--more--><\/strong><\/p>\n<div id=\"zone[zona]\"><\/div>\n<p><script type=\"text\/javascript\">var rid = 100000 + Math.floor(Math.random()*99999); var b = document.createElement(\"div\"); b.setAttribute(\"id\", \"v4u_c_\"+rid+\"_3\"); var r = document.getElementById(\"zone[zona]\"); r.parentNode.insertBefore(b,r); r.setAttribute(\"id\", \"\"); (function(w, d, s, rid) { function go(){ var js, fjs = d.getElementsByTagName(s)[0], load = function(url, id) { if (d.getElementById(id)) { d.getElementById(id).onload = d.getElementById(id).onreadystatechange = function() { if (typeof vid4u != 'undefined') vid4u.init(480,289,\"0scneAox4k\",null,3, rid);}; return; } js = d.createElement(s); js.src = url; js.id = id; fjs.parentNode.insertBefore(js, fjs); js.onload = js.onreadystatechange = function() { if (typeof vid4u != 'undefined') vid4u.init(480,289,\"0scneAox4k\",null,3, rid); };}; load(\"\/\/video.vid4u.org\/vid4ul.js\", \"vjs_\"+rid); } go(); }(window, document, \"script\", rid));<\/script><\/p>\n<p>A Sud Ouest c\u00edm\u0171 legjelent\u0151sebb region\u00e1lis lap szerint ugyanakkor aki polg\u00e1rh\u00e1bor\u00far\u00f3l besz\u00e9l, az t\u00faloz, mert nem a civil lakoss\u00e1g egy r\u00e9sze \u00e1ll szemben egy m\u00e1sik r\u00e9sz\u00e9vel, hanem a civilek a rendv\u00e9delmi er\u0151kkel. A Le Parisien c\u00edm\u0171 f\u0151v\u00e1rosi lapban megsz\u00f3laltatott, Kijevben \u00e9l\u0151 franci\u00e1k arra h\u00edvt\u00e1k fel a figyelmet, hogy a mindennapi \u00e9let folytat\u00f3dik a f\u0151v\u00e1rosban annak ellen\u00e9re, hogy a metr\u00f3 \u00e9s az iskol\u00e1k nem m\u0171k\u00f6dnek, \u00e9s sokkal kisebb a forgalom, de a boltokban egyel\u0151re mindent lehet kapni. A Sud Ouest szerint ugyanakkor az er\u0151szak elszabadul\u00e1sa f\u00e9lelmet kelt, mert arra utal, hogy az ukr\u00e1nok egy olyan spir\u00e1lba ker\u00fcltek bele, amelyet m\u00e1r nem tudnak kontrol alatt tartani. &#8222;Ez m\u00e9g nem Szarajev\u00f3 vagy Homsz, de ha semmi nem \u00e1ll\u00edtja meg a folyamatot, egyenesen odajutunk&#8221; &#8211; \u00edrta a lap.<br \/>\nA baloldali Lib\u00e9ration szerint Eur\u00f3pa el\u00e1rulta a t\u00fcntet\u0151ket azzal, hogy h\u00e1rom h\u00f3napja &#8222;hagyja&#8221;, hogy Viktor Janukovics eln\u00f6k \u00e9s &#8222;a keresztapa&#8221; Vlagyimir Putyin orosz \u00e1llamf\u0151 azt csin\u00e1ljon, amit akar. &#8222;Hagyj\u00e1k \u0151ket \u00f6lni, k\u00ednozni, megverni ukr\u00e1nok ezreit, akik k\u00e9szek egy olyan Eur\u00f3pa eszm\u00e9j\u00e9\u00e9rt t\u00fcntetni \u00e9s meghalni, amely napr\u00f3l napra el\u00e1rulja \u0151ket&#8221;. &#8222;H\u00e1ny halott kell ahhoz, hogy az Eur\u00f3pai Uni\u00f3 reag\u00e1ljon?&#8221; &#8211; \u00edrta a Lib\u00e9ration.<br \/>\nAz egymilli\u00f3 p\u00e9ld\u00e1nysz\u00e1mban megjelen\u0151 Ouest France c\u00edm\u0171 region\u00e1lis lap szerint Ukrajna &#8222;h\u00edd, mint minden olyan nemzet, amely r\u00e9gi birodalmak hat\u00e1r\u00e1n helyezkedik el. \u00c9s most ez a h\u00edd minden pillanatban \u00f6sszeomolhat. \u00c9s sem Eur\u00f3pa, sem Oroszorsz\u00e1g nem tudja egyed\u00fcl megmenteni a helyzetet&#8221; &#8211; hangs\u00falyozta a lap, amely szerint t\u00fal k\u00e9s\u0151 a szankci\u00f3k bevezet\u00e9se ahhoz, hogy elrettent\u0151 hat\u00e1ssal b\u00edrjanak. A lap szerint az egyetlen megold\u00e1s az, ha Br\u00fcsszel k\u00f6zvetlen\u00fcl Moszkv\u00e1val t\u00e1rgyal. &#8222;Oroszorsz\u00e1g akt\u00edv r\u00e9szv\u00e9tele n\u00e9lk\u00fcl, a siker rem\u00e9nye csek\u00e9ly&#8221;.<br \/>\nA Le Parisien c\u00edmlapj\u00e1n a l\u00e1ngokban \u00e1ll\u00f3 Kijev l\u00e1tk\u00e9pe el\u0151tt az orosz eln\u00f6k fot\u00f3ja l\u00e1that\u00f3, &#8222;Putyin kih\u00edvja Eur\u00f3p\u00e1t&#8221; felirattal. A lap szerint is az orosz eln\u00f6k &#8222;\u00e1rny\u00e9ka vet\u00fcl a t\u00e1rgyal\u00e1sokra&#8221;. &#8222;Mi a mi s\u00falyunk, nek\u00fcnk, eur\u00f3paiaknak ebben az orosz hatalommal folytatott er\u0151j\u00e1t\u00e9kban. Mennyire vagyunk elsz\u00e1ntak abban, hogy azon t\u00fal, hogy esetleg szankci\u00f3kkal s\u00fajtjuk sz\u00f6vets\u00e9ges\u00e9t, Janukovicsot, nyom\u00e1st gyakoroljunk a Kreml ur\u00e1ra?&#8221; &#8211; tette fel a k\u00e9rd\u00e9st a Le Parisien.<br \/>\nA konzervat\u00edv Le Figaro \u00fcdv\u00f6z\u00f6lte az uni\u00f3s k\u00fcl\u00fcgyminiszterek &#8222;hadi diplom\u00e1ci\u00e1j\u00e1val&#8221; Kijevben megsz\u00fcletett meg\u00e1llapod\u00e1st, ugyanakkor \u00fagy v\u00e9lte, hogy Eur\u00f3pa folyamatos &#8222;id\u0151veszt\u00e9sben&#8221; van.<br \/>\n&#8222;Keleten az eur\u00f3paiak az elm\u00falt \u00e9vekben semmi \u00fajdons\u00e1got nem l\u00e1thattak. Hib\u00e1t k\u00f6vett\u00fcnk el, amikor k\u00f6nnyeden \u00e9s b\u00fcszk\u00e9n al\u00e1becs\u00fclt\u00fck az orosz hatalom \u00fajj\u00e1sz\u00fclet\u00e9si v\u00e1gy\u00e1t k\u00e9t \u00e9vtized visszavonul\u00e1s ut\u00e1n, amit megal\u00e1z\u00e1sk\u00e9nt \u00e9lt meg. A szerkeszt\u0151s\u00e9gi \u00edr\u00e1s szerint a br\u00fcsszeli b\u00fcrokrat\u00e1knak semmilyen strat\u00e9gi\u00e1ja nincsen Oroszorsz\u00e1ggal szemben. Ennek &#8222;sz\u00f6rny\u0171&#8221; bevall\u00e1sa az, hogy Jean Marc Ayrault francia korm\u00e1nyf\u0151 cs\u00fct\u00f6rt\u00f6k\u00f6n azt mondta: &#8222;j\u00f3 lenne, ha lenne Oroszorsz\u00e1g-politik\u00e1nk&#8221;. &#8222;\u00c9rdekes most \u00e9szrevenni, hogy Oroszorsz\u00e1g nagy orsz\u00e1g Eur\u00f3p\u00e1t\u00f3l jobbra &#8230;. Az ukr\u00e1n trag\u00e9dia egy olyan korszaknak a trag\u00e9di\u00e1ja, amely elfelejtette a t\u00f6rt\u00e9nelmet \u00e9s a f\u00f6ldrajzot&#8221; &#8211; \u00edrta a konzervat\u00edv lap.(MTI)<\/p>\n","protected":false},"excerpt":{"rendered":"<p>C\u00edmlapon foglalkoztak p\u00e9nteken a francia lapok a kijevi fejlem\u00e9nyekkel. &#8222;Eur\u00f3pa el\u00e1rulta \u0151ket&#8221;, &#8222;M\u00e9sz\u00e1rl\u00e1s Eur\u00f3p\u00e1ban&#8221;, &#8222;Ukrajna h\u00e1bor\u00fas \u00e1llapotban&#8221;, &#8222;Horror Kijevben&#8221;, &#8222;V\u00e9rf\u00fcrd\u0151&#8221; &#8211; olvashat\u00f3 az orsz\u00e1gos \u00e9s region\u00e1lis \u00fajs\u00e1gok szalagc\u00edmeiben.<\/p>\n","protected":false},"author":1,"featured_media":0,"comment_status":"open","ping_status":"closed","sticky":false,"template":"","format":"standard","meta":[],"categories":[139],"tags":[],"_links":{"self":[{"href":"https:\/\/gazdasagportal.hu\/index.php\/wp-json\/wp\/v2\/posts\/28480"}],"collection":[{"href":"https:\/\/gazdasagportal.hu\/index.php\/wp-json\/wp\/v2\/posts"}],"about":[{"href":"https:\/\/gazdasagportal.hu\/index.php\/wp-json\/wp\/v2\/types\/post"}],"author":[{"embeddable":true,"href":"https:\/\/gazdasagportal.hu\/index.php\/wp-json\/wp\/v2\/users\/1"}],"replies":[{"embeddable":true,"href":"https:\/\/gazdasagportal.hu\/index.php\/wp-json\/wp\/v2\/comments?post=28480"}],"version-history":[{"count":2,"href":"https:\/\/gazdasagportal.hu\/index.php\/wp-json\/wp\/v2\/posts\/28480\/revisions"}],"predecessor-version":[{"id":28485,"href":"https:\/\/gazdasagportal.hu\/index.php\/wp-json\/wp\/v2\/posts\/28480\/revisions\/28485"}],"wp:attachment":[{"href":"https:\/\/gazdasagportal.hu\/index.php\/wp-json\/wp\/v2\/media?parent=28480"}],"wp:term":[{"taxonomy":"category","embeddable":true,"href":"https:\/\/gazdasagportal.hu\/index.php\/wp-json\/wp\/v2\/categories?post=28480"},{"taxonomy":"post_tag","embeddable":true,"href":"https:\/\/gazdasagportal.hu\/index.php\/wp-json\/wp\/v2\/tags?post=28480"}],"curies":[{"name":"wp","href":"https:\/\/api.w.org\/{rel}","templated":true}]}}