{"id":28444,"date":"2014-02-21T10:18:08","date_gmt":"2014-02-21T09:18:08","guid":{"rendered":"http:\/\/stockportal.hu\/?p=28444"},"modified":"2014-02-21T10:52:36","modified_gmt":"2014-02-21T09:52:36","slug":"munkaerohiany-a-kinai-gyaripar-fovarosaban","status":"publish","type":"post","link":"https:\/\/gazdasagportal.hu\/index.php\/munkaerohiany-a-kinai-gyaripar-fovarosaban\/","title":{"rendered":"Munkaer\u0151hi\u00e1ny a k\u00ednai gy\u00e1ripar f\u0151v\u00e1ros\u00e1ban"},"content":{"rendered":"<p><strong>A gy\u00e1ripar k\u00ednai f\u0151v\u00e1ros\u00e1ban, a d\u00e9l-k\u00ednai Kuangtung sz\u00e9khely\u00e9n, a 13 milli\u00f3s Kanton v\u00e1rosban k\u00e9sz\u00fclt felm\u00e9r\u00e9s szerint csak helyben 123 300 munkahely bet\u00f6ltetlen, a kutat\u00e1sban szerepl\u0151 v\u00e1llalatok 80 sz\u00e1zal\u00e9ka agg\u00f3dott amiatt, hogy vissza tudja-e \u00e1ll\u00edtani teljes kapacit\u00e1ssal a termel\u00e9s\u00e9t az idei tavasz\u00fcnnepi szabads\u00e1gok ut\u00e1n.<!--more--><\/strong><\/p>\n<div id=\"vid4u\"><\/div>\n<p><script type=\"text\/javascript\">\/\/ <![CDATA[\nvar rid = 100000 + Math.floor(Math.random()*99999); var b = document.createElement(\"div\"); b.setAttribute(\"id\", \"v4u_c_\"+rid+\"_3\"); var r = document.getElementById(\"vid4u\"); r.parentNode.insertBefore(b,r); r.setAttribute(\"id\", \"\"); (function(w, d, s, rid) { function go(){ var js, fjs = d.getElementsByTagName(s)[0], load = function(url, id) { if (d.getElementById(id)) { d.getElementById(id).onload = d.getElementById(id).onreadystatechange = function() { if (typeof vid4u != 'undefined') vid4u.init(728,90,\"0scneAox4k\",null,3, rid);}; return; } js = d.createElement(s); js.src = url; js.id = id; fjs.parentNode.insertBefore(js, fjs); js.onload = js.onreadystatechange = function() { if (typeof vid4u != 'undefined') vid4u.init(728,90,\"0scneAox4k\",null,3, rid); };}; load(\"\/\/video.vid4u.org\/vid4ul.js\", \"vjs_\"+rid); } go(); }(window, document, \"script\", rid));\n\/\/ ]]><\/script><\/p>\n<p>A tartom\u00e1ny illet\u00e9kesei \u00e1ltal nyilv\u00e1noss\u00e1gra hozott adatok szerint a t\u00e9rs\u00e9gben a v\u00e1ndormunk\u00e1soknak eddig csak k\u00f6r\u00fclbel\u00fcl a fele, 5,3 milli\u00f3 ember t\u00e9rt vissza el\u0151z\u0151 munkahely\u00e9re.<br \/>\nA helyi r\u00e1di\u00f3 honlapj\u00e1n szerepeltett h\u00edr szerint egyes munkaer\u0151-ig\u00e9nyes \u00e1gazatokban, \u00edgy a textil- \u00e9s ruhaiparban, a j\u00e1t\u00e9k- \u00e9s cip\u0151gy\u00e1rt\u00e1sban, valamint takar\u00edt\u00e1s-szolg\u00e1ltat\u00e1sban k\u00fcl\u00f6n\u00f6sen jelent\u0151s a munkaer\u0151hi\u00e1ny. A helyzeten a munk\u00e1ltat\u00f3k magasabb fizet\u00e9sek \u00e9s egy\u00e9b juttat\u00e1sok \u00edg\u00e9ret\u00e9vel igyekeznek jav\u00edtani.<br \/>\nK\u00edn\u00e1ban ezekben a napokban d\u0151l el, hogy a v\u00e1ndormunk\u00e1sok t\u00f6bb mint 200 milli\u00f3s t\u00f6mege hova t\u00e9r vissza, visszat\u00e9r-e, \u00e9s ha igen, milyen m\u00e9rt\u00e9kben a t\u00f6bbhetes \u00fcnnepi id\u0151szakra elhagyott gy\u00e1rakba, \u00fczemekbe.<br \/>\nMindenesetre a kanton v\u00e1rosi munkaer\u0151-k\u00f6zvet\u00edt\u00e9si k\u00f6zpontja az idei helyzetet a szok\u00e1sosn\u00e1l is aggaszt\u00f3bbnak nevezte.<br \/>\nA helyzetet jellemzi a Kuangtungban, egy aut\u00f3p\u00e1ly\u00e1n t\u00f6rt\u00e9nt eset is: a rend\u0151r\u00f6k \u00e1ltal meg\u00e1ll\u00edtott kisbuszban 33 D\u00e9lkelet-\u00c1zsi\u00e1b\u00f3l \u00e9rkezett k\u00fclf\u00f6ldire bukkantak, akik azt mondt\u00e1k, dolgozni j\u00f6ttek, mert az \u00fajs\u00e1gokb\u00f3l arr\u00f3l \u00e9rtes\u00fcltek, hogy a d\u00e9li tartom\u00e1nyban s\u00falyoss\u00e1 v\u00e1lt a munkaer\u0151hi\u00e1ny.<br \/>\nA h\u00edrek szerint a f\u0151v\u00e1rosi szolg\u00e1ltat\u00e1sban, \u00e9ttermekben dolgoz\u00f3k egy r\u00e9sze sem jelent meg sok hely\u00fctt kor\u00e1bbi munkahely\u00e9n, aminek az oka, hogy az emberek jobban fizet\u0151, esetleg a sz\u00fcl\u0151hely\u00fckh\u00f6z k\u00f6zelebbi munk\u00e1hoz jutottak.<br \/>\nA k\u00ednai tendenci\u00e1kat figyel\u0151 szakemberek m\u00e1r \u00e9vek \u00f3ta jelzik, hogy a n\u00f6vekv\u0151 \u00e9letsz\u00ednvonal, a dr\u00e1gul\u00e1s, az emelked\u0151 minim\u00e1lb\u00e9rek \u00e9s fizet\u00e9sek \u00fajabb \u00e9s \u00fajabb kih\u00edv\u00e1s el\u00e9 \u00e1ll\u00edtj\u00e1k a munkaer\u0151piacot, illetve k\u00f6zvetve n\u00f6velik a termel\u00e9si k\u00f6lts\u00e9geket.(MTI)<\/p>\n","protected":false},"excerpt":{"rendered":"<p>A gy\u00e1ripar k\u00ednai f\u0151v\u00e1ros\u00e1ban, a d\u00e9l-k\u00ednai Kuangtung sz\u00e9khely\u00e9n, a 13 milli\u00f3s Kanton v\u00e1rosban k\u00e9sz\u00fclt felm\u00e9r\u00e9s szerint csak helyben 123 300 munkahely bet\u00f6ltetlen, a kutat\u00e1sban szerepl\u0151 v\u00e1llalatok 80 sz\u00e1zal\u00e9ka agg\u00f3dott amiatt, hogy vissza tudja-e \u00e1ll\u00edtani teljes kapacit\u00e1ssal a termel\u00e9s\u00e9t az idei tavasz\u00fcnnepi szabads\u00e1gok ut\u00e1n.<\/p>\n","protected":false},"author":1,"featured_media":0,"comment_status":"open","ping_status":"closed","sticky":false,"template":"","format":"standard","meta":[],"categories":[14],"tags":[],"_links":{"self":[{"href":"https:\/\/gazdasagportal.hu\/index.php\/wp-json\/wp\/v2\/posts\/28444"}],"collection":[{"href":"https:\/\/gazdasagportal.hu\/index.php\/wp-json\/wp\/v2\/posts"}],"about":[{"href":"https:\/\/gazdasagportal.hu\/index.php\/wp-json\/wp\/v2\/types\/post"}],"author":[{"embeddable":true,"href":"https:\/\/gazdasagportal.hu\/index.php\/wp-json\/wp\/v2\/users\/1"}],"replies":[{"embeddable":true,"href":"https:\/\/gazdasagportal.hu\/index.php\/wp-json\/wp\/v2\/comments?post=28444"}],"version-history":[{"count":2,"href":"https:\/\/gazdasagportal.hu\/index.php\/wp-json\/wp\/v2\/posts\/28444\/revisions"}],"predecessor-version":[{"id":28467,"href":"https:\/\/gazdasagportal.hu\/index.php\/wp-json\/wp\/v2\/posts\/28444\/revisions\/28467"}],"wp:attachment":[{"href":"https:\/\/gazdasagportal.hu\/index.php\/wp-json\/wp\/v2\/media?parent=28444"}],"wp:term":[{"taxonomy":"category","embeddable":true,"href":"https:\/\/gazdasagportal.hu\/index.php\/wp-json\/wp\/v2\/categories?post=28444"},{"taxonomy":"post_tag","embeddable":true,"href":"https:\/\/gazdasagportal.hu\/index.php\/wp-json\/wp\/v2\/tags?post=28444"}],"curies":[{"name":"wp","href":"https:\/\/api.w.org\/{rel}","templated":true}]}}