{"id":28436,"date":"2014-02-21T08:41:31","date_gmt":"2014-02-21T07:41:31","guid":{"rendered":"http:\/\/stockportal.hu\/?p=28436"},"modified":"2014-02-21T08:41:31","modified_gmt":"2014-02-21T07:41:31","slug":"ukran-valsag-magyarorszag-minden-eshetosegre-felkeszult","status":"publish","type":"post","link":"https:\/\/gazdasagportal.hu\/index.php\/ukran-valsag-magyarorszag-minden-eshetosegre-felkeszult\/","title":{"rendered":"Ukr\u00e1n v\u00e1ls\u00e1g &#8211; Magyarorsz\u00e1g minden eshet\u0151s\u00e9gre felk\u00e9sz\u00fclt"},"content":{"rendered":"<p><strong>Magyarorsz\u00e1g minden eshet\u0151s\u00e9gre felk\u00e9sz\u00fclt az ukr\u00e1n v\u00e1ls\u00e1ggal kapcsolatban, &#8222;k\u00f6vetj\u00fck az esem\u00e9nyeket&#8221; &#8211; mondta Orb\u00e1n Viktor minisztereln\u00f6k p\u00e9nteken a Kossuth R\u00e1di\u00f3 180 perc c\u00edm\u0171 m\u0171sor\u00e1ban. A korm\u00e1nyf\u0151 cs\u00fct\u00f6rt\u00f6k\u00f6n tett l\u00e1togat\u00e1st a magyar-ukr\u00e1n hat\u00e1r t\u00e9rs\u00e9g\u00e9ben, ahol hat\u00e1r\u0151r\u00f6kn\u00e9l, rend\u0151r\u00f6kn\u00e9l \u00e9s k\u00f3rh\u00e1zakban is t\u00e1j\u00e9koz\u00f3dott.<!--more--><\/strong><\/p>\n<p>Orb\u00e1n Viktor k\u00f6z\u00f6lte, a magyar korm\u00e1ny igyekszik &#8211; b\u00e1r a h\u00e1tt\u00e9rben, de &#8211; folyamatosan k\u00f6vetni az ukrajnai esem\u00e9nyeket, k\u00fcl\u00f6n\u00f6sen a k\u00e1rp\u00e1taljai magyarokra pr\u00f3b\u00e1l figyelni. Hozz\u00e1tette, hogy a K\u00e1rp\u00e1talj\u00e1n \u00e9l\u0151 magyarok k\u00f6r\u00e9ben aggodalom ugyan van, de nyugtalans\u00e1g nincs, eddig nem \u00e9rkezett h\u00edr t\u00f6megesen bajba jutott magyar csal\u00e1dokr\u00f3l, ez\u00e9rt nem tapasztalhat\u00f3 &#8222;\u00e1raml\u00e1s&#8221; Magyarorsz\u00e1g fel\u00e9.<br \/>\nAzonban &#8222;mindenkire figyel\u00fcnk, fel vagyunk k\u00e9sz\u00fclve minden eshet\u0151s\u00e9gre&#8221; &#8211; mondta a minisztereln\u00f6k. Megjegyezte, hogy Magyarorsz\u00e1g minden csatorn\u00e1n kereszt\u00fcl egy\u00fctt\u00e9rz\u00e9s\u00e9t, seg\u00edt\u0151k\u00e9szs\u00e9g\u00e9t nyilv\u00e1n\u00edtotta ki az Ukrajn\u00e1ban t\u00f6rt\u00e9ntek miatt, a magyarok b\u00e9k\u00e9t, biztons\u00e1got k\u00edv\u00e1nnak &#8222;ukr\u00e1n bar\u00e1tainknak&#8221;. &#8222;A legt\u00f6bb magyar nem politikai k\u00e9rd\u00e9sk\u00e9nt tekint erre a helyzetre, hanem egy felboml\u00f3 \u00e1llam k\u00e9p\u00e9t l\u00e1tja, ahol anarchia, k\u00e1osz van&#8221; &#8211; jelentette ki, megjegyezve, hogy a felboml\u00e1st nem ter\u00fcleti \u00e9rtelemben \u00e9rti, hanem a k\u00f6zrend szempontj\u00e1b\u00f3l.<br \/>\nA hat\u00e1r t\u00e9rs\u00e9g\u00e9ben tett cs\u00fct\u00f6rt\u00f6ki l\u00e1togat\u00e1s\u00e1r\u00f3l sz\u00f3lva a korm\u00e1nyf\u0151 kifejtette: a forgalom mindk\u00e9t ir\u00e1nyban lassult az ukr\u00e1n-magyar hat\u00e1ron, ugyanakkor a lengyel-ukr\u00e1n hat\u00e1ron t\u00f6rt\u00e9nt lez\u00e1r\u00e1sok miatt a kamionforgalom egy r\u00e9sze \u00e1tterel\u0151d\u00f6tt Magyarorsz\u00e1g ir\u00e1ny\u00e1ba.<br \/>\nOrb\u00e1n Viktor hozz\u00e1tette, hogy a jelenlegi helyzetben az Ukrajn\u00e1ban m\u0171k\u00f6d\u0151 atomer\u0151m\u0171vekre is figyelni kell, ez\u00e9rt a hat\u00e1r k\u00f6zel\u00e9be rendelt\u00e9k a sug\u00e1rm\u00e9r\u00e9sre alkalmas eszk\u00f6z\u00f6ket.<br \/>\nBesz\u00e1molt arr\u00f3l is, hogy \u00fcl\u00e9sezett a magyar operat\u00edv t\u00f6rzs, a nemzetbiztons\u00e1gi kabinet, tov\u00e1bb\u00e1 a visegr\u00e1di orsz\u00e1gok &#8211; Csehorsz\u00e1g, Lengyelorsz\u00e1g, Magyarorsz\u00e1g \u00e9s Szlov\u00e1kia &#8211; bel\u00fcgyminiszterei ugyancsak forr\u00f3dr\u00f3ton vannak, tal\u00e1lkozni is fognak a napokban, Magyarorsz\u00e1g pedig kapcsolatban \u00e1ll az ukr\u00e1n hat\u00f3s\u00e1gokkal, \u00e9s az ellenz\u00e9kt\u0151l is rendszeresen kap \u00fczeneteket.<br \/>\nKijevben t\u00f6bb tucat hal\u00e1los \u00e1ldozata van a korm\u00e1ny ellen t\u00fcntet\u0151k \u00e9s a rend\u0151r\u00f6k k\u00f6z\u00f6tt napok \u00f3ta tart\u00f3 \u00f6sszecsap\u00e1soknak.(MTI)<\/p>\n","protected":false},"excerpt":{"rendered":"<p>Magyarorsz\u00e1g minden eshet\u0151s\u00e9gre felk\u00e9sz\u00fclt az ukr\u00e1n v\u00e1ls\u00e1ggal kapcsolatban, &#8222;k\u00f6vetj\u00fck az esem\u00e9nyeket&#8221; &#8211; mondta Orb\u00e1n Viktor minisztereln\u00f6k p\u00e9nteken a Kossuth R\u00e1di\u00f3 180 perc c\u00edm\u0171 m\u0171sor\u00e1ban. A korm\u00e1nyf\u0151 cs\u00fct\u00f6rt\u00f6k\u00f6n tett l\u00e1togat\u00e1st a magyar-ukr\u00e1n hat\u00e1r t\u00e9rs\u00e9g\u00e9ben, ahol hat\u00e1r\u0151r\u00f6kn\u00e9l, rend\u0151r\u00f6kn\u00e9l \u00e9s k\u00f3rh\u00e1zakban is t\u00e1j\u00e9koz\u00f3dott.<\/p>\n","protected":false},"author":1,"featured_media":0,"comment_status":"open","ping_status":"closed","sticky":false,"template":"","format":"standard","meta":[],"categories":[139],"tags":[],"_links":{"self":[{"href":"https:\/\/gazdasagportal.hu\/index.php\/wp-json\/wp\/v2\/posts\/28436"}],"collection":[{"href":"https:\/\/gazdasagportal.hu\/index.php\/wp-json\/wp\/v2\/posts"}],"about":[{"href":"https:\/\/gazdasagportal.hu\/index.php\/wp-json\/wp\/v2\/types\/post"}],"author":[{"embeddable":true,"href":"https:\/\/gazdasagportal.hu\/index.php\/wp-json\/wp\/v2\/users\/1"}],"replies":[{"embeddable":true,"href":"https:\/\/gazdasagportal.hu\/index.php\/wp-json\/wp\/v2\/comments?post=28436"}],"version-history":[{"count":1,"href":"https:\/\/gazdasagportal.hu\/index.php\/wp-json\/wp\/v2\/posts\/28436\/revisions"}],"predecessor-version":[{"id":28437,"href":"https:\/\/gazdasagportal.hu\/index.php\/wp-json\/wp\/v2\/posts\/28436\/revisions\/28437"}],"wp:attachment":[{"href":"https:\/\/gazdasagportal.hu\/index.php\/wp-json\/wp\/v2\/media?parent=28436"}],"wp:term":[{"taxonomy":"category","embeddable":true,"href":"https:\/\/gazdasagportal.hu\/index.php\/wp-json\/wp\/v2\/categories?post=28436"},{"taxonomy":"post_tag","embeddable":true,"href":"https:\/\/gazdasagportal.hu\/index.php\/wp-json\/wp\/v2\/tags?post=28436"}],"curies":[{"name":"wp","href":"https:\/\/api.w.org\/{rel}","templated":true}]}}