{"id":28172,"date":"2014-02-18T18:35:03","date_gmt":"2014-02-18T17:35:03","guid":{"rendered":"http:\/\/stockportal.hu\/?p=28172"},"modified":"2014-02-18T17:45:58","modified_gmt":"2014-02-18T16:45:58","slug":"paksi-eromu-munkacsoport-fogja-paksot-felkesziteni-az-eromu-beruhazasra","status":"publish","type":"post","link":"https:\/\/gazdasagportal.hu\/index.php\/paksi-eromu-munkacsoport-fogja-paksot-felkesziteni-az-eromu-beruhazasra\/","title":{"rendered":"Paksi er\u0151m\u0171 &#8211; Munkacsoport fogja Paksot felk\u00e9sz\u00edteni az er\u0151m\u0171-beruh\u00e1z\u00e1sra"},"content":{"rendered":"<p><strong>L\u00e9trej\u00f6n Pakson egy szak\u00e9rt\u0151kb\u0151l \u00e9s int\u00e9zm\u00e9nyvezet\u0151kb\u0151l \u00e1ll\u00f3 csoport, valamint egy munkaszervezet, amelyek feladata az lesz, hogy a v\u00e1rost felk\u00e9sz\u00edts\u00e9k az atomer\u0151m\u0171 fejleszt\u00e9s\u00e9re \u2013 mondta el Sztruh\u00e1r S\u00e1ndor, a Paksi Ipari Park Kft. \u00fcgyvezet\u0151je az MTI-nek kedden.<!--more--><\/strong><\/p>\n<div id=\"vid4u\"><\/div>\n<p><script type=\"text\/javascript\">\/\/ <![CDATA[\nvar rid = 100000 + Math.floor(Math.random()*99999); var b = document.createElement(\"div\"); b.setAttribute(\"id\", \"v4u_c_\"+rid+\"_3\"); var r = document.getElementById(\"vid4u\"); r.parentNode.insertBefore(b,r); r.setAttribute(\"id\", \"\"); (function(w, d, s, rid) { function go(){ var js, fjs = d.getElementsByTagName(s)[0], load = function(url, id) { if (d.getElementById(id)) { d.getElementById(id).onload = d.getElementById(id).onreadystatechange = function() { if (typeof vid4u != 'undefined') vid4u.init(728,90,\"0scneAox4k\",null,3, rid);}; return; } js = d.createElement(s); js.src = url; js.id = id; fjs.parentNode.insertBefore(js, fjs); js.onload = js.onreadystatechange = function() { if (typeof vid4u != 'undefined') vid4u.init(728,90,\"0scneAox4k\",null,3, rid); };}; load(\"\/\/video.vid4u.org\/vid4ul.js\", \"vjs_\"+rid); } go(); }(window, document, \"script\", rid));\n\/\/ ]]><\/script><\/p>\n<p>Az \u00f6nkorm\u00e1nyzat \u00e9s a Paksi Ipari Park Kft. a 2009-es parlamenti d\u00f6nt\u00e9s \u00f3ta k\u00e9sz\u00fcl arra, hogy a k\u00fcsz\u00f6b\u00f6n \u00e1ll\u00f3 er\u0151m\u0171-beruh\u00e1z\u00e1s ne \u00e9rje felk\u00e9sz\u00fcletlen\u00fcl a v\u00e1rost. Sztruh\u00e1r S\u00e1ndor e k\u00e9t szerepl\u0151t k\u00e9pviselve m\u00e1r kor\u00e1bban bekapcsol\u00f3dott az MVM t\u00e1rsas\u00e1gcsoport \u00e1ltal l\u00e9trehozott L\u00e9vai Projektbe is. Ez a projekt a paksi atomer\u0151m\u0171 b\u0151v\u00edt\u00e9s\u00e9t k\u00e9sz\u00edti el\u0151, bele\u00e9rtve a l\u00e9tes\u00edt\u00e9s kereteinek meghat\u00e1roz\u00e1s\u00e1t, a sz\u00fcks\u00e9ges m\u0171szaki \u00e9s kereskedelmi keretek r\u00f6gz\u00edt\u00e9s\u00e9t, a l\u00e9tes\u00edt\u00e9shez sz\u00fcks\u00e9ges enged\u00e9lyek megszerz\u00e9s\u00e9t, a region\u00e1lis gazdas\u00e1gi \u00e9s t\u00e1rsadalmi hat\u00e1sok vizsg\u00e1lat\u00e1t.<br \/>\nAz \u00fcgyvezet\u0151 eml\u00e9keztetett arra, hogy 2010-ben Paks v\u00e1ros vezet\u00e9se helyzetfelt\u00e1r\u00f3 tanulm\u00e1nyt k\u00e9sz\u00edttetett arr\u00f3l, hogy milyen lehet\u0151s\u00e9gek \u00e9s sz\u00fcks\u00e9gszer\u0171en elv\u00e9gzend\u0151 feladatok jelentkeznek az er\u0151m\u0171 b\u0151v\u00edt\u00e9s\u00e9vel kapcsolatban. A feladat mostant\u00f3l az, hogy a kor\u00e1bbi tanulm\u00e1nyban meghat\u00e1rozott ir\u00e1nyokat r\u00e9szletesen kidolgozzuk \u2013 jelezte az \u00fcgyvezet\u0151.<br \/>\nR\u00e1mutatott: az \u00e9p\u00edtkez\u00e9shez biztos\u00edtani kell a sz\u00fcks\u00e9ges felt\u00e9teleket,\u00a0\u00a0p\u00e9ld\u00e1ul a k\u00f6zleked\u00e9st, k\u00f6zbiztons\u00e1got, \u00e9s t\u00f6bb ezer munkav\u00e9gz\u0151 sz\u00e1m\u00e1ra helyet kell biztos\u00edtani.<br \/>\nFontos feladat a gazdas\u00e1gi infrastrukt\u00fara fejleszt\u00e9se is, amelynek egyik jelent\u0151s l\u00e9p\u00e9se, egy inkub\u00e1torh\u00e1z meg\u00e9p\u00edt\u00e9se m\u00e1r megt\u00f6rt\u00e9nt \u2013 mondta el. Amikor a v\u00e1ls\u00e1g m\u00e1sodik-harmadik \u00e9v\u00e9ben \u00fagy d\u00f6nt\u00f6ttek, hogy meg\u00e9p\u00edtik az inkub\u00e1torh\u00e1zat, m\u00e1r akkor az egyik c\u00e9l az volt, hogy az er\u0151m\u0171b\u0151v\u00edt\u00e9s hat\u00e1sak\u00e9nt megjelen\u0151 szolg\u00e1ltat\u00f3k, kisebb termel\u0151k, k\u00f6rny\u00e9kbeli v\u00e1llalkoz\u00e1sok elindul\u00e1s\u00e1t seg\u00edts\u00e9k &#8211; tette hozz\u00e1.<br \/>\nKiemelte: fontos c\u00e9lkit\u0171z\u00e9s, hogy Paks v\u00e1ros lakoss\u00e1g\u00e1nak\u00a0\u00a0\u00e9letvitel\u00e9t, nyugalm\u00e1t ez a projekt a lehet\u0151 legkisebb m\u00e9rt\u00e9kben zavarja. C\u00e9l az is, hogy a beruh\u00e1z\u00e1sban rejl\u0151 lehet\u0151s\u00e9geket Paks v\u00e1rosa \u00e9s a kist\u00e9rs\u00e9g a lehet\u0151 legjobban kiakn\u00e1zza, min\u00e9l t\u00f6bb v\u00e1llalkoz\u00e1s v\u00e1lhasson a r\u00e9szes\u00e9v\u00e9 &#8211; tette hozz\u00e1.<br \/>\nSztruh\u00e1r S\u00e1ndor besz\u00e1molt arr\u00f3l is, hogy az er\u0151m\u0171-beruh\u00e1z\u00e1s h\u00edr\u00e9re szinte azonnal megn\u0151tt az \u00e9rdekl\u0151d\u00e9s a paksi iparter\u00fcletek ir\u00e1nt. A t\u00e1rgyal\u00e1sok folynak, a partnerek n\u00e9melyike kifejezetten a b\u0151v\u00edt\u00e9s miatt Paksra telepedne, de az \u00fcgyvezet\u0151 szerint olyan is van, aki az ingatlan\u00e1rak emelked\u00e9s\u00e9re sz\u00e1m\u00edtva fektetne be.<br \/>\nA Paksi Ipari Park Kft. ter\u00fclet\u00e9n jelenleg t\u00f6bb mint 30 c\u00e9g m\u0171k\u00f6dik. Ezek \u00f6sszesen 700 embert foglalkoztatnak, \u00e1rbev\u00e9tel\u00fck tavaly meghaladta a 13 milli\u00e1rd forintot, aminek 98 sz\u00e1zal\u00e9ka export.<br \/>\nB\u00e1r a park egyre jobban ben\u00e9pes\u00fcl, a betelep\u00fclni sz\u00e1nd\u00e9koz\u00f3kat ki\u00e9p\u00edtett infrastrukt\u00far\u00e1val, j\u00f3l m\u0171k\u00f6d\u0151 szolg\u00e1ltat\u00e1sok tudj\u00e1k fogadni, \u00e9s van lehet\u0151s\u00e9g a b\u0151v\u00edt\u00e9sre is \u2013 k\u00f6z\u00f6lte Sztruh\u00e1r S\u00e1ndor.(MTI)<\/p>\n","protected":false},"excerpt":{"rendered":"<p>L\u00e9trej\u00f6n Pakson egy szak\u00e9rt\u0151kb\u0151l \u00e9s int\u00e9zm\u00e9nyvezet\u0151kb\u0151l \u00e1ll\u00f3 csoport, valamint egy munkaszervezet, amelyek feladata az lesz, hogy a v\u00e1rost felk\u00e9sz\u00edts\u00e9k az atomer\u0151m\u0171 fejleszt\u00e9s\u00e9re \u2013 mondta el Sztruh\u00e1r S\u00e1ndor, a Paksi Ipari Park Kft. \u00fcgyvezet\u0151je az MTI-nek kedden.<\/p>\n","protected":false},"author":1,"featured_media":0,"comment_status":"open","ping_status":"closed","sticky":false,"template":"","format":"standard","meta":[],"categories":[19],"tags":[],"_links":{"self":[{"href":"https:\/\/gazdasagportal.hu\/index.php\/wp-json\/wp\/v2\/posts\/28172"}],"collection":[{"href":"https:\/\/gazdasagportal.hu\/index.php\/wp-json\/wp\/v2\/posts"}],"about":[{"href":"https:\/\/gazdasagportal.hu\/index.php\/wp-json\/wp\/v2\/types\/post"}],"author":[{"embeddable":true,"href":"https:\/\/gazdasagportal.hu\/index.php\/wp-json\/wp\/v2\/users\/1"}],"replies":[{"embeddable":true,"href":"https:\/\/gazdasagportal.hu\/index.php\/wp-json\/wp\/v2\/comments?post=28172"}],"version-history":[{"count":1,"href":"https:\/\/gazdasagportal.hu\/index.php\/wp-json\/wp\/v2\/posts\/28172\/revisions"}],"predecessor-version":[{"id":28173,"href":"https:\/\/gazdasagportal.hu\/index.php\/wp-json\/wp\/v2\/posts\/28172\/revisions\/28173"}],"wp:attachment":[{"href":"https:\/\/gazdasagportal.hu\/index.php\/wp-json\/wp\/v2\/media?parent=28172"}],"wp:term":[{"taxonomy":"category","embeddable":true,"href":"https:\/\/gazdasagportal.hu\/index.php\/wp-json\/wp\/v2\/categories?post=28172"},{"taxonomy":"post_tag","embeddable":true,"href":"https:\/\/gazdasagportal.hu\/index.php\/wp-json\/wp\/v2\/tags?post=28172"}],"curies":[{"name":"wp","href":"https:\/\/api.w.org\/{rel}","templated":true}]}}