{"id":28132,"date":"2014-02-18T14:54:29","date_gmt":"2014-02-18T13:54:29","guid":{"rendered":"http:\/\/stockportal.hu\/?p=28132"},"modified":"2014-02-18T15:15:01","modified_gmt":"2014-02-18T14:15:01","slug":"ukran-valsag-harom-ellenzeki-tuntetot-agyonlottek-kijevben-ellenzeki-forrasok-szerint","status":"publish","type":"post","link":"https:\/\/gazdasagportal.hu\/index.php\/ukran-valsag-harom-ellenzeki-tuntetot-agyonlottek-kijevben-ellenzeki-forrasok-szerint\/","title":{"rendered":"Ukr\u00e1n v\u00e1ls\u00e1g \u2013 H\u00e1rom ellenz\u00e9ki t\u00fcntet\u0151t agyonl\u0151ttek Kijevben ellenz\u00e9ki forr\u00e1sok szerint"},"content":{"rendered":"<p><strong>H\u00e1rom t\u00fcntet\u0151t agyonl\u0151ttek az ukr\u00e1n ellenz\u00e9ki t\u00fcntet\u0151k \u00e9s a rendfenntart\u00f3k k\u00f6z\u00f6tt kedden Kijevben kirobbant \u00f6sszet\u0171z\u00e9sekben &#8211; k\u00f6z\u00f6lte az ellenz\u00e9k eg\u00e9szs\u00e9g\u00fcgyi szolg\u00e1lat\u00e1nak vezet\u0151je az AFP h\u00edr\u00fcgyn\u00f6ks\u00e9g szerint.<!--more--><\/strong><\/p>\n<div id=\"vid4u\"><\/div>\n<p><script type=\"text\/javascript\">\/\/ <![CDATA[\nvar rid = 100000 + Math.floor(Math.random()*99999); var b = document.createElement(\"div\"); b.setAttribute(\"id\", \"v4u_c_\"+rid+\"_3\"); var r = document.getElementById(\"vid4u\"); r.parentNode.insertBefore(b,r); r.setAttribute(\"id\", \"\"); (function(w, d, s, rid) { function go(){ var js, fjs = d.getElementsByTagName(s)[0], load = function(url, id) { if (d.getElementById(id)) { d.getElementById(id).onload = d.getElementById(id).onreadystatechange = function() { if (typeof vid4u != 'undefined') vid4u.init(728,90,\"0scneAox4k\",null,3, rid);}; return; } js = d.createElement(s); js.src = url; js.id = id; fjs.parentNode.insertBefore(js, fjs); js.onload = js.onreadystatechange = function() { if (typeof vid4u != 'undefined') vid4u.init(728,90,\"0scneAox4k\",null,3, rid); };}; load(\"\/\/video.vid4u.org\/vid4ul.js\", \"vjs_\"+rid); } go(); }(window, document, \"script\", rid));\n\/\/ ]]><\/script><\/p>\n<p>K\u00f6zben Leszja Orobec, az ukr\u00e1n ellenz\u00e9ki Haza (Batykivscsina) parlamenti k\u00e9pvisel\u0151je Facebook-oldal\u00e1n k\u00f6zz\u00e9tette, hogy h\u00e1rom halott t\u00fcntet\u0151 van a Tisztek H\u00e1z\u00e1ban &#8211; a honatya a hal\u00e1l ok\u00e1t nem r\u00e9szletezte -, h\u00e9t tov\u00e1bbi pedig &#8222;\u00e9let \u00e9s hal\u00e1l&#8221; k\u00f6z\u00f6tt. Szavai szerint a ment\u0151ket nem engedik az \u00e9p\u00fclethez, ahol kedden az \u00f6sszecsap\u00e1sok kit\u00f6r\u00e9se ut\u00e1n rendeztek be els\u0151seg\u00e9lypontot.<br \/>\n\u00d6nk\u00e9ntes orvosok elmondt\u00e1k, hogy m\u00e1r t\u00f6bb sz\u00e1zra n\u0151tt a sebes\u00fcltek sz\u00e1ma.(MTI)<\/p>\n<p>&nbsp;<\/p><div id=\"gazda-2204465385\" class=\"gazda-tartalomban gazda-entity-placement\"><script async src=\"https:\/\/pagead2.googlesyndication.com\/pagead\/js\/adsbygoogle.js\"><\/script>\r\n<ins class=\"adsbygoogle\"\r\n     style=\"display:block\"\r\n     data-ad-format=\"fluid\"\r\n     data-ad-layout-key=\"-6t+ed+2i-1n-4w\"\r\n     data-ad-client=\"ca-pub-1959107119989764\"\r\n     data-ad-slot=\"4008251320\"><\/ins>\r\n<script>\r\n     (adsbygoogle = window.adsbygoogle || []).push({});\r\n<\/script><\/div>\n<p><strong><a title=\"Permanent Link to Ukr\u00e1n v\u00e1ls\u00e1g \u2013 \u00d6sszecsaptak a t\u00fcntet\u0151k \u00e9s a rohamrend\u0151r\u00f6k Kijevben a parlamentn\u00e9l\" href=\"http:\/\/stockportal.hu\/index.php\/ukran-valsag-osszecsaptak-a-tuntetok-es-a-rohamrendorok-kijevben-a-parlamentnel\/\" rel=\"bookmark noopener\" target=\"_blank\">Ukr\u00e1n v\u00e1ls\u00e1g \u2013 \u00d6sszecsaptak a t\u00fcntet\u0151k \u00e9s a rohamrend\u0151r\u00f6k Kijevben a parlamentn\u00e9l<\/a><\/strong><\/p>\n<p>&nbsp;<\/p>\n<p>&nbsp;<\/p>\n","protected":false},"excerpt":{"rendered":"<p>H\u00e1rom t\u00fcntet\u0151t agyonl\u0151ttek az ukr\u00e1n ellenz\u00e9ki t\u00fcntet\u0151k \u00e9s a rendfenntart\u00f3k k\u00f6z\u00f6tt kedden Kijevben kirobbant \u00f6sszet\u0171z\u00e9sekben &#8211; k\u00f6z\u00f6lte az ellenz\u00e9k eg\u00e9szs\u00e9g\u00fcgyi szolg\u00e1lat\u00e1nak vezet\u0151je az AFP h\u00edr\u00fcgyn\u00f6ks\u00e9g szerint.<\/p>\n","protected":false},"author":1,"featured_media":0,"comment_status":"open","ping_status":"closed","sticky":false,"template":"","format":"standard","meta":[],"categories":[139],"tags":[],"_links":{"self":[{"href":"https:\/\/gazdasagportal.hu\/index.php\/wp-json\/wp\/v2\/posts\/28132"}],"collection":[{"href":"https:\/\/gazdasagportal.hu\/index.php\/wp-json\/wp\/v2\/posts"}],"about":[{"href":"https:\/\/gazdasagportal.hu\/index.php\/wp-json\/wp\/v2\/types\/post"}],"author":[{"embeddable":true,"href":"https:\/\/gazdasagportal.hu\/index.php\/wp-json\/wp\/v2\/users\/1"}],"replies":[{"embeddable":true,"href":"https:\/\/gazdasagportal.hu\/index.php\/wp-json\/wp\/v2\/comments?post=28132"}],"version-history":[{"count":3,"href":"https:\/\/gazdasagportal.hu\/index.php\/wp-json\/wp\/v2\/posts\/28132\/revisions"}],"predecessor-version":[{"id":28143,"href":"https:\/\/gazdasagportal.hu\/index.php\/wp-json\/wp\/v2\/posts\/28132\/revisions\/28143"}],"wp:attachment":[{"href":"https:\/\/gazdasagportal.hu\/index.php\/wp-json\/wp\/v2\/media?parent=28132"}],"wp:term":[{"taxonomy":"category","embeddable":true,"href":"https:\/\/gazdasagportal.hu\/index.php\/wp-json\/wp\/v2\/categories?post=28132"},{"taxonomy":"post_tag","embeddable":true,"href":"https:\/\/gazdasagportal.hu\/index.php\/wp-json\/wp\/v2\/tags?post=28132"}],"curies":[{"name":"wp","href":"https:\/\/api.w.org\/{rel}","templated":true}]}}