{"id":28115,"date":"2014-02-18T13:57:46","date_gmt":"2014-02-18T12:57:46","guid":{"rendered":"http:\/\/stockportal.hu\/?p=28115"},"modified":"2014-02-18T13:57:46","modified_gmt":"2014-02-18T12:57:46","slug":"vilagforum-es-kiallitas-a-csaladi-gazdasagokrol-budapesten","status":"publish","type":"post","link":"https:\/\/gazdasagportal.hu\/index.php\/vilagforum-es-kiallitas-a-csaladi-gazdasagokrol-budapesten\/","title":{"rendered":"Vil\u00e1gf\u00f3rum \u00e9s ki\u00e1ll\u00edt\u00e1s a csal\u00e1di gazdas\u00e1gokr\u00f3l Budapesten"},"content":{"rendered":"<p><strong>A vil\u00e1g csal\u00e1di gazd\u00e1lkod\u00e1sainak felvir\u00e1goztat\u00e1sa \u00e9rdek\u00e9ben tal\u00e1lkoznak a magyar f\u0151v\u00e1rosban m\u00e1rcius 5-\u00e9n \u00e9s 6-\u00e1n az ENSZ \u00c9lelmez\u00e9si \u00e9s Mez\u0151gazdas\u00e1gi Szervezete (FAO) tagorsz\u00e1gainak miniszterei, tud\u00f3sok \u00e9s civil szervezetek &#8211; k\u00f6z\u00f6lte a Vid\u00e9kfejleszt\u00e9si Miniszt\u00e9rium (VM), az esem\u00e9ny h\u00e1zigazd\u00e1ja kedden az MTI-vel.<!--more--><\/strong><\/p>\n<p>A t\u00e1j\u00e9koztat\u00e1s szerint a budapesti &#8222;Vil\u00e1gf\u00f3rum \u00e9s Ki\u00e1ll\u00edt\u00e1s a Csal\u00e1di Gazd\u00e1lkod\u00e1sr\u00f3l&#8221; c\u00edm\u0171 rendezv\u00e9ny egyszerre magas szint\u0171 nemzetk\u00f6zi tal\u00e1lkoz\u00f3, tudom\u00e1nyos vita \u00e9s nyilv\u00e1nos ki\u00e1ll\u00edt\u00e1s, amely a vil\u00e1g soksz\u00edn\u0171, csal\u00e1di alapokon m\u0171k\u00f6d\u0151 mez\u0151gazdas\u00e1g\u00e1t k\u00edv\u00e1nja bemutatni az \u00e9rdekl\u0151d\u0151knek. \u00cdgy Magyarorsz\u00e1g ad otthont az \u00e9v egyik legfontosabb nemzetk\u00f6zi mez\u0151gazdas\u00e1gi tal\u00e1lkoz\u00f3j\u00e1nak, amely az ENSZ Csal\u00e1di Gazd\u00e1lkod\u00e1sok Nemzetk\u00f6zi \u00c9v\u00e9nek kiemelked\u0151 esem\u00e9nye lesz.<br \/>\nA csal\u00e1di gazd\u00e1lkod\u00e1smodell mag\u00e1ban foglal minden olyan mez\u0151gazdas\u00e1gi tev\u00e9kenys\u00e9get a f\u00f6ldm\u0171vel\u00e9st\u0151l az \u00e1llattart\u00e1son kereszt\u00fcl a hal- \u00e9s erd\u0151gazd\u00e1lkod\u00e1sig, amely egy csal\u00e1d kezel\u00e9s\u00e9ben m\u0171k\u00f6dik, annak \u00f6nszervez\u0151 k\u00e9pess\u00e9g\u00e9re \u00e9s munkaerej\u00e9re \u00e9p\u00edt. A csal\u00e1di gazdas\u00e1gok biztos\u00edtj\u00e1k legink\u00e1bb a helyi term\u00e9szeti er\u0151forr\u00e1sok v\u00e9delm\u00e9t, a hagyom\u00e1nyos mez\u0151gazdas\u00e1gi term\u00e9kek meg\u0151rz\u00e9s\u00e9t \u00e9s az \u00e9lelmiszer-biztons\u00e1gi el\u0151\u00edr\u00e1sok betart\u00e1s\u00e1t. A k\u00f6zlem\u00e9ny szerint a csal\u00e1di gazd\u00e1lkod\u00e1sok l\u00e9te n\u00e9lk\u00fcl\u00f6zhetetlen a vid\u00e9ki foglalkoztatotts\u00e1g n\u00f6vel\u00e9s\u00e9hez \u00e9s a mez\u0151gazdas\u00e1g fejleszt\u00e9s\u00e9hez, \u00edgy az \u00e9lelmez\u00e9s biztons\u00e1g\u00e1nak megteremt\u00e9s\u00e9hez.<br \/>\nMindehhez azonban \u00f6szt\u00f6nz\u0151 k\u00f6rnyezet sz\u00fcks\u00e9ges, amely mag\u00e1ban foglalja t\u00f6bbek k\u00f6z\u00f6tt a gazd\u00e1k f\u00f6ldh\u00f6z jut\u00e1s\u00e1t, az infrastruktur\u00e1lis fejleszt\u00e9seket, kedvez\u0151 t\u00e1mogat\u00e1si rendszer kialak\u00edt\u00e1s\u00e1t, mez\u0151gazdas\u00e1gi tan\u00e1csad\u00f3i h\u00e1l\u00f3zat \u00e9s helyi piacok fejleszt\u00e9s\u00e9t. Mivel az ilyen volumen\u0171 feladatok magas szint\u0171 politikai elk\u00f6telezetts\u00e9g n\u00e9lk\u00fcl nem val\u00f3s\u00edthat\u00f3k meg, a szak\u00e9rt\u0151k szerint a FAO csal\u00e1di gazd\u00e1lkod\u00e1sok t\u00e9m\u00e1ja k\u00f6r\u00e9 szervezett rendezv\u00e9nysorozata jelent\u0151s eredm\u00e9nyeket hozhat ezen a ter\u00fcleten.<br \/>\nA kezdem\u00e9nyez\u00e9s keret\u00e9ben 2013 utols\u00f3 negyed\u00e9v\u00e9ben \u00f6t region\u00e1lis p\u00e1rbesz\u00e9dre ker\u00fclt sor, ahol felm\u00e9rt\u00e9k a csal\u00e1di gazd\u00e1lkod\u00e1sokat \u00e9rint\u0151 legfontosabb probl\u00e9m\u00e1kat. Ezeket az eredm\u00e9nyeket mutatj\u00e1k be \u00e9s vitatj\u00e1k meg a Vid\u00e9kfejleszt\u00e9si Miniszt\u00e9rium \u00e1ltal szervezett rendezv\u00e9nyen. Az esem\u00e9nyre eddig a FAO sz\u00e1mos tagorsz\u00e1gb\u00f3l regisztr\u00e1ltak m\u00e1r.<br \/>\nA plen\u00e1ris \u00fcl\u00e9s Fazekas S\u00e1ndor vid\u00e9kfejleszt\u00e9si miniszter, valamint Jos\u00e9 Graziano da Silva, a FAO f\u0151igazgat\u00f3j\u00e1nak nyit\u00f3besz\u00e9d\u00e9vel kezd\u0151dik. A rendezv\u00e9ny k\u00fcl\u00f6nlegess\u00e9ge a &#8222;Vil\u00e1g Mustra&#8221; nevet visel\u0151 ki\u00e1ll\u00edt\u00e1s. Ez lehet\u0151s\u00e9get ad a vil\u00e1g k\u00fcl\u00f6nb\u00f6z\u0151 t\u00e1jair\u00f3l \u00e9rkez\u0151 csal\u00e1di gazd\u00e1lkod\u00f3knak arra, hogy bemutass\u00e1k tev\u00e9kenys\u00e9g\u00fcket, \u00e9s felh\u00edvj\u00e1k a vil\u00e1g minden t\u00e1j\u00e1r\u00f3l \u00e9rkez\u0151 vend\u00e9gek, valamint az \u00e9rdekl\u0151d\u0151 nagyk\u00f6z\u00f6ns\u00e9g figyelm\u00e9t a csal\u00e1di gazd\u00e1lkod\u00e1sok \u00e1ltal ny\u00fajtott lehet\u0151s\u00e9gekre \u00e9s \u00e9rt\u00e9kekre &#8211; olvashat\u00f3 a t\u00e1j\u00e9koztat\u00f3ban.(MTI)<\/p>\n","protected":false},"excerpt":{"rendered":"<p>A vil\u00e1g csal\u00e1di gazd\u00e1lkod\u00e1sainak felvir\u00e1goztat\u00e1sa \u00e9rdek\u00e9ben tal\u00e1lkoznak a magyar f\u0151v\u00e1rosban m\u00e1rcius 5-\u00e9n \u00e9s 6-\u00e1n az ENSZ \u00c9lelmez\u00e9si \u00e9s Mez\u0151gazdas\u00e1gi Szervezete (FAO) tagorsz\u00e1gainak miniszterei, tud\u00f3sok \u00e9s civil szervezetek &#8211; k\u00f6z\u00f6lte a Vid\u00e9kfejleszt\u00e9si Miniszt\u00e9rium (VM), az esem\u00e9ny h\u00e1zigazd\u00e1ja kedden az MTI-vel.<\/p>\n","protected":false},"author":1,"featured_media":0,"comment_status":"open","ping_status":"closed","sticky":false,"template":"","format":"standard","meta":[],"categories":[19],"tags":[],"_links":{"self":[{"href":"https:\/\/gazdasagportal.hu\/index.php\/wp-json\/wp\/v2\/posts\/28115"}],"collection":[{"href":"https:\/\/gazdasagportal.hu\/index.php\/wp-json\/wp\/v2\/posts"}],"about":[{"href":"https:\/\/gazdasagportal.hu\/index.php\/wp-json\/wp\/v2\/types\/post"}],"author":[{"embeddable":true,"href":"https:\/\/gazdasagportal.hu\/index.php\/wp-json\/wp\/v2\/users\/1"}],"replies":[{"embeddable":true,"href":"https:\/\/gazdasagportal.hu\/index.php\/wp-json\/wp\/v2\/comments?post=28115"}],"version-history":[{"count":1,"href":"https:\/\/gazdasagportal.hu\/index.php\/wp-json\/wp\/v2\/posts\/28115\/revisions"}],"predecessor-version":[{"id":28116,"href":"https:\/\/gazdasagportal.hu\/index.php\/wp-json\/wp\/v2\/posts\/28115\/revisions\/28116"}],"wp:attachment":[{"href":"https:\/\/gazdasagportal.hu\/index.php\/wp-json\/wp\/v2\/media?parent=28115"}],"wp:term":[{"taxonomy":"category","embeddable":true,"href":"https:\/\/gazdasagportal.hu\/index.php\/wp-json\/wp\/v2\/categories?post=28115"},{"taxonomy":"post_tag","embeddable":true,"href":"https:\/\/gazdasagportal.hu\/index.php\/wp-json\/wp\/v2\/tags?post=28115"}],"curies":[{"name":"wp","href":"https:\/\/api.w.org\/{rel}","templated":true}]}}