{"id":28113,"date":"2014-02-18T13:25:10","date_gmt":"2014-02-18T12:25:10","guid":{"rendered":"http:\/\/stockportal.hu\/?p=28113"},"modified":"2014-02-18T15:15:40","modified_gmt":"2014-02-18T14:15:40","slug":"ukran-valsag-osszecsaptak-a-tuntetok-es-a-rohamrendorok-kijevben-a-parlamentnel","status":"publish","type":"post","link":"https:\/\/gazdasagportal.hu\/index.php\/ukran-valsag-osszecsaptak-a-tuntetok-es-a-rohamrendorok-kijevben-a-parlamentnel\/","title":{"rendered":"Ukr\u00e1n v\u00e1ls\u00e1g &#8211; \u00d6sszecsaptak a t\u00fcntet\u0151k \u00e9s a rohamrend\u0151r\u00f6k Kijevben a parlamentn\u00e9l"},"content":{"rendered":"<p><strong>Mintegy k\u00e9tezer ellenz\u00e9ki t\u00fcntet\u0151 csapott \u00f6ssze kedden Kijevben a rohamrend\u0151r\u00f6kkel a parlament \u00e9p\u00fclet\u00e9n\u00e9l, ahol a t\u00f6rv\u00e9nyhoz\u00e1s \u00e9pp plen\u00e1ris \u00fcl\u00e9st tartott volna.<!--more--><\/strong><\/p>\n<div id=\"vid4u\"><\/div>\n<p><script type=\"text\/javascript\">\/\/ <![CDATA[\nvar rid = 100000 + Math.floor(Math.random()*99999); var b = document.createElement(\"div\"); b.setAttribute(\"id\", \"v4u_c_\"+rid+\"_3\"); var r = document.getElementById(\"vid4u\"); r.parentNode.insertBefore(b,r); r.setAttribute(\"id\", \"\"); (function(w, d, s, rid) { function go(){ var js, fjs = d.getElementsByTagName(s)[0], load = function(url, id) { if (d.getElementById(id)) { d.getElementById(id).onload = d.getElementById(id).onreadystatechange = function() { if (typeof vid4u != 'undefined') vid4u.init(728,90,\"0scneAox4k\",null,3, rid);}; return; } js = d.createElement(s); js.src = url; js.id = id; fjs.parentNode.insertBefore(js, fjs); js.onload = js.onreadystatechange = function() { if (typeof vid4u != 'undefined') vid4u.init(728,90,\"0scneAox4k\",null,3, rid); };}; load(\"\/\/video.vid4u.org\/vid4ul.js\", \"vjs_\"+rid); } go(); }(window, document, \"script\", rid));\n\/\/ ]]><\/script><\/p>\n<p>Helysz\u00edni jelent\u00e9sek szerint a t\u00fcntet\u0151k k\u00f6vekkel, botokkal, Molotov-kokt\u00e9lokkal t\u00e1madtak a rendfenntart\u00f3kra, akik v\u00e1laszul k\u00f6nnyg\u00e1zt, f\u00e9ny- \u00e9s hanggr\u00e1n\u00e1tokat, v\u00edz\u00e1gy\u00fat vetettek be, valamint gumil\u00f6ved\u00e9keket l\u0151ttek a t\u00f6megbe.<br \/>\nEgyes k\u00f6zl\u00e9sek alapj\u00e1n mindk\u00e9t oldal haszn\u00e1lt l\u0151fegyvereket is. Az egyik t\u00e9v\u00e9t\u00e1rsas\u00e1g \u00e9l\u0151 k\u00f6zvet\u00edt\u00e9se alatt l\u00e1that\u00f3 volt egy t\u00fcntet\u0151, aki pisztollyal l\u00f6v\u00f6ld\u00f6z\u00f6tt. A bel\u00fcgyminiszt\u00e9rium k\u00f6zz\u00e9tette, hogy a t\u00fcntet\u0151k l\u0151fegyverekkel t\u00e1madtak. Ugyanakkor ellenz\u00e9ki k\u00e9pvisel\u0151k \u00e1ll\u00edtott\u00e1k, szemtan\u00fai voltak annak, hogy rohamrend\u0151r\u00f6k pisztollyal l\u00e1bra c\u00e9lzott l\u00f6v\u00e9seket adtak le a r\u00e1juk t\u00e1mad\u00f3kra.<br \/>\nA t\u00fcntet\u0151k felgy\u00fajtottak egy rend\u0151rs\u00e9gi teheraut\u00f3t, amely elz\u00e1rta a parlamenthez vezet\u0151 utat, a korm\u00e1nyz\u00f3 R\u00e9gi\u00f3k P\u00e1rtj\u00e1nak sz\u00e9kh\u00e1z\u00e1ba pedig Molotov-kokt\u00e9lokat \u00e9s k\u00f6veket dob\u00e1ltak, bet\u00f6rve az \u00e9p\u00fclet t\u00f6bb ablak\u00e1t, majd behatoltak az \u00e9p\u00fcletbe, \u00e9s t\u00faszul ejtettek egy \u00f6tven \u00e9v k\u00f6r\u00fcli civil ruh\u00e1s f\u00e9rfit. Nem sokkal k\u00e9s\u0151bb a rend\u0151r\u00f6k kiszor\u00edtott\u00e1k a t\u00fcntet\u0151ket az \u00e9p\u00fcletb\u0151l.<br \/>\nEgy tucatnyi t\u00fcntet\u0151 ek\u00f6zben elfoglalta azokat a h\u00e1ztet\u0151ket, ahonnan a bel\u00fcgyi egys\u00e9gek l\u00f6v\u00e9szei gumil\u00f6ved\u00e9kkel l\u0151tt\u00e9k az embereket. A bel\u00fcgyesek elmenek\u00fcltek a h\u00e1ztet\u0151kr\u0151l.<br \/>\nAz \u00f6sszecsap\u00e1sok a parlament k\u00f6r\u00fcl t\u00f6bb utc\u00e1ra kiterjedtek. A rohamrend\u0151r\u00f6k oldal\u00e1n korm\u00e1nyp\u00e1rti demonstr\u00e1l\u00f3k is bekapcsol\u00f3dtak az ellenz\u00e9ki t\u00fcntet\u0151k elleni harcba. Az ellenz\u00e9kieknek \u00e1ll\u00edt\u00f3lag t\u00f6bb rend\u0151rt siker\u00fclt t\u00faszul ejteni\u00fck a bel\u00fcgyi egys\u00e9gekkel \u00e9s a korm\u00e1nyp\u00e1rtiakkal folytatott k\u00f6zelharcban. Egy s\u00e9r\u00fclt rend\u0151rt k\u00e9s\u0151bb kiadtak a t\u00e1rsainak.<br \/>\nEddig legal\u00e1bb t\u00edz t\u00fcntet\u0151 s\u00e9r\u00fclt meg, a rend\u0151r\u00f6k k\u00f6z\u00fcl legal\u00e1bb heten. Egy fiatal f\u00e9rfinak egy rend\u0151r \u00e1ltal elhaj\u00edtott gr\u00e1n\u00e1t csukl\u00f3b\u00f3l leszak\u00edtotta a kez\u00e9t, a Reuter brit h\u00edr\u00fcgyn\u00f6ks\u00e9g fot\u00f3riportere szint\u00e9n gr\u00e1n\u00e1tt\u00f3l s\u00e9r\u00fclt meg a mellkas\u00e1n, k\u00e9t n\u0151 pedig gumil\u00f6ved\u00e9kekt\u0151l.<br \/>\nA t\u00fcntet\u0151k elfoglalt\u00e1k a Tisztek H\u00e1za nev\u0171 \u00e9p\u00fcletet, ahol els\u0151seg\u00e9lypontot rendeztek be.<br \/>\nA korm\u00e1nyz\u00f3 R\u00e9gi\u00f3k P\u00e1rtj\u00e1nak k\u00e9pvisel\u0151i elhagyt\u00e1k az \u00fcl\u00e9stermet, t\u00f6bben k\u00f6z\u00fcl\u00fck az oldals\u00f3 bej\u00e1ratokon kereszt\u00fcl az \u00e9p\u00fcletet is. Ellenz\u00e9ki k\u00e9pvisel\u0151k a korm\u00e1nyt k\u00edv\u00fclr\u0151l t\u00e1mogat\u00f3 kommunista honaty\u00e1k k\u00f6z\u00fcl t\u00f6bbet viszont megakad\u00e1lyozt\u00e1k abban, hogy \u0151k is kimenjenek az \u00fcl\u00e9stermb\u0151l. Az ellenz\u00e9k k\u00f6veteli, hogy a R\u00e9gi\u00f3k P\u00e1rtj\u00e1nak k\u00e9pvisel\u0151i t\u00e9rjenek vissza, \u00e9s hozz\u00e1k meg azokat a d\u00f6nt\u00e9seket, amelyeket a t\u00fcntet\u0151k k\u00f6vetelnek.<br \/>\nVitalij Klicsko, az ellenz\u00e9ki \u00dct\u00e9s (UDAR) p\u00e1rt vez\u00e9re rendk\u00edv\u00fcli eln\u00f6k- \u00e9s parlamenti v\u00e1laszt\u00e1sok s\u00fcrg\u0151s ki\u00edr\u00e1s\u00e1t k\u00f6vetelte Viktor Janukovics ukr\u00e1n az utcai harcok k\u00f6zben a parlamentben tartott sajt\u00f3t\u00e1j\u00e9koztat\u00f3j\u00e1n.<br \/>\nKijelentette, hogy az egyetlen, &#8222;ami leh\u0171theti a ked\u00e9lyeket az orsz\u00e1gban&#8221; az, ha Janukovics eln\u00f6k azonnal v\u00e1laszt\u00e1sokat \u00edr ki. Lesz\u00f6gezte, hogy mihamarabb \u00faj korm\u00e1nyt kell alak\u00edtania a parlamentnek, az ellenz\u00e9k pedig k\u00e9szen \u00e1ll a korm\u00e1nyz\u00e1sra. &#8222;Most nem \u00f3r\u00e1kr\u00f3l, hanem percekr\u0151l van sz\u00f3&#8221; &#8211; hangoztatta a politikus.<br \/>\nS\u00fcrgette tov\u00e1bb\u00e1, hogy a parlament hozza vissza a 2004-es alkotm\u00e1nyt, amely jelent\u0151sen sz\u0171k\u00edtette az eln\u00f6ki jogk\u00f6r\u00f6ket a parlament jav\u00e1ra.<br \/>\nOleh Tyahnibok, a Szabads\u00e1g (Szvoboda) p\u00e1rt eln\u00f6ke szerint a hatalom provok\u00e1lta a t\u00fcntet\u0151ket az \u00fajabb harcra. A parlamentben tartott sajt\u00f3t\u00e1j\u00e9koztat\u00f3j\u00e1n kijelentette: a rend\u0151r\u00f6k kezdt\u00e9k az \u00f6sszet\u0171z\u00e9st, el\u0151bb \u0151k l\u0151ttek r\u00e1, \u00e9s dobtak oszlat\u00f3 gr\u00e1n\u00e1tokat a b\u00e9k\u00e9s demonstr\u00e1l\u00f3kra, akiket az\u00e9rt h\u00edvott az ellenz\u00e9k a parlament el\u00e9, hogy t\u00e1mogass\u00e1k az ellenz\u00e9ki k\u00e9pvisel\u0151ket az alkotm\u00e1ny m\u00f3dos\u00edt\u00e1s\u00e1ban.(MTI)<\/p>\n<p>&nbsp;<\/p><div id=\"gazda-1149753501\" class=\"gazda-tartalomban gazda-entity-placement\"><script async src=\"https:\/\/pagead2.googlesyndication.com\/pagead\/js\/adsbygoogle.js\"><\/script>\r\n<ins class=\"adsbygoogle\"\r\n     style=\"display:block\"\r\n     data-ad-format=\"fluid\"\r\n     data-ad-layout-key=\"-6t+ed+2i-1n-4w\"\r\n     data-ad-client=\"ca-pub-1959107119989764\"\r\n     data-ad-slot=\"4008251320\"><\/ins>\r\n<script>\r\n     (adsbygoogle = window.adsbygoogle || []).push({});\r\n<\/script><\/div>\n<p><strong><a title=\"Permanent Link to Ukr\u00e1n v\u00e1ls\u00e1g \u2013 H\u00e1rom ellenz\u00e9ki t\u00fcntet\u0151t agyonl\u0151ttek Kijevben ellenz\u00e9ki forr\u00e1sok szerint\" href=\"http:\/\/stockportal.hu\/index.php\/ukran-valsag-harom-ellenzeki-tuntetot-agyonlottek-kijevben-ellenzeki-forrasok-szerint\/\" rel=\"bookmark noopener\" target=\"_blank\">Ukr\u00e1n v\u00e1ls\u00e1g \u2013 H\u00e1rom ellenz\u00e9ki t\u00fcntet\u0151t agyonl\u0151ttek Kijevben ellenz\u00e9ki forr\u00e1sok szerint<\/a><\/strong><\/p>\n<p>&nbsp;<\/p>\n","protected":false},"excerpt":{"rendered":"<p>Mintegy k\u00e9tezer ellenz\u00e9ki t\u00fcntet\u0151 csapott \u00f6ssze kedden Kijevben a rohamrend\u0151r\u00f6kkel a parlament \u00e9p\u00fclet\u00e9n\u00e9l, ahol a t\u00f6rv\u00e9nyhoz\u00e1s \u00e9pp plen\u00e1ris \u00fcl\u00e9st tartott volna.<\/p>\n","protected":false},"author":1,"featured_media":0,"comment_status":"open","ping_status":"closed","sticky":false,"template":"","format":"standard","meta":[],"categories":[139],"tags":[],"_links":{"self":[{"href":"https:\/\/gazdasagportal.hu\/index.php\/wp-json\/wp\/v2\/posts\/28113"}],"collection":[{"href":"https:\/\/gazdasagportal.hu\/index.php\/wp-json\/wp\/v2\/posts"}],"about":[{"href":"https:\/\/gazdasagportal.hu\/index.php\/wp-json\/wp\/v2\/types\/post"}],"author":[{"embeddable":true,"href":"https:\/\/gazdasagportal.hu\/index.php\/wp-json\/wp\/v2\/users\/1"}],"replies":[{"embeddable":true,"href":"https:\/\/gazdasagportal.hu\/index.php\/wp-json\/wp\/v2\/comments?post=28113"}],"version-history":[{"count":2,"href":"https:\/\/gazdasagportal.hu\/index.php\/wp-json\/wp\/v2\/posts\/28113\/revisions"}],"predecessor-version":[{"id":28145,"href":"https:\/\/gazdasagportal.hu\/index.php\/wp-json\/wp\/v2\/posts\/28113\/revisions\/28145"}],"wp:attachment":[{"href":"https:\/\/gazdasagportal.hu\/index.php\/wp-json\/wp\/v2\/media?parent=28113"}],"wp:term":[{"taxonomy":"category","embeddable":true,"href":"https:\/\/gazdasagportal.hu\/index.php\/wp-json\/wp\/v2\/categories?post=28113"},{"taxonomy":"post_tag","embeddable":true,"href":"https:\/\/gazdasagportal.hu\/index.php\/wp-json\/wp\/v2\/tags?post=28113"}],"curies":[{"name":"wp","href":"https:\/\/api.w.org\/{rel}","templated":true}]}}