{"id":28107,"date":"2014-02-18T12:34:37","date_gmt":"2014-02-18T11:34:37","guid":{"rendered":"http:\/\/stockportal.hu\/?p=28107"},"modified":"2014-02-18T12:35:24","modified_gmt":"2014-02-18T11:35:24","slug":"novelte-forgalmat-tavaly-az-ikea-magyarorszag","status":"publish","type":"post","link":"https:\/\/gazdasagportal.hu\/index.php\/novelte-forgalmat-tavaly-az-ikea-magyarorszag\/","title":{"rendered":"N\u00f6velte forgalm\u00e1t tavaly az IKEA Magyarorsz\u00e1g"},"content":{"rendered":"<p><strong>Az IKEA Magyarorsz\u00e1g \u00e1rbev\u00e9tele a tavaly augusztus v\u00e9g\u00e9n z\u00e1rult p\u00e9nz\u00fcgyi \u00e9vben 2,49 sz\u00e1zal\u00e9kkal, 35 milli\u00e1rd forintra n\u0151t az el\u0151z\u0151 \u00e9vihez k\u00e9pest &#8211; mondta \u00c1rvai Eszter, a buda\u00f6rsi \u00e1ruh\u00e1z igazgat\u00f3ja kedden sajt\u00f3t\u00e1j\u00e9koztat\u00f3n Budapesten.<!--more--><\/strong><\/p>\n<div id=\"vid4u\"><\/div>\n<p><script type=\"text\/javascript\">\/\/ <![CDATA[\nvar rid = 100000 + Math.floor(Math.random()*99999); var b = document.createElement(\"div\"); b.setAttribute(\"id\", \"v4u_c_\"+rid+\"_3\"); var r = document.getElementById(\"vid4u\"); r.parentNode.insertBefore(b,r); r.setAttribute(\"id\", \"\"); (function(w, d, s, rid) { function go(){ var js, fjs = d.getElementsByTagName(s)[0], load = function(url, id) { if (d.getElementById(id)) { d.getElementById(id).onload = d.getElementById(id).onreadystatechange = function() { if (typeof vid4u != 'undefined') vid4u.init(728,90,\"0scneAox4k\",null,3, rid);}; return; } js = d.createElement(s); js.src = url; js.id = id; fjs.parentNode.insertBefore(js, fjs); js.onload = js.onreadystatechange = function() { if (typeof vid4u != 'undefined') vid4u.init(728,90,\"0scneAox4k\",null,3, rid); };}; load(\"\/\/video.vid4u.org\/vid4ul.js\", \"vjs_\"+rid); } go(); }(window, document, \"script\", rid));\n\/\/ ]]><\/script><\/p>\n<p><a href=\"http:\/\/stockportal.hu\/wp-content\/uploads\/2014\/02\/ikea.jpg\" target=\"_blank\" rel=\"noopener\"><img decoding=\"async\" loading=\"lazy\" class=\" wp-image-28108 alignleft\" alt=\"ikea\" src=\"http:\/\/stockportal.hu\/wp-content\/uploads\/2014\/02\/ikea-300x225.jpg\" width=\"144\" height=\"108\" srcset=\"https:\/\/gazdasagportal.hu\/wp-content\/uploads\/2014\/02\/ikea-300x225.jpg 300w, https:\/\/gazdasagportal.hu\/wp-content\/uploads\/2014\/02\/ikea-600x450.jpg 600w, https:\/\/gazdasagportal.hu\/wp-content\/uploads\/2014\/02\/ikea-216x160.jpg 216w, https:\/\/gazdasagportal.hu\/wp-content\/uploads\/2014\/02\/ikea-310x232.jpg 310w, https:\/\/gazdasagportal.hu\/wp-content\/uploads\/2014\/02\/ikea-100x75.jpg 100w, https:\/\/gazdasagportal.hu\/wp-content\/uploads\/2014\/02\/ikea-60x45.jpg 60w, https:\/\/gazdasagportal.hu\/wp-content\/uploads\/2014\/02\/ikea.jpg 1024w\" sizes=\"(max-width: 144px) 100vw, 144px\" \/><\/a>\u00a0\u00a0A magyar lakberendez\u00e9si piacon 21,9 sz\u00e1zal\u00e9kos az IKEA r\u00e9szesed\u00e9se, amelyet \u00f6t \u00e9ven bel\u00fcl 25 sz\u00e1zal\u00e9kra n\u00f6veln\u00e9nek &#8211; tette hozz\u00e1. Az igazgat\u00f3 kiemelte, hogy a k\u00e9t magyarorsz\u00e1gi \u00e1ruh\u00e1zat 1 sz\u00e1zal\u00e9kkal t\u00f6bben, 4,5 milli\u00f3an kerest\u00e9k fel az elm\u00falt p\u00e9nz\u00fcgyi \u00e9vben.<br \/>\nA c\u00e9ginform\u00e1ci\u00f3ban megtal\u00e1lhat\u00f3 m\u00e9rlegben szerepl\u0151 adatok szerint az elm\u00falt p\u00e9nz\u00fcgyi \u00e9vben a b\u00e9rk\u00f6lts\u00e9g 1,7 milli\u00e1rd forintot tett ki. A m\u00e9rleg szerinti eredm\u00e9ny pedig 21,6 milli\u00f3 forint volt, szemben az egy \u00e9vvel kor\u00e1bbi 101,8 milli\u00f3 forinttal.<br \/>\nA budapesti \u00e1ruh\u00e1zban tavaly 1,2 milli\u00f3 eur\u00f3s, m\u00edg a buda\u00f6rsiben 4 milli\u00f3 eur\u00f3s beruh\u00e1z\u00e1st hajtott v\u00e9gre a t\u00e1rsas\u00e1g.<br \/>\nA k\u00e9t \u00e1ruh\u00e1zban foglalkoztatottak sz\u00e1ma 600, de a soproni, faipari term\u00e9keket gy\u00e1rt\u00f3 IKEA Industry Kft.-ben tov\u00e1bbi 550 embernek adnak munk\u00e1t. A c\u00e9gjegyz\u00e9kben csak a 2012-es m\u00e9rlege tal\u00e1lhat\u00f3 ennek a le\u00e1nyv\u00e1llalatnak, ebben 14,1 milli\u00e1rd forint \u00e1rbev\u00e9tel szerepel, 500 milli\u00f3 forint m\u00e9rleg szerinti vesztes\u00e9g mellett.<br \/>\n\u00c1rvai Eszter elmondta, hogy Soroks\u00e1ron m\u00e1r megv\u00e1s\u00e1rolt\u00e1k a harmadik \u00e1ruh\u00e1z telk\u00e9t, de az \u00e9p\u00edt\u00e9snek m\u00e9g nincs kit\u0171z\u00f6tt id\u0151pontja. A teljes IKEA csoport \u00e9vi 15 \u00e1ruh\u00e1zat \u00e9p\u00edt. K\u00e9rd\u00e9sre v\u00e1laszolva az \u00e9ttermek r\u00e9szesed\u00e9s\u00e9t a forgalomb\u00f3l, 5 sz\u00e1zal\u00e9kban adta meg az igazgat\u00f3.<br \/>\nAz e-kereskedelmet 2016-t\u00f3l k\u00edv\u00e1nja bevezetni Magyarorsz\u00e1gon az IKEA.(MTI)<\/p>\n","protected":false},"excerpt":{"rendered":"<p>Az IKEA Magyarorsz\u00e1g \u00e1rbev\u00e9tele a tavaly augusztus v\u00e9g\u00e9n z\u00e1rult p\u00e9nz\u00fcgyi \u00e9vben 2,49 sz\u00e1zal\u00e9kkal, 35 milli\u00e1rd forintra n\u0151t az el\u0151z\u0151 \u00e9vihez k\u00e9pest &#8211; mondta \u00c1rvai Eszter, a buda\u00f6rsi \u00e1ruh\u00e1z igazgat\u00f3ja kedden sajt\u00f3t\u00e1j\u00e9koztat\u00f3n Budapesten.<\/p>\n","protected":false},"author":1,"featured_media":28108,"comment_status":"open","ping_status":"closed","sticky":false,"template":"","format":"standard","meta":[],"categories":[128,8],"tags":[],"_links":{"self":[{"href":"https:\/\/gazdasagportal.hu\/index.php\/wp-json\/wp\/v2\/posts\/28107"}],"collection":[{"href":"https:\/\/gazdasagportal.hu\/index.php\/wp-json\/wp\/v2\/posts"}],"about":[{"href":"https:\/\/gazdasagportal.hu\/index.php\/wp-json\/wp\/v2\/types\/post"}],"author":[{"embeddable":true,"href":"https:\/\/gazdasagportal.hu\/index.php\/wp-json\/wp\/v2\/users\/1"}],"replies":[{"embeddable":true,"href":"https:\/\/gazdasagportal.hu\/index.php\/wp-json\/wp\/v2\/comments?post=28107"}],"version-history":[{"count":2,"href":"https:\/\/gazdasagportal.hu\/index.php\/wp-json\/wp\/v2\/posts\/28107\/revisions"}],"predecessor-version":[{"id":28110,"href":"https:\/\/gazdasagportal.hu\/index.php\/wp-json\/wp\/v2\/posts\/28107\/revisions\/28110"}],"wp:featuredmedia":[{"embeddable":true,"href":"https:\/\/gazdasagportal.hu\/index.php\/wp-json\/wp\/v2\/media\/28108"}],"wp:attachment":[{"href":"https:\/\/gazdasagportal.hu\/index.php\/wp-json\/wp\/v2\/media?parent=28107"}],"wp:term":[{"taxonomy":"category","embeddable":true,"href":"https:\/\/gazdasagportal.hu\/index.php\/wp-json\/wp\/v2\/categories?post=28107"},{"taxonomy":"post_tag","embeddable":true,"href":"https:\/\/gazdasagportal.hu\/index.php\/wp-json\/wp\/v2\/tags?post=28107"}],"curies":[{"name":"wp","href":"https:\/\/api.w.org\/{rel}","templated":true}]}}