{"id":28017,"date":"2014-02-18T06:09:43","date_gmt":"2014-02-18T05:09:43","guid":{"rendered":"http:\/\/stockportal.hu\/?p=28017"},"modified":"2014-02-17T21:33:10","modified_gmt":"2014-02-17T20:33:10","slug":"eurocsoport-a-trojka-a-napokban-visszater-athenba","status":"publish","type":"post","link":"https:\/\/gazdasagportal.hu\/index.php\/eurocsoport-a-trojka-a-napokban-visszater-athenba\/","title":{"rendered":"Eur\u00f3csoport &#8211; A trojka a napokban visszat\u00e9r Ath\u00e9nba"},"content":{"rendered":"<p><strong>A napokban visszat\u00e9r Ath\u00e9nba a trojka, az Eur\u00f3pai Bizotts\u00e1g, az Eur\u00f3pai K\u00f6zponti Bank (EKB) \u00e9s a Nemzetk\u00f6zi Valutaalap (IMF) szak\u00e9rt\u0151ib\u0151l \u00e1ll\u00f3 k\u00fcld\u00f6tts\u00e9g, a G\u00f6r\u00f6gorsz\u00e1gnak ny\u00fajtott ment\u0151program \u00e9s a cser\u00e9be elv\u00e1rt reformok soron k\u00f6vetkez\u0151 fel\u00fclvizsg\u00e1lata pedig m\u00e1rciusban z\u00e1rulhat le &#8211; k\u00f6z\u00f6lte h\u00e9tf\u0151n Olli Rehn, az Eur\u00f3pai Bizotts\u00e1g gazdas\u00e1gi \u00e9s monet\u00e1ris \u00fcgyek\u00e9rt felel\u0151s tagja \u00e9s Jeroen Dijsselbloem, az eur\u00f3z\u00f3na p\u00e9nz\u00fcgyminisztereit t\u00f6m\u00f6r\u00edt\u0151 eur\u00f3csoport eln\u00f6ke.<!--more--><\/strong><\/p>\n<div id=\"vid4u\"><\/div>\n<p><script type=\"text\/javascript\">\/\/ <![CDATA[\nvar rid = 100000 + Math.floor(Math.random()*99999); var b = document.createElement(\"div\"); b.setAttribute(\"id\", \"v4u_c_\"+rid+\"_3\"); var r = document.getElementById(\"vid4u\"); r.parentNode.insertBefore(b,r); r.setAttribute(\"id\", \"\"); (function(w, d, s, rid) { function go(){ var js, fjs = d.getElementsByTagName(s)[0], load = function(url, id) { if (d.getElementById(id)) { d.getElementById(id).onload = d.getElementById(id).onreadystatechange = function() { if (typeof vid4u != 'undefined') vid4u.init(728,90,\"0scneAox4k\",null,3, rid);}; return; } js = d.createElement(s); js.src = url; js.id = id; fjs.parentNode.insertBefore(js, fjs); js.onload = js.onreadystatechange = function() { if (typeof vid4u != 'undefined') vid4u.init(728,90,\"0scneAox4k\",null,3, rid); };}; load(\"\/\/video.vid4u.org\/vid4ul.js\", \"vjs_\"+rid); } go(); }(window, document, \"script\", rid));\n\/\/ ]]><\/script><\/p>\n<p>A miniszterek tan\u00e1cskoz\u00e1s\u00e1t k\u00f6vet\u0151 sajt\u00f3t\u00e1j\u00e9koztat\u00f3n Dijsselbloem \u00fcdv\u00f6z\u00f6lte a g\u00f6r\u00f6g korm\u00e1ny elk\u00f6telezetts\u00e9g\u00e9t a reformok ir\u00e1nt, \u00e1m figyelmeztetett, hogy a trojka visszat\u00e9r\u00e9se nem garancia a sikerre, \u00e9s m\u00e9g sok a tennival\u00f3.<br \/>\n&#8222;K\u00e9t dolgot tudok: hogy a fel\u00fclvizsg\u00e1lat lez\u00e1r\u00e1s\u00e1ra \u00e9s az eredm\u00e9nyek pozit\u00edv \u00e9rt\u00e9kel\u00e9s\u00e9re van sz\u00fcks\u00e9g b\u00e1rmilyen tov\u00e1bbi kifizet\u00e9s el\u0151tt, \u00e9s azt, hogy a programban m\u00e9g 10,1 milli\u00e1rd eur\u00f3 \u00e1ll rendelkez\u00e9sre&#8221; &#8211; h\u00fazta al\u00e1 a miniszterek tan\u00e1cskoz\u00e1s\u00e1n eln\u00f6kl\u0151 holland p\u00e9nz\u00fcgyminiszter, vil\u00e1goss\u00e1 t\u00e9ve ugyanakkor, hogy azt nem tudja, ez az \u00f6sszeg mennyi id\u0151re lesz elegend\u0151. A tan\u00e1cskoz\u00e1sra \u00e9rkezve Dijsselbloem \u00fagy nyilatkozott: ha foly\u00f3s\u00edtj\u00e1k a m\u00e9g rendelkez\u00e9sre \u00e1ll\u00f3 \u00f6sszeget, az augusztusig biztosan elegend\u0151, \u00e9s a ny\u00e1r ut\u00e1n ker\u00fclhet sz\u00f3ba, mi legyen a megold\u00e1s, ha G\u00f6r\u00f6gorsz\u00e1g kifogy a p\u00e9nzb\u0151l \u00e9s a lehet\u0151s\u00e9gekb\u0151l.<br \/>\nOlli Rehn is azt hangs\u00falyozta, hogy a g\u00f6r\u00f6g hat\u00f3s\u00e1goknak folytatniuk kell a struktur\u00e1lis reformokat \u00e9s a p\u00e9nz\u00fcgyi konszolid\u00e1ci\u00f3t. A finn biztos szint\u00e9n a kiigaz\u00edt\u00f3 program fel\u00fclvizsg\u00e1lat\u00e1hoz k\u00f6t\u00f6tte annak megold\u00e1s\u00e1t, hogyan, mikor \u00e9s mib\u0151l t\u00f6mj\u00e9k be a G\u00f6r\u00f6gorsz\u00e1gban kialakul\u00f3 &#8222;fisk\u00e1lis r\u00e9st&#8221; vagyis azt, hogy Ath\u00e9n v\u00e1rhat\u00f3an id\u0151 el\u0151tt teljesen ki fogja mer\u00edteni a ment\u0151program lehet\u0151s\u00e9geit, \u00e9s tov\u00e1bbi seg\u00edts\u00e9gre lesz sz\u00fcks\u00e9ge. Olli Rehn \u00fagy fogalmazott: \u0151 azt szerette volna, ha ez a k\u00e9rd\u00e9s tavaly \u00e9v v\u00e9g\u00e9ig rendez\u0151dik, de miut\u00e1n megfelel\u0151 eredm\u00e9nyek h\u00edj\u00e1n a program fel\u00fclvizsg\u00e1lata nem z\u00e1rult le, erre sem volt m\u00f3d.<br \/>\n&#8222;Tov\u00e1bbra is a gazdas\u00e1gi reformokra kell \u00f6sszpontos\u00edtani&#8221; &#8211; nyomat\u00e9kos\u00edtotta Rehn.<br \/>\nMind Rehn, mind Dijsselbloem eml\u00edtette Ciprust. A holland p\u00e9nz\u00fcgyminiszter szerint mind makroadatok, mind a k\u00f6lts\u00e9gvet\u00e9s sz\u00e1mai jobbak a v\u00e1rtn\u00e1l, a p\u00e9nz\u00fcgyi rendszer stabiliz\u00e1l\u00f3dik, \u00e9s hamarosan megkezd\u0151dhet a p\u00e9nzforgalmi korl\u00e1toz\u00e1sok tov\u00e1bbi laz\u00edt\u00e1sa. A gazdas\u00e1gi biztos pedig r\u00e1mutatott, hogy Ciprus gazdas\u00e1ga rugalmasabbnak bizonyult, jobban reag\u00e1lt, mint azt a program elind\u00edt\u00e1sakor v\u00e9lt\u00e9k.<br \/>\nDijsselbloem a sajt\u00f3t\u00e1j\u00e9koztat\u00f3n arr\u00f3l is besz\u00e9lt, hogy siker\u00fclt el\u0151rel\u00e9p\u00e9st tenni abban a k\u00e9rd\u00e9sben, hogy lehessen-e k\u00f6zvetlen\u00fcl az Eur\u00f3pai Stabilit\u00e1si Mechanizmus (ESM) forr\u00e1saib\u00f3l bajba ker\u00fclt bankokat felt\u0151k\u00e9s\u00edteni. Mint mondta, rem\u00e9nyei szerint m\u00e1rciusra err\u0151l is kialakulhat a politikai meg\u00e1llapod\u00e1s.<br \/>\nA miniszterek az \u00e1ltal\u00e1nos gazdas\u00e1gi helyzetet is \u00e1ttekintett\u00e9k, \u00e9s arra jutottak, hogy gyorsul a n\u00f6veked\u00e9s, az eur\u00f3z\u00f3na helyzete javul, \u00e1m a munkan\u00e9lk\u00fclis\u00e9g tov\u00e1bbra is elfogadhatatlanul magas.(MTI)<\/p>\n","protected":false},"excerpt":{"rendered":"<p>A napokban visszat\u00e9r Ath\u00e9nba a trojka, az Eur\u00f3pai Bizotts\u00e1g, az Eur\u00f3pai K\u00f6zponti Bank (EKB) \u00e9s a Nemzetk\u00f6zi Valutaalap (IMF) szak\u00e9rt\u0151ib\u0151l \u00e1ll\u00f3 k\u00fcld\u00f6tts\u00e9g, a G\u00f6r\u00f6gorsz\u00e1gnak ny\u00fajtott ment\u0151program \u00e9s a cser\u00e9be elv\u00e1rt reformok soron k\u00f6vetkez\u0151 fel\u00fclvizsg\u00e1lata pedig m\u00e1rciusban z\u00e1rulhat le &#8211; k\u00f6z\u00f6lte h\u00e9tf\u0151n Olli Rehn, az Eur\u00f3pai Bizotts\u00e1g gazdas\u00e1gi \u00e9s monet\u00e1ris \u00fcgyek\u00e9rt felel\u0151s tagja \u00e9s Jeroen Dijsselbloem, &#8230;<\/p>\n","protected":false},"author":1,"featured_media":0,"comment_status":"open","ping_status":"closed","sticky":false,"template":"","format":"standard","meta":[],"categories":[12],"tags":[],"_links":{"self":[{"href":"https:\/\/gazdasagportal.hu\/index.php\/wp-json\/wp\/v2\/posts\/28017"}],"collection":[{"href":"https:\/\/gazdasagportal.hu\/index.php\/wp-json\/wp\/v2\/posts"}],"about":[{"href":"https:\/\/gazdasagportal.hu\/index.php\/wp-json\/wp\/v2\/types\/post"}],"author":[{"embeddable":true,"href":"https:\/\/gazdasagportal.hu\/index.php\/wp-json\/wp\/v2\/users\/1"}],"replies":[{"embeddable":true,"href":"https:\/\/gazdasagportal.hu\/index.php\/wp-json\/wp\/v2\/comments?post=28017"}],"version-history":[{"count":1,"href":"https:\/\/gazdasagportal.hu\/index.php\/wp-json\/wp\/v2\/posts\/28017\/revisions"}],"predecessor-version":[{"id":28018,"href":"https:\/\/gazdasagportal.hu\/index.php\/wp-json\/wp\/v2\/posts\/28017\/revisions\/28018"}],"wp:attachment":[{"href":"https:\/\/gazdasagportal.hu\/index.php\/wp-json\/wp\/v2\/media?parent=28017"}],"wp:term":[{"taxonomy":"category","embeddable":true,"href":"https:\/\/gazdasagportal.hu\/index.php\/wp-json\/wp\/v2\/categories?post=28017"},{"taxonomy":"post_tag","embeddable":true,"href":"https:\/\/gazdasagportal.hu\/index.php\/wp-json\/wp\/v2\/tags?post=28017"}],"curies":[{"name":"wp","href":"https:\/\/api.w.org\/{rel}","templated":true}]}}