{"id":28006,"date":"2014-02-17T19:47:47","date_gmt":"2014-02-17T18:47:47","guid":{"rendered":"http:\/\/stockportal.hu\/?p=28006"},"modified":"2014-02-17T19:25:22","modified_gmt":"2014-02-17T18:25:22","slug":"torok-elnok-varga-mihaly-2015-re-meg-kell-duplazni-a-magyar-torok-kulkereskedelmi-forgalmat","status":"publish","type":"post","link":"https:\/\/gazdasagportal.hu\/index.php\/torok-elnok-varga-mihaly-2015-re-meg-kell-duplazni-a-magyar-torok-kulkereskedelmi-forgalmat\/","title":{"rendered":"T\u00f6r\u00f6k eln\u00f6k &#8211; Varga Mih\u00e1ly: 2015-re meg kell dupl\u00e1zni a magyar-t\u00f6r\u00f6k k\u00fclkereskedelmi forgalmat"},"content":{"rendered":"<p><strong>A Magyarorsz\u00e1g \u00e9s T\u00f6r\u00f6korsz\u00e1g k\u00f6z\u00f6tti k\u00fclkereskedelmi forgalom eddig is jelent\u0151s m\u00e9rt\u00e9k\u0171 volt, de vannak tov\u00e1bbi n\u00f6veked\u00e9si lehet\u0151s\u00e9gek; a magyar korm\u00e1ny c\u00e9lja, hogy 2015-re megdupl\u00e1zza a k\u00e9toldal\u00fa k\u00fclkereskedelmi forgalmat &#8211; mondta Varga Mih\u00e1ly nemzetgazdas\u00e1gi miniszter h\u00e9tf\u0151n, Budapesten a III. Magyar-T\u00f6r\u00f6k \u00dczleti F\u00f3rumon.<!--more--><\/strong><\/p>\n<div id=\"vid4u\"><\/div>\n<p><script type=\"text\/javascript\">\/\/ <![CDATA[\nvar rid = 100000 + Math.floor(Math.random()*99999); var b = document.createElement(\"div\"); b.setAttribute(\"id\", \"v4u_c_\"+rid+\"_3\"); var r = document.getElementById(\"vid4u\"); r.parentNode.insertBefore(b,r); r.setAttribute(\"id\", \"\"); (function(w, d, s, rid) { function go(){ var js, fjs = d.getElementsByTagName(s)[0], load = function(url, id) { if (d.getElementById(id)) { d.getElementById(id).onload = d.getElementById(id).onreadystatechange = function() { if (typeof vid4u != 'undefined') vid4u.init(728,90,\"0scneAox4k\",null,3, rid);}; return; } js = d.createElement(s); js.src = url; js.id = id; fjs.parentNode.insertBefore(js, fjs); js.onload = js.onreadystatechange = function() { if (typeof vid4u != 'undefined') vid4u.init(728,90,\"0scneAox4k\",null,3, rid); };}; load(\"\/\/video.vid4u.org\/vid4ul.js\", \"vjs_\"+rid); } go(); }(window, document, \"script\", rid));\n\/\/ ]]><\/script><\/p>\n<p>Varga Mih\u00e1ly ismertette: a magyar-t\u00f6r\u00f6k \u00e1ruforgalom 2013. janu\u00e1r-november\u00e9ben megk\u00f6zel\u00edtette a 2,45 milli\u00e1rd doll\u00e1rt, 27 sz\u00e1zal\u00e9kkal b\u0151v\u00fclt az el\u0151z\u0151 \u00e9v azonos id\u0151szak\u00e1hoz k\u00e9pest, igaz 2012-ben n\u00e9mi visszaes\u00e9s volt a k\u00e9tololdal\u00fa \u00e1ruforgalomban, de akkor is meghaladta a 2010-es k\u00e9toldal\u00fa \u00e1rucser\u00e9t.<br \/>\nA miniszter kiemelte, hogy Magyarorsz\u00e1g k\u00e9sz m\u00e9g intenz\u00edvebb\u00e9 tenni az aut\u00f3ipari, elektronikai, gy\u00f3gyszeripari \u00e9s informatikai \u00e1gazatok kereskedelm\u00e9t, valamint a mez\u0151gazdas\u00e1gi, \u00e9lelmiszeripari term\u00e9kek\u00e9t is. Tov\u00e1bbi egy\u00fcttm\u0171k\u00f6d\u00e9si lehet\u0151s\u00e9gek vannak m\u00e9g a k\u00f6rnyezetv\u00e9delem, az energetika, az orvostechnol\u00f3gia, valamint a gy\u00f3gyturizmus ter\u00fclet\u00e9n.<br \/>\nVarga Mih\u00e1ly hangs\u00falyozta, hogy az \u00fczleti f\u00f3rumot a lehet\u0151 legjobb id\u0151szakban rendezik: mostanra bebizonyosodott, hogy eredm\u00e9nyre vezettek a magyar korm\u00e1ny gazdas\u00e1gpolitikai t\u00f6rekv\u00e9sei, Magyarorsz\u00e1g stabil p\u00e9nz\u00fcgyi \u00e9s \u00e1llamh\u00e1ztart\u00e1si alapokkal rendelkezik, j\u00f3 es\u00e9ly van arra, hogy a magyar gazdas\u00e1g idei n\u00f6veked\u00e9se dupl\u00e1ja legyen a tavalyinak, \u00e9s b\u00edzni lehet abban, hogy a felt\u00f6rekv\u0151 piacokat \u00e9r\u0151 turbulenci\u00e1k is csillapodnak a j\u00f6v\u0151ben.<br \/>\nKiemelte: a magyar gazdas\u00e1g a tavalyi, negyedik negyed\u00e9ves n\u00f6veked\u00e9si r\u00e1t\u00e1j\u00e1val a visegr\u00e1di n\u00e9gyek k\u00f6z\u00f6tt az els\u0151 helyre ker\u00fclt, \u00e9s az Eur\u00f3pai Uni\u00f3 28 tagorsz\u00e1ga k\u00f6z\u00f6tt a negyedik legjobban teljes\u00edt\u0151 orsz\u00e1g volt.<br \/>\nMint mondta: a k\u00e9t orsz\u00e1g k\u00f6z\u00f6tti gazdas\u00e1gi \u00e9s bar\u00e1ti kapcsolatokat is er\u0151s\u00edti, hogy egyre t\u00f6bb t\u00f6r\u00f6k turista v\u00e1lasztja utaz\u00e1si c\u00e9lorsz\u00e1g\u00e1nak Magyarorsz\u00e1got, \u00e9s a magyarok egyik kedvelt \u00fcd\u00fcl\u00e9si c\u00e9lpontja T\u00f6r\u00f6korsz\u00e1g.<br \/>\nA nemzetgazdas\u00e1gi miniszter kiemelte: a magyar korm\u00e1ny \u00e1ltal meghirdetett &#8216;keleti nyit\u00e1s&#8221; politik\u00e1ja azt is eredm\u00e9nyezi majd a j\u00f6v\u0151ben, hogy a k\u00e9t orsz\u00e1g c\u00e9gei harmadik \u00e1llamokban k\u00f6z\u00f6s beruh\u00e1z\u00e1sokat hajtsanak v\u00e9gre.<br \/>\nVarga Mih\u00e1ly t\u00f6r\u00f6k koll\u00e9g\u00e1ja, Nihat Zeybecki t\u00f6r\u00f6k gazdas\u00e1gi miniszter is megeml\u00edtette a k\u00e9t orsz\u00e1g harmadik \u00e1llamokbeli k\u00f6z\u00f6s gazdas\u00e1gi fell\u00e9p\u00e9s\u00e9nek lehet\u0151s\u00e9g\u00e9t: erre a K\u00f6zel-Kelet, K\u00f6z\u00e9p-\u00c1zsia, \u00c9szak-Afrika, \u00e9s a Kelet-Balk\u00e1n orsz\u00e1gaiban l\u00e1t lehet\u0151s\u00e9get.<br \/>\nA t\u00f6r\u00f6k gazdas\u00e1gi miniszter miniszter az EU \u00e9s T\u00f6r\u00f6korsz\u00e1g elh\u00faz\u00f3d\u00f3 csatlakoz\u00e1si t\u00e1rgyal\u00e1sainak gazdas\u00e1gi hat\u00e1sair\u00f3l is sz\u00f3lt.<br \/>\nMagyarorsz\u00e1g, a magyar nemzetgazdas\u00e1gi miniszter seg\u00edts\u00e9g\u00e9t is k\u00e9rte abban a folyamatban, melynek sor\u00e1n T\u00f6r\u00f6korsz\u00e1g \u00fajra akarja t\u00e1rgyalni az EU-val fenn\u00e1ll\u00f3 v\u00e1muni\u00f3 felt\u00e9teleit.<br \/>\nMint Nihat Zeybecki mondta: a t\u00f6r\u00f6k \u00e1llam az EU-val k\u00f6t\u00f6tt v\u00e1muni\u00f3 \u00fajrat\u00e1rgyal\u00e1s\u00e1t kezdem\u00e9nyezte, mert egyes most fenn\u00e1ll\u00f3 felt\u00e9telek elfogadhatatlanok a t\u00f6r\u00f6k \u00e1llam sz\u00e1m\u00e1ra.(MTI)<\/p>\n","protected":false},"excerpt":{"rendered":"<p>A Magyarorsz\u00e1g \u00e9s T\u00f6r\u00f6korsz\u00e1g k\u00f6z\u00f6tti k\u00fclkereskedelmi forgalom eddig is jelent\u0151s m\u00e9rt\u00e9k\u0171 volt, de vannak tov\u00e1bbi n\u00f6veked\u00e9si lehet\u0151s\u00e9gek; a magyar korm\u00e1ny c\u00e9lja, hogy 2015-re megdupl\u00e1zza a k\u00e9toldal\u00fa k\u00fclkereskedelmi forgalmat &#8211; mondta Varga Mih\u00e1ly nemzetgazdas\u00e1gi miniszter h\u00e9tf\u0151n, Budapesten a III. Magyar-T\u00f6r\u00f6k \u00dczleti F\u00f3rumon.<\/p>\n","protected":false},"author":1,"featured_media":0,"comment_status":"open","ping_status":"closed","sticky":false,"template":"","format":"standard","meta":[],"categories":[19],"tags":[],"_links":{"self":[{"href":"https:\/\/gazdasagportal.hu\/index.php\/wp-json\/wp\/v2\/posts\/28006"}],"collection":[{"href":"https:\/\/gazdasagportal.hu\/index.php\/wp-json\/wp\/v2\/posts"}],"about":[{"href":"https:\/\/gazdasagportal.hu\/index.php\/wp-json\/wp\/v2\/types\/post"}],"author":[{"embeddable":true,"href":"https:\/\/gazdasagportal.hu\/index.php\/wp-json\/wp\/v2\/users\/1"}],"replies":[{"embeddable":true,"href":"https:\/\/gazdasagportal.hu\/index.php\/wp-json\/wp\/v2\/comments?post=28006"}],"version-history":[{"count":2,"href":"https:\/\/gazdasagportal.hu\/index.php\/wp-json\/wp\/v2\/posts\/28006\/revisions"}],"predecessor-version":[{"id":28010,"href":"https:\/\/gazdasagportal.hu\/index.php\/wp-json\/wp\/v2\/posts\/28006\/revisions\/28010"}],"wp:attachment":[{"href":"https:\/\/gazdasagportal.hu\/index.php\/wp-json\/wp\/v2\/media?parent=28006"}],"wp:term":[{"taxonomy":"category","embeddable":true,"href":"https:\/\/gazdasagportal.hu\/index.php\/wp-json\/wp\/v2\/categories?post=28006"},{"taxonomy":"post_tag","embeddable":true,"href":"https:\/\/gazdasagportal.hu\/index.php\/wp-json\/wp\/v2\/tags?post=28006"}],"curies":[{"name":"wp","href":"https:\/\/api.w.org\/{rel}","templated":true}]}}