{"id":2798,"date":"2013-02-14T07:14:01","date_gmt":"2013-02-14T06:14:01","guid":{"rendered":"http:\/\/stockportal.hu\/?p=2798"},"modified":"2013-02-14T07:14:01","modified_gmt":"2013-02-14T06:14:01","slug":"e-utdij-junius-5-ig-elindul-a-tesztuzem-julius-1-ig-a-teljes-rendszer","status":"publish","type":"post","link":"https:\/\/gazdasagportal.hu\/index.php\/e-utdij-junius-5-ig-elindul-a-tesztuzem-julius-1-ig-a-teljes-rendszer\/","title":{"rendered":"E-\u00fatd\u00edj &#8211; J\u00fanius 5-ig elindul a teszt\u00fczem, j\u00falius 1-ig a teljes rendszer"},"content":{"rendered":"<p><strong>J\u00fanius 5-ig az e-\u00fatd\u00edj (ED) rendszer teszt\u00fczeme, j\u00falius 1-ig pedig a teljes, d\u00edjszed\u00e9si \u00e9s ellen\u0151rz\u00e9si funkci\u00f3kkal is m\u0171k\u00f6d\u0151 rendszer elindul a legut\u00f3bbi Magyar K\u00f6zl\u00f6nyben megjelent korm\u00e1nyhat\u00e1rozat szerint.<!--more--><\/strong><\/p>\n<p>A korm\u00e1ny felh\u00edvja a nemzeti fejleszt\u00e9si minisztert, hogy gondoskodjon az ED-rendszer indul\u00e1s\u00e1hoz \u00e9s m\u0171k\u00f6d\u00e9s\u00e9hez sz\u00fcks\u00e9ges<br \/>\nberuh\u00e1z\u00e1s el\u0151k\u00e9sz\u00edt\u00e9s\u00e9r\u0151l \u00e9s v\u00e9grehajt\u00e1s\u00e1r\u00f3l. Az el\u0151\u00edrt \u00fctemez\u00e9s szerint az ED-rendszer ki\u00e9p\u00edt\u00e9s\u00e9hez sz\u00fcks\u00e9ges feladatok r\u00e9szletes meghat\u00e1roz\u00e1s\u00e1nak hat\u00e1rideje febru\u00e1r 15.<br \/>\nAz ED rendszer \u00fczemeltet\u00e9s\u00e9hez sz\u00fcks\u00e9ges, megfelel\u0151en k\u00e9pzett szem\u00e9lyi \u00e1llom\u00e1ny biztos\u00edt\u00e1s\u00e1nak hat\u00e1rideje m\u00e1jus 31., a teszt\u00fczem ind\u00edt\u00e1s\u00e1\u00e9 j\u00fanius 5., a teljes ED-rendszer\u00e9 pedig j\u00falius 1.<br \/>\nA korm\u00e1ny felh\u00edvja a nemzeti fejleszt\u00e9si minisztert, hogy a rendszer indul\u00e1s\u00e1hoz \u00e9s m\u0171k\u00f6d\u00e9s\u00e9hez sz\u00fcks\u00e9ges beruh\u00e1z\u00e1sok<br \/>\nv\u00e9grehajt\u00e1s\u00e1nak el\u0151rehalad\u00e1s\u00e1r\u00f3l minden h\u00f3nap els\u0151 korm\u00e1ny\u00fcl\u00e9s\u00e9n jelent\u00e9sben sz\u00e1moljon be, az els\u0151 jelent\u00e9s beny\u00fajt\u00e1s\u00e1nak hat\u00e1rideje febru\u00e1r 20.<br \/>\nA fejleszt\u00e9si t\u00e1rca vezet\u0151j\u00e9nek kell gondoskodnia az \u00c1llami Aut\u00f3p\u00e1lya Kezel\u0151 Zrt. \u00e9s a magyar \u00e1llam nev\u00e9ben elj\u00e1r\u00f3 szervezet \u00e1ltal a d\u00edjszed\u00e9si, d\u00edjellen\u0151rz\u00e9si feladatokra k\u00f6tend\u0151 10 \u00e9vre sz\u00f3l\u00f3 szolg\u00e1ltat\u00e1si szerz\u0151d\u00e9s el\u0151k\u00e9sz\u00edt\u00e9s\u00e9r\u0151l \u00e9s a nemzetgazdas\u00e1gi miniszterrel egyet\u00e9rt\u00e9sben t\u00f6rt\u00e9n\u0151 j\u00f3v\u00e1hagy\u00e1s\u00e1r\u00f3l m\u00e1jus 31-ig.<br \/>\nA miniszternek az aut\u00f3p\u00e1ly\u00e1k, aut\u00f3utak \u00e9s f\u0151utak haszn\u00e1lat\u00e1nak d\u00edj\u00e1r\u00f3l sz\u00f3l\u00f3 t\u00f6rv\u00e9ny tervezet\u00e9t a korm\u00e1ny \u00fcl\u00e9s\u00e9re m\u00e1rcius 15-ig,\u00a0\u00a0a rendszer indul\u00e1s\u00e1hoz \u00e9s m\u0171k\u00f6d\u00e9s\u00e9hez sz\u00fcks\u00e9ges korm\u00e1nyrendeletek tervezeteit \u00e1prilis 15-ig kell beny\u00fajtania.<br \/>\nA korm\u00e1ny felh\u00edvja a nemzeti fejleszt\u00e9si minisztert, hogy a bel\u00fcgyminiszterrel, valamint a k\u00f6zigazgat\u00e1si \u00e9s igazs\u00e1g\u00fcgyi<br \/>\nminiszterrel egy\u00fcttm\u0171k\u00f6dve a d\u00edjfizet\u00e9s ellen\u0151rz\u00e9s\u00e9re vonatkoz\u00f3 jogszab\u00e1ly \u2013 a jelenlegi hat\u00f3s\u00e1gi ellen\u0151rz\u00e9si<br \/>\njogos\u00edtv\u00e1nyok kiterjeszt\u00e9s\u00e9t is mag\u00e1ban foglal\u00f3 \u2013 tervezet\u00e9t a korm\u00e1ny \u00fcl\u00e9s\u00e9re ny\u00fajtsa be, ennek hat\u00e1rideje m\u00e1jus 15.<br \/>\nAz e-\u00fatd\u00edjb\u00f3l a k\u00f6lts\u00e9gvet\u00e9sben 75 milli\u00e1rd forint bev\u00e9tel szerepel a m\u00e1sodik f\u00e9l\u00e9vben.<br \/>\nAz elektronikus\u00fatd\u00edj-tender ki\u00edr\u00f3ja, az \u00c1llami Aut\u00f3p\u00e1lya Kezel\u0151 Zrt. (\u00c1AK) janu\u00e1r v\u00e9g\u00e9n jelentette be, hogy visszal\u00e9pett a p\u00e1ly\u00e1zat nyertese, a Getronics Magyarorsz\u00e1g Kft., arra hivatkozva, hogy az aj\u00e1nlat kihirdet\u00e9s\u00e9t k\u00f6vet\u0151en az alv\u00e1llalkoz\u00f3ival t\u00f6rt\u00e9n\u0151 egyeztet\u00e9sek alapj\u00e1n nem l\u00e1tja biztos\u00edtottnak a szerz\u0151d\u00e9sszer\u0171 teljes\u00edt\u00e9st biztos\u00edt\u00f3 egy\u00fcttm\u0171k\u00f6d\u00e9st, ez\u00e9rt a szerz\u0151d\u00e9st nem \u00edrj\u00e1k al\u00e1.<br \/>\nEzt k\u00f6vet\u0151en Orb\u00e1n Viktor V\u00e1s\u00e1rosnam\u00e9nyban, a kihelyezett korm\u00e1ny\u00fcl\u00e9s ut\u00e1n tartott sajt\u00f3t\u00e1j\u00e9koztat\u00f3n k\u00f6z\u00f6lte: az \u00e1llam saj\u00e1t hat\u00e1sk\u00f6r\u00e9ben val\u00f3s\u00edtja meg az elektronikus \u00fatd\u00edjszed\u00e9si rendszert. A korm\u00e1nyf\u0151 elmondta, miut\u00e1n visszal\u00e9pett a nyertes Getronics, a kabinet k\u00e9t lehet\u0151s\u00e9get m\u00e9rlegelt: \u00faj p\u00e1ly\u00e1zat ki\u00edr\u00e1s\u00e1t \u00e9s az \u00e1llami megval\u00f3s\u00edt\u00e1st. V\u00e9g\u00fcl az ut\u00f3bbi mellett d\u00f6nt\u00f6ttek. &#8222;K\u00f6sz\u00f6nj\u00fck sz\u00e9pen, nagyon j\u00f3t sz\u00f3rakoztunk, j\u00f3 mulats\u00e1g volt, ki\u00edrtuk a p\u00e1ly\u00e1zatot, beadt\u00e1k a c\u00e9gek, elb\u00edr\u00e1ltuk, szerz\u0151dni akartunk, azt\u00e1n nem \u00edrt\u00e1k al\u00e1. M\u00e9g egyszer ezt a kabar\u00e9t nem adjuk el\u0151&#8221; &#8211; fogalmazott a minisztereln\u00f6k.<br \/>\nA fejleszt\u00e9si t\u00e1rca pedig jelezte, hogy semmif\u00e9le probl\u00e9m\u00e1t nem okoz a 2013-as k\u00f6lts\u00e9gvet\u00e9sben a kialakult helyzet.(MTI)<\/p>\n","protected":false},"excerpt":{"rendered":"<p>J\u00fanius 5-ig az e-\u00fatd\u00edj (ED) rendszer teszt\u00fczeme, j\u00falius 1-ig pedig a teljes, d\u00edjszed\u00e9si \u00e9s ellen\u0151rz\u00e9si funkci\u00f3kkal is m\u0171k\u00f6d\u0151 rendszer elindul a legut\u00f3bbi Magyar K\u00f6zl\u00f6nyben megjelent korm\u00e1nyhat\u00e1rozat szerint.<\/p>\n","protected":false},"author":1,"featured_media":498,"comment_status":"closed","ping_status":"open","sticky":false,"template":"","format":"standard","meta":[],"categories":[1,19],"tags":[],"_links":{"self":[{"href":"https:\/\/gazdasagportal.hu\/index.php\/wp-json\/wp\/v2\/posts\/2798"}],"collection":[{"href":"https:\/\/gazdasagportal.hu\/index.php\/wp-json\/wp\/v2\/posts"}],"about":[{"href":"https:\/\/gazdasagportal.hu\/index.php\/wp-json\/wp\/v2\/types\/post"}],"author":[{"embeddable":true,"href":"https:\/\/gazdasagportal.hu\/index.php\/wp-json\/wp\/v2\/users\/1"}],"replies":[{"embeddable":true,"href":"https:\/\/gazdasagportal.hu\/index.php\/wp-json\/wp\/v2\/comments?post=2798"}],"version-history":[{"count":2,"href":"https:\/\/gazdasagportal.hu\/index.php\/wp-json\/wp\/v2\/posts\/2798\/revisions"}],"predecessor-version":[{"id":2800,"href":"https:\/\/gazdasagportal.hu\/index.php\/wp-json\/wp\/v2\/posts\/2798\/revisions\/2800"}],"wp:featuredmedia":[{"embeddable":true,"href":"https:\/\/gazdasagportal.hu\/index.php\/wp-json\/wp\/v2\/media\/498"}],"wp:attachment":[{"href":"https:\/\/gazdasagportal.hu\/index.php\/wp-json\/wp\/v2\/media?parent=2798"}],"wp:term":[{"taxonomy":"category","embeddable":true,"href":"https:\/\/gazdasagportal.hu\/index.php\/wp-json\/wp\/v2\/categories?post=2798"},{"taxonomy":"post_tag","embeddable":true,"href":"https:\/\/gazdasagportal.hu\/index.php\/wp-json\/wp\/v2\/tags?post=2798"}],"curies":[{"name":"wp","href":"https:\/\/api.w.org\/{rel}","templated":true}]}}