{"id":27892,"date":"2014-02-16T18:32:06","date_gmt":"2014-02-16T17:32:06","guid":{"rendered":"http:\/\/stockportal.hu\/?p=27892"},"modified":"2014-02-16T18:32:06","modified_gmt":"2014-02-16T17:32:06","slug":"sulyos-bizalmi-valsag-fenyegeti-a-nemet-kormanykoaliciot","status":"publish","type":"post","link":"https:\/\/gazdasagportal.hu\/index.php\/sulyos-bizalmi-valsag-fenyegeti-a-nemet-kormanykoaliciot\/","title":{"rendered":"S\u00falyos bizalmi v\u00e1ls\u00e1g fenyegeti a n\u00e9met korm\u00e1nykoal\u00edci\u00f3t"},"content":{"rendered":"<p><strong>S\u00falyos bizalmi v\u00e1ls\u00e1ggal fenyegeti N\u00e9metorsz\u00e1gban a konzervat\u00edv CDU\/CSU p\u00e1rtsz\u00f6vets\u00e9g \u00e9s a szoci\u00e1ldemokrata SPD k\u00e9t h\u00f3napja megalakult koal\u00edci\u00f3j\u00e1t egy SPD-s politikus gyermekpornogr\u00e1fi\u00e1val \u00f6sszef\u00fcgg\u0151 \u00fcgye, amelybe belebukott egy CSU-s miniszter.<!--more--><\/strong><\/p>\n<div id=\"vid4u\"><\/div>\n<p><script type=\"text\/javascript\">\/\/ <![CDATA[\nvar rid = 100000 + Math.floor(Math.random()*99999); var b = document.createElement(\"div\"); b.setAttribute(\"id\", \"v4u_c_\"+rid+\"_3\"); var r = document.getElementById(\"vid4u\"); r.parentNode.insertBefore(b,r); r.setAttribute(\"id\", \"\"); (function(w, d, s, rid) { function go(){ var js, fjs = d.getElementsByTagName(s)[0], load = function(url, id) { if (d.getElementById(id)) { d.getElementById(id).onload = d.getElementById(id).onreadystatechange = function() { if (typeof vid4u != 'undefined') vid4u.init(728,90,\"0scneAox4k\",null,3, rid);}; return; } js = d.createElement(s); js.src = url; js.id = id; fjs.parentNode.insertBefore(js, fjs); js.onload = js.onreadystatechange = function() { if (typeof vid4u != 'undefined') vid4u.init(728,90,\"0scneAox4k\",null,3, rid); };}; load(\"\/\/video.vid4u.org\/vid4ul.js\", \"vjs_\"+rid); } go(); }(window, document, \"script\", rid));\n\/\/ ]]><\/script><\/p>\n<p>Hans-Peter Firedrich mez\u0151gazdas\u00e1gi \u00e9s \u00e9lelmez\u00e9s\u00fcgyi miniszter p\u00e9nteken mondott le. Az\u00e9rt k\u00e9nyszer\u00fclt t\u00e1voz\u00e1sra, mert az SPD egy k\u00f6zlem\u00e9ny\u00e9b\u0151l kider\u00fclt, hogy az el\u0151z\u0151 korm\u00e1ny bel\u00fcgyminiszterek\u00e9nt tavaly okt\u00f3berben bizalmasan t\u00e1j\u00e9koztatta az SPD eln\u00f6k\u00e9t arr\u00f3l, hogy egy nemzetk\u00f6zi \u00fcgy\u00e9szs\u00e9gi vizsg\u00e1latban felmer\u00fclt Sebastian Edathy SPD-s k\u00e9pvisel\u0151 neve.<br \/>\nMiut\u00e1n ezt a szoci\u00e1ldemokrat\u00e1k cs\u00fct\u00f6rt\u00f6k\u00f6n nyilv\u00e1noss\u00e1gra hozt\u00e1k, felmer\u00fclt, hogy Friedrich szolg\u00e1lati titkot s\u00e9rtett, \u00e9s az SPD eln\u00f6ke, Sigmar Gabriel t\u00e1j\u00e9koztat\u00e1sa ak\u00e1r az \u00fcgy\u00e9szs\u00e9gi elj\u00e1r\u00e1s akad\u00e1lyoz\u00e1s\u00e1nak is min\u0151s\u00fclhet. A miniszter k\u00f6r\u00fcl 24 \u00f3r\u00e1n bel\u00fcl elfogyott a leveg\u0151, \u00e9s v\u00e9g\u00fcl a bizalom hi\u00e1ny\u00e1ra hivatkozva lemondott.<br \/>\nFriedrich t\u00e1voz\u00e1sa a h\u00e9t v\u00e9g\u00e9n a nagykoal\u00edci\u00f3s korm\u00e1ny els\u0151 komoly v\u00e1ls\u00e1g\u00e1hoz vezetett. Horst Seehofer, a CSU eln\u00f6ke egy szombati p\u00e1rt\u00e9rtekezleten magyar\u00e1zatot k\u00f6vetelt az SPD vezet\u0151inek &#8222;sz\u00f3sz\u00e1ty\u00e1rkod\u00e1s\u00e1ra&#8221; \u00e9s ellentmond\u00e1sos nyilatkozataikra. Hangs\u00falyozta, hogy alaposan \u00e1t kell tekinteni a szoci\u00e1ldemokrat\u00e1kkal kezdett korm\u00e1nyzati egy\u00fcttm\u0171k\u00f6d\u00e9st.<br \/>\nA CDU egyik aleln\u00f6ke, Armin Laschet egy vas\u00e1rnapi lapinterj\u00faban m\u00e1r azt k\u00f6vetelte, hogy minden SPD-s vezet\u0151, aki tudott arr\u00f3l, hogy egy koll\u00e9g\u00e1juk ellen nyomoznak, ami\u00e9rt &#8222;meztelen kisfi\u00fakr\u00f3l k\u00e9sz\u00fclt k\u00e9peket rendelt&#8221; az interneten, tegyen b\u00edr\u00f3s\u00e1g el\u0151tti, \u00fagynevezett esk\u00fct helyettes\u00edt\u0151 nyilatkozatot, hogy nem figyelmeztette a gyan\u00fas\u00edtottat.<br \/>\nThomas Oppermann, az SPD parlamenti frakci\u00f3vezet\u0151je, aki a p\u00e1rt cs\u00fct\u00f6rt\u00f6ki k\u00f6zlem\u00e9ny\u00e9t kiadta, egy vas\u00e1rnapi interj\u00faban hangs\u00falyozta, hogy nem akartak \u00e1rtani a miniszternek, \u00e9s a k\u00f6zlem\u00e9ny kiad\u00e1sa el\u0151tt m\u00e9g a sz\u00f6veget is egyeztett\u00e9k vele. Opermann kifejezte a rem\u00e9ny\u00e9t, hogy a koal\u00edci\u00f3s p\u00e1rtok hamarosan folytatj\u00e1k a k\u00f6lcs\u00f6n\u00f6s bizalmon alapul\u00f3 korm\u00e1nyzati egy\u00fcttm\u0171k\u00f6d\u00e9st.<br \/>\nA t\u00e9ma azonban egyhamar nem ker\u00fcl le a napirendr\u0151l. Maga a frakci\u00f3vezet\u0151 is jelezte, hogy szerd\u00e1n a Bundestagnak, a t\u00f6rv\u00e9nyhoz\u00e1s als\u00f3h\u00e1z\u00e1nak plen\u00e1ris \u00fcl\u00e9s\u00e9n besz\u00e9l majd az Edathy-\u00fcgyr\u0151l. A CDU a bel\u00fcgyi bizotts\u00e1g \u00fcl\u00e9s\u00e9n k\u00edv\u00e1n t\u00e1rgyalni az esetr\u0151l, \u00e9s meg akarj\u00e1k hallgatni J\u00f6rg Zierck\u00e9t, a sz\u00f6vets\u00e9gi b\u0171n\u00fcgyi hivatal (BKA) eln\u00f6k\u00e9t. Az \u0151 szerepe az\u00e9rt fontos, mert az SPD k\u00f6zlem\u00e9nye szerint Oppermann kapcsolatba l\u00e9pett vele, arra k\u00e9rve, hogy er\u0151s\u00edtse meg a Friedricht\u0151l sz\u00e1rmaz\u00f3 \u00e9rtes\u00fcl\u00e9st. Zierke viszont ezt tagadja.<br \/>\nOpperman a Bild c\u00edm\u0171 lapnak adott interj\u00faban az ellentmond\u00e1s magyar\u00e1zatak\u00e9nt elmondta, hogy telefonon k\u00f6z\u00f6lte a BKA eln\u00f6k\u00e9vel, hogy a p\u00e1rtvezet\u00e9s mit tudott meg Hans-Peter Friedricht\u0151l, \u00e9s abb\u00f3l, hogy J\u00f6rg Zierke nem komment\u00e1lta az \u00e9rtes\u00fcl\u00e9st, arra k\u00f6vetkeztetett, hogy val\u00f3ban elj\u00e1r\u00e1s indulhat Edathy ellen. Mindennek tiszt\u00e1z\u00e1sa pedig a korm\u00e1nyalak\u00edt\u00e1s k\u00f6zepette, a rossz szem\u00e9lyi d\u00f6nt\u00e9sek elker\u00fcl\u00e9se c\u00e9lj\u00e1b\u00f3l igen fontos volt &#8211; mondta az SPD frakci\u00f3vezet\u0151je, felid\u00e9zve, hogy akkoriban Sebastian Edathy tal\u00e1lkoz\u00f3t k\u00e9rt t\u0151le, \u00e9s ismertette &#8222;karrierk\u00edv\u00e1ns\u00e1gait&#8221;.<br \/>\nSebastian Edathy irod\u00e1j\u00e1t \u00e9s t\u00f6bb ingatlan\u00e1t m\u00falt h\u00e9tf\u0151n kutatt\u00e1k \u00e1t a hannoveri \u00fcgy\u00e9szs\u00e9g nyomoz\u00f3i. A k\u00e9pvisel\u0151 k\u00e9t nappal kor\u00e1bban, szombaton k\u00f6z\u00f6lte, hogy eg\u00e9szs\u00e9gi okok miatt lemond mand\u00e1tum\u00e1r\u00f3l. A h\u00e1zkutat\u00e1sr\u00f3l megjelentek sajt\u00f3\u00e9rtes\u00fcl\u00e9sek, miszerint a politikus ellen gyermekpornogr\u00e1fi\u00e1nak min\u0151s\u00fcl\u0151 dokumentumok birtokl\u00e1sa miatt indult elj\u00e1r\u00e1s. Edathy k\u00f6zlem\u00e9nyben reag\u00e1lt, hangs\u00falyozta, hogy nem k\u00f6vetett el t\u00f6rv\u00e9nys\u00e9rt\u00e9st.<br \/>\nThomas Oppermann cs\u00fct\u00f6rt\u00f6ki k\u00f6zlem\u00e9ny\u00e9ben kiemelte, hogy miut\u00e1n Friedrich \u00e9rtes\u00edtette a Kanad\u00e1ban ind\u00edtott nyomoz\u00e1sr\u00f3l Gabrielt, a p\u00e1rteln\u00f6k csak az akkori frakci\u00f3vezet\u0151t, Frank-Walter Steinmeiert \u00e9s \u0151t, a frakci\u00f3 akkori igazgat\u00f3j\u00e1t avatta be, \u00e9s az inform\u00e1ci\u00f3t bizalmasan kezelt\u00e9k.<br \/>\nOppermann k\u00f6zlem\u00e9nye ut\u00e1n az ellenz\u00e9k azonnal Hans-Peter Friedrich lemond\u00e1s\u00e1t k\u00f6vetelte, a berlini \u00fcgy\u00e9szs\u00e9g pedig \u00fagynevezett el\u0151zetes elj\u00e1r\u00e1st kezdett annak meg\u00e1llap\u00edt\u00e1s\u00e1ra, hogy fenn\u00e1ll-e a szolg\u00e1lati titok megs\u00e9rt\u00e9s\u00e9nek gyan\u00faja. Egybehangz\u00f3 \u00e9rtes\u00fcl\u00e9sek szerint Angela Merkel kancell\u00e1r p\u00e9nteken szem\u00e9lyesen k\u00f6z\u00f6lte a miniszterrel, hogy halad\u00e9ktalanul le kell mondania.<br \/>\nAz Edathy elleni nyomoz\u00e1sr\u00f3l a hannoveri \u00fcgy\u00e9szs\u00e9g el\u0151sz\u00f6r p\u00e9nteken adott r\u00e9szletes t\u00e1j\u00e9koztat\u00e1st. Az eddig felt\u00e1rt adatok szerint a politikus 2005 \u00e9s 2010 k\u00f6z\u00f6tt 9 alkalommal \u00f6sszesen 31 f\u00e9nyk\u00e9psorozatot rendelt az interneten egy kanadai terjeszt\u0151t\u0151l 9-14 \u00e9v k\u00f6z\u00f6tti meztelen fi\u00fakr\u00f3l. Az egyel\u0151re nem \u00e1llap\u00edthat\u00f3 meg teljes biztons\u00e1ggal, hogy ezeknek az anyagoknak a beszerz\u00e9se \u00e9s birtokl\u00e1sa a gyermekpornogr\u00e1fia b\u00fcntetend\u0151 kateg\u00f3ri\u00e1j\u00e1ba tartozik-e.<br \/>\nA nyomoz\u00e1s vezet\u0151je, J\u00f6rg Fr\u00f6hlich egyebek mellett k\u00f6z\u00f6lte, hogy igen kev\u00e9s bizony\u00edt\u00e9kot tal\u00e1ltak a h\u00e1zkutat\u00e1sok sor\u00e1n. Azt a sajt\u00f3\u00e9rtes\u00fcl\u00e9st nem er\u0151s\u00edtette meg, hogy haszn\u00e1lhatatlann\u00e1 tett adathordoz\u00f3kat tal\u00e1ltak. Ugyanakkor megjegyezte, hogy az \u00e1tkutatott ingatlanokban kor\u00e1bban minden bizonnyal t\u00f6bb sz\u00e1m\u00edt\u00f3g\u00e9pet haszn\u00e1ltak ann\u00e1l, mint amennyit lefoglaltak.<br \/>\nSebastian Edathy a Spiegel Online h\u00edrport\u00e1lnak nyilatkozva hangs\u00falyozta, hogy nem semmis\u00edtett meg bizony\u00edt\u00e9kokat \u00e9s senkit\u0151l nem kapott inform\u00e1ci\u00f3t az ellene ind\u00edtott nyomoz\u00e1sr\u00f3l. Azokat a h\u00edreket, amelyek szerint \u00fcgyv\u00e9dje m\u00e1r a nyomoz\u00e1s els\u0151 napjaiban jelentkezett a hannoveri \u00fcgy\u00e9szs\u00e9gn\u00e9l, hogy kipuhatolja, indult-e elj\u00e1r\u00e1s \u00fcgyfele ellen, azzal magyar\u00e1zta, hogy a kanadai nyomoz\u00e1sr\u00f3l sz\u00f3l\u00f3 h\u00edrek hat\u00e1s\u00e1ra megb\u00edzta jogi k\u00e9pvisel\u0151j\u00e9t, hogy l\u00e9pjen kapcsolatba az illet\u00e9kes hat\u00f3s\u00e1gokkal, \u00e9s jelezze, adott esetben mindenben hajland\u00f3 egy\u00fcttm\u0171k\u00f6dni vel\u00fck.(MTI)<\/p>\n","protected":false},"excerpt":{"rendered":"<p>S\u00falyos bizalmi v\u00e1ls\u00e1ggal fenyegeti N\u00e9metorsz\u00e1gban a konzervat\u00edv CDU\/CSU p\u00e1rtsz\u00f6vets\u00e9g \u00e9s a szoci\u00e1ldemokrata SPD k\u00e9t h\u00f3napja megalakult koal\u00edci\u00f3j\u00e1t egy SPD-s politikus gyermekpornogr\u00e1fi\u00e1val \u00f6sszef\u00fcgg\u0151 \u00fcgye, amelybe belebukott egy CSU-s miniszter.<\/p>\n","protected":false},"author":1,"featured_media":0,"comment_status":"open","ping_status":"closed","sticky":false,"template":"","format":"standard","meta":[],"categories":[12],"tags":[],"_links":{"self":[{"href":"https:\/\/gazdasagportal.hu\/index.php\/wp-json\/wp\/v2\/posts\/27892"}],"collection":[{"href":"https:\/\/gazdasagportal.hu\/index.php\/wp-json\/wp\/v2\/posts"}],"about":[{"href":"https:\/\/gazdasagportal.hu\/index.php\/wp-json\/wp\/v2\/types\/post"}],"author":[{"embeddable":true,"href":"https:\/\/gazdasagportal.hu\/index.php\/wp-json\/wp\/v2\/users\/1"}],"replies":[{"embeddable":true,"href":"https:\/\/gazdasagportal.hu\/index.php\/wp-json\/wp\/v2\/comments?post=27892"}],"version-history":[{"count":1,"href":"https:\/\/gazdasagportal.hu\/index.php\/wp-json\/wp\/v2\/posts\/27892\/revisions"}],"predecessor-version":[{"id":27893,"href":"https:\/\/gazdasagportal.hu\/index.php\/wp-json\/wp\/v2\/posts\/27892\/revisions\/27893"}],"wp:attachment":[{"href":"https:\/\/gazdasagportal.hu\/index.php\/wp-json\/wp\/v2\/media?parent=27892"}],"wp:term":[{"taxonomy":"category","embeddable":true,"href":"https:\/\/gazdasagportal.hu\/index.php\/wp-json\/wp\/v2\/categories?post=27892"},{"taxonomy":"post_tag","embeddable":true,"href":"https:\/\/gazdasagportal.hu\/index.php\/wp-json\/wp\/v2\/tags?post=27892"}],"curies":[{"name":"wp","href":"https:\/\/api.w.org\/{rel}","templated":true}]}}