{"id":27883,"date":"2014-02-16T16:44:32","date_gmt":"2014-02-16T15:44:32","guid":{"rendered":"http:\/\/stockportal.hu\/?p=27883"},"modified":"2014-02-17T16:44:01","modified_gmt":"2014-02-17T15:44:01","slug":"tozsde-a-het-amikor-a-fhb-majdnem-40-szazalekot-emelkedett-a-telekom-meg-9-et","status":"publish","type":"post","link":"https:\/\/gazdasagportal.hu\/index.php\/tozsde-a-het-amikor-a-fhb-majdnem-40-szazalekot-emelkedett-a-telekom-meg-9-et\/","title":{"rendered":"T\u0151zsde &#8211;  A h\u00e9t amikor a FHB majdnem 40 sz\u00e1zal\u00e9kot emelkedett, a Telekom meg 9-et"},"content":{"rendered":"<p><strong>Harmad\u00e1val cs\u00f6kken\u0151 forgalom mellett minim\u00e1lisan l\u00e9pte t\u00fal p\u00e9nteken a Budapesti \u00c9rt\u00e9kt\u0151zsde (B\u00c9T) indexe, a BUX az egy h\u00e9ttel kor\u00e1bbi z\u00e1r\u00f3 \u00e9rt\u00e9k\u00e9t, a mutat\u00f3 eg\u00e9sz h\u00e9ten sz\u0171k s\u00e1vban mozgott.<!--more--><\/strong><\/p>\n<div id=\"vid4u\"><\/div>\n<p><script type=\"text\/javascript\">\/\/ <![CDATA[\nvar rid = 100000 + Math.floor(Math.random()*99999); var b = document.createElement(\"div\"); b.setAttribute(\"id\", \"v4u_c_\"+rid+\"_3\"); var r = document.getElementById(\"vid4u\"); r.parentNode.insertBefore(b,r); r.setAttribute(\"id\", \"\"); (function(w, d, s, rid) { function go(){ var js, fjs = d.getElementsByTagName(s)[0], load = function(url, id) { if (d.getElementById(id)) { d.getElementById(id).onload = d.getElementById(id).onreadystatechange = function() { if (typeof vid4u != 'undefined') vid4u.init(728,90,\"0scneAox4k\",null,3, rid);}; return; } js = d.createElement(s); js.src = url; js.id = id; fjs.parentNode.insertBefore(js, fjs); js.onload = js.onreadystatechange = function() { if (typeof vid4u != 'undefined') vid4u.init(728,90,\"0scneAox4k\",null,3, rid); };}; load(\"\/\/video.vid4u.org\/vid4ul.js\", \"vjs_\"+rid); } go(); }(window, document, \"script\", rid));\n\/\/ ]]><\/script><\/p>\n<p>A forgalom 62,2 milli\u00e1rd forintr\u00f3l 43 milli\u00e1rdra esett, a BUX pedig a 18 062-18 297 pontos s\u00e1vban ingadozott a m\u00falt h\u00e9ten. P\u00e9nteken 18 249,39 ponton z\u00e1rt, az el\u0151z\u0151 heti z\u00e1r\u00f3 \u00e9rt\u00e9k 18 106,07 pont volt.<br \/>\nH\u00e9tf\u0151n a vezet\u0151 r\u00e9szv\u00e9nyek &#8211; a Magyar Telekom kiv\u00e9tel\u00e9vel &#8211; gyeng\u00fcltek a p\u00e9nteki z\u00e1r\u00e1shoz k\u00e9pest. A t\u00e1vk\u00f6zl\u00e9si pap\u00edr 6,23 sz\u00e1zal\u00e9kos er\u0151s\u00f6d\u00e9s\u00e9t egy c\u00e9gspecifikus h\u00edrrel, a Deutsche Telekom (DT) cseh le\u00e1nyv\u00e1llalat\u00e1nak kiv\u00e1s\u00e1rl\u00e1s\u00e1val magyar\u00e1ztak a keresked\u0151k.<br \/>\nKedden els\u0151sorban a Mol \u00e9s a Richter h\u00fazta f\u00f6lfel\u00e9 az indexet, m\u00edg az OTP stagn\u00e1lt. A Telekom es\u00e9s\u00e9t azzal magyar\u00e1zt\u00e1k az elemz\u0151k, hogy a befektet\u0151k egyre kisebb es\u00e9lyt adnak arra, hogy a Deutsche Telekom a cseh le\u00e1nyv\u00e1llalat kisebbs\u00e9gi tulajdon\u00e1nak kiv\u00e1s\u00e1rl\u00e1sa ut\u00e1n a Magyar Telekom r\u00e9szv\u00e9nyeire is aj\u00e1nlatot tegyen.<br \/>\nSzerd\u00e1n a magyar r\u00e9szv\u00e9nypiac alulteljes\u00edtett a k\u00fclf\u00f6ldi b\u00f6rz\u00e9khez k\u00e9pest, a teljes magyar piac m\u00ednuszban z\u00e1rt, viszonylag j\u00f3 forgalom mellett. Az OTP esett a legt\u00f6bbet, de valamennyi vezet\u0151 pap\u00edr gyeng\u00fclt.<br \/>\nCs\u00fct\u00f6rt\u00f6k\u00f6n k\u00fclf\u00f6ldi h\u00edrek mozgatt\u00e1k a hazai piacot. A napk\u00f6zbeni gyeng\u00fcl\u00e9s ut\u00e1n a keresked\u00e9s v\u00e9g\u00e9re a nemzetk\u00f6zi indexekkel egy\u00fctt er\u0151s\u00f6d\u00f6tt a BUX, de \u00edgy is enyhe m\u00ednuszban z\u00e1rt. A Mol &#8211; a szerdai gyeng\u00fcl\u00e9st folytatva &#8211; cs\u00fct\u00f6rt\u00f6k\u00f6n is m\u00ednuszban fejezte be a napot. Az OTP viszont er\u0151s\u00f6d\u00f6tt \u00e9s enyhe pluszban z\u00e1rt.<br \/>\nP\u00e9nteken\u00a0\u00a0a nyugat-eur\u00f3pai t\u0151zsd\u00e9k er\u0151s\u00f6d\u00e9s\u00e9vel magyar\u00e1zt\u00e1k az elemz\u0151k a B\u00c9T j\u00f3 teljes\u00edtm\u00e9ny\u00e9t. A BUX index emelked\u00e9s\u00e9nek alapvet\u0151 oka a Magyar Telekom \u00e1rfolyam\u00e1nak t\u00f6bb mint 5 sz\u00e1zal\u00e9kos javul\u00e1sa volt, amelyet ism\u00e9t a Deutsche Telekom le\u00e1nyv\u00e1llalatok felv\u00e1s\u00e1rl\u00e1s\u00e1r\u00f3l sz\u00f3l\u00f3 piaci tal\u00e1lgat\u00e1soknak tulajdon\u00edtottak a keresked\u0151k.<br \/>\nA Mol-r\u00e9szv\u00e9nyek \u00e1ra 10 forinttal, 0,07 sz\u00e1zal\u00e9kkal 13 750 forintra emelkedett.<br \/>\nA Magyar Telekom 27 forintos, 8,85 sz\u00e1zal\u00e9kos er\u0151s\u00f6d\u00e9ssel, 332 forinton z\u00e1rta a hetet.<br \/>\nA Richter-pap\u00edrok \u00e9rt\u00e9ke 21 forinttal, 0,52 sz\u00e1zal\u00e9kkal 4999 forintra esett.<br \/>\nAz OTP \u00e1rfolyama 60 forinttal, 1,41 sz\u00e1zal\u00e9kkal 4210 forintra esett.<br \/>\nA kis- \u00e9s k\u00f6zepes r\u00e9szv\u00e9nyek indexe, a BUMIX 133,61 ponttal, 9,48 sz\u00e1zal\u00e9kkal emelkedett, 1543,09 ponton \u00e1llt p\u00e9nteken z\u00e1r\u00e1skor.(MTI)<\/p>\n<p><strong><a title=\"Permanent Link to FHB \u00e1rfolyama \u2013 Ak\u00e1r 1000 forint fel\u00e9 is mehet\" href=\"http:\/\/stockportal.hu\/index.php\/fhb-arfolyama-akar-1000-forint-fele-is-mehet\/\" rel=\"bookmark noopener\" target=\"_blank\">FHB \u00e1rfolyama \u2013 Ak\u00e1r 1000 forint fel\u00e9 is mehet<\/a><\/strong><\/p><div id=\"gazda-2344657064\" class=\"gazda-tartalomban gazda-entity-placement\"><script async src=\"https:\/\/pagead2.googlesyndication.com\/pagead\/js\/adsbygoogle.js\"><\/script>\r\n<ins class=\"adsbygoogle\"\r\n     style=\"display:block\"\r\n     data-ad-format=\"fluid\"\r\n     data-ad-layout-key=\"-6t+ed+2i-1n-4w\"\r\n     data-ad-client=\"ca-pub-1959107119989764\"\r\n     data-ad-slot=\"4008251320\"><\/ins>\r\n<script>\r\n     (adsbygoogle = window.adsbygoogle || []).push({});\r\n<\/script><\/div>\n<p><strong><a title=\"Permanent Link to Kil\u0151tt a Pannergy \u00e9s az FHB, beszakadt az ENEFI\" href=\"http:\/\/stockportal.hu\/index.php\/kilott-a-pannergy-es-az-fhb-beszakadt-az-enefi\/\" rel=\"bookmark noopener\" target=\"_blank\">Kil\u0151tt a Pannergy \u00e9s az FHB, beszakadt az ENEFI<\/a><\/strong><\/p>\n<p><strong><a title=\"Permanent Link to Itt a sz\u00e1guld\u00e1s oka \u2013 25 sz\u00e1zal\u00e9kot szerzett az FHB a Magyar Takar\u00e9k Zrt.-ben\" href=\"http:\/\/stockportal.hu\/index.php\/itt-a-szaguldas-oka-25-szazalekot-szerzett-az-fhb-a-magyar-takarek-zrt-ben\/\" rel=\"bookmark noopener\" target=\"_blank\">Itt a sz\u00e1guld\u00e1s oka \u2013 25 sz\u00e1zal\u00e9kot szerzett az FHB a Magyar Takar\u00e9k Zrt.-ben<\/a><\/strong><\/p>\n","protected":false},"excerpt":{"rendered":"<p>Harmad\u00e1val cs\u00f6kken\u0151 forgalom mellett minim\u00e1lisan l\u00e9pte t\u00fal p\u00e9nteken a Budapesti \u00c9rt\u00e9kt\u0151zsde (B\u00c9T) indexe, a BUX az egy h\u00e9ttel kor\u00e1bbi z\u00e1r\u00f3 \u00e9rt\u00e9k\u00e9t, a mutat\u00f3 eg\u00e9sz h\u00e9ten sz\u0171k s\u00e1vban mozgott.<\/p>\n","protected":false},"author":1,"featured_media":27885,"comment_status":"open","ping_status":"closed","sticky":false,"template":"","format":"standard","meta":[],"categories":[7,122],"tags":[],"_links":{"self":[{"href":"https:\/\/gazdasagportal.hu\/index.php\/wp-json\/wp\/v2\/posts\/27883"}],"collection":[{"href":"https:\/\/gazdasagportal.hu\/index.php\/wp-json\/wp\/v2\/posts"}],"about":[{"href":"https:\/\/gazdasagportal.hu\/index.php\/wp-json\/wp\/v2\/types\/post"}],"author":[{"embeddable":true,"href":"https:\/\/gazdasagportal.hu\/index.php\/wp-json\/wp\/v2\/users\/1"}],"replies":[{"embeddable":true,"href":"https:\/\/gazdasagportal.hu\/index.php\/wp-json\/wp\/v2\/comments?post=27883"}],"version-history":[{"count":2,"href":"https:\/\/gazdasagportal.hu\/index.php\/wp-json\/wp\/v2\/posts\/27883\/revisions"}],"predecessor-version":[{"id":27990,"href":"https:\/\/gazdasagportal.hu\/index.php\/wp-json\/wp\/v2\/posts\/27883\/revisions\/27990"}],"wp:featuredmedia":[{"embeddable":true,"href":"https:\/\/gazdasagportal.hu\/index.php\/wp-json\/wp\/v2\/media\/27885"}],"wp:attachment":[{"href":"https:\/\/gazdasagportal.hu\/index.php\/wp-json\/wp\/v2\/media?parent=27883"}],"wp:term":[{"taxonomy":"category","embeddable":true,"href":"https:\/\/gazdasagportal.hu\/index.php\/wp-json\/wp\/v2\/categories?post=27883"},{"taxonomy":"post_tag","embeddable":true,"href":"https:\/\/gazdasagportal.hu\/index.php\/wp-json\/wp\/v2\/tags?post=27883"}],"curies":[{"name":"wp","href":"https:\/\/api.w.org\/{rel}","templated":true}]}}