{"id":27882,"date":"2014-02-17T06:37:39","date_gmt":"2014-02-17T05:37:39","guid":{"rendered":"http:\/\/stockportal.hu\/?p=27882"},"modified":"2014-02-16T20:37:16","modified_gmt":"2014-02-16T19:37:16","slug":"varga-mihaly-a-magyar-gazdasag-szerkezete-nem-indokol-ekkora-forintgyengulest","status":"publish","type":"post","link":"https:\/\/gazdasagportal.hu\/index.php\/varga-mihaly-a-magyar-gazdasag-szerkezete-nem-indokol-ekkora-forintgyengulest\/","title":{"rendered":"Varga Mih\u00e1ly: a magyar gazdas\u00e1g szerkezete nem indokol ekkora forintgyeng\u00fcl\u00e9st"},"content":{"rendered":"<p><strong>A nemzetk\u00f6zi hat\u00e1sok al\u00f3l Magyarorsz\u00e1g sem tudja kivonni mag\u00e1t, ugyanakkor a magyar gazdas\u00e1g nem k\u00fczd olyan egyens\u00falyi probl\u00e9m\u00e1kkal, amelyek ilyen m\u00e9rt\u00e9k\u0171 forintgyeng\u00fcl\u00e9st indokoltak volna &#8211; mondta Varga Mih\u00e1ly nemzetgazdas\u00e1gi miniszter vas\u00e1rnap az ATV Szabad szemmel c\u00edm\u0171 m\u0171sor\u00e1ban azzal kapcsolatban, hogy n\u00e9h\u00e1ny hete 300 forint felett van az eur\u00f3 \u00e1rfolyama.<!--more--><\/strong><\/p>\n<div id=\"vid4u\"><\/div>\n<p><script type=\"text\/javascript\">\/\/ <![CDATA[\nvar rid = 100000 + Math.floor(Math.random()*99999); var b = document.createElement(\"div\"); b.setAttribute(\"id\", \"v4u_c_\"+rid+\"_3\"); var r = document.getElementById(\"vid4u\"); r.parentNode.insertBefore(b,r); r.setAttribute(\"id\", \"\"); (function(w, d, s, rid) { function go(){ var js, fjs = d.getElementsByTagName(s)[0], load = function(url, id) { if (d.getElementById(id)) { d.getElementById(id).onload = d.getElementById(id).onreadystatechange = function() { if (typeof vid4u != 'undefined') vid4u.init(728,90,\"0scneAox4k\",null,3, rid);}; return; } js = d.createElement(s); js.src = url; js.id = id; fjs.parentNode.insertBefore(js, fjs); js.onload = js.onreadystatechange = function() { if (typeof vid4u != 'undefined') vid4u.init(728,90,\"0scneAox4k\",null,3, rid); };}; load(\"\/\/video.vid4u.org\/vid4ul.js\", \"vjs_\"+rid); } go(); }(window, document, \"script\", rid));\n\/\/ ]]><\/script><\/p>\n<p>A t\u00e1rcavezet\u0151 kifejtette: Magyarorsz\u00e1got nem lehet \u00f6sszevetni egyes felt\u00f6rekv\u0151 orsz\u00e1gokkal, p\u00e9ld\u00e1ul T\u00f6r\u00f6korsz\u00e1ggal vagy D\u00e9l-Afrik\u00e1val, mivel ezen orsz\u00e1gokban jelent\u0151s k\u00fclkereskedelmim\u00e9rleg-hi\u00e1ny van. Ezzel szemben Magyarorsz\u00e1gon 2013-ban jelent\u0151s k\u00fclkereskedelmi t\u00f6bblet alakult ki, ezenk\u00edv\u00fcl a magyar gazdas\u00e1g &#8211; ellent\u00e9tben p\u00e9ld\u00e1ul T\u00f6r\u00f6korsz\u00e1ggal &#8211; nem k\u00fczd struktur\u00e1lis probl\u00e9m\u00e1kkal.<br \/>\nA deficit 3 sz\u00e1zal\u00e9k alatt van, az \u00e1llamad\u00f3ss\u00e1g m\u00e9rt\u00e9ke cs\u00f6kken, t\u00f6bbletes a k\u00fclkereskedelmi \u00e9s a foly\u00f3 fizet\u00e9si m\u00e9rleg &#8211; hangs\u00falyozta a nemzetgazdas\u00e1gi miniszter.<br \/>\nOrb\u00e1n Viktor minisztereln\u00f6knek a gazdas\u00e1gi n\u00f6veked\u00e9s alakul\u00e1s\u00e1r\u00f3l sz\u00f3l\u00f3, n\u00e9h\u00e1ny nappal ezel\u0151tti nyilatkozat\u00e1val \u00f6sszef\u00fcgg\u00e9sben Varga Mih\u00e1ly teljesen elk\u00e9pzelhet\u0151nek nevezte, hogy 2016-ra 4 sz\u00e1zal\u00e9kra gyorsulhat a magyar gazdas\u00e1gi n\u00f6veked\u00e9s. Hozz\u00e1tette: sok m\u00falik azon, mi t\u00f6rt\u00e9nik a k\u00fclpiacokon, f\u0151leg N\u00e9metorsz\u00e1gban. A n\u00e9met gazdas\u00e1g is meglep\u0151 adatot produk\u00e1lt tavaly, \u00e9v v\u00e9g\u00e9n, \u00edgy van rem\u00e9ny arra, hogy a &#8222;n\u00e9met lokomot\u00edv tov\u00e1bb fogja h\u00fazni a k\u00f6z\u00e9p-kelet-eur\u00f3pai t\u00e9rs\u00e9get&#8221;. \u00dagy v\u00e9lte, hogy ezenk\u00edv\u00fcl be\u00e9rhetnek \u00e9s seg\u00edthetik a gazdas\u00e1gi n\u00f6veked\u00e9st azok a v\u00e1ltoz\u00e1sok is, amelyeket a korm\u00e1ny az ad\u00f3- \u00e9s j\u00e1rul\u00e9k-, valamint az \u00f6nkorm\u00e1nyzati rendszerben elkezdett, illetve a munkaer\u0151piac rugalmasabb\u00e1 t\u00e9tele \u00e9rdek\u00e9ben v\u00e9grehajtott.<br \/>\nA paksi b\u0151v\u00edt\u00e9ssel kapcsolatban elmondta, hogy a beruh\u00e1z\u00e1sok a magyar \u00e1llam vagyon\u00e1t gyarap\u00edtj\u00e1k, a kivitelez\u00e9si szakasz 8000-9000 embernek &#8222;ad majd t\u00f6bbletmunk\u00e1t&#8221;. Sz\u00e1m\u00edt\u00e1sok szerint az ehhez kapcsol\u00f3d\u00f3 hitelfelv\u00e9tel az \u00e1llamad\u00f3ss\u00e1got k\u00f6r\u00fclbel\u00fcl egy sz\u00e1zal\u00e9kponttal n\u00f6velheti \u00e1tmenetileg a t\u00edz\u00e9ves peri\u00f3dusban, &#8222;de ez nem vesz\u00e9lyezteti azt a c\u00e9lt, hogy a k\u00f6vetkez\u0151 \u00e9vekben a magyar \u00e1llamad\u00f3ss\u00e1g m\u00e9rt\u00e9ke cs\u00f6kkenjen&#8221; &#8211; tette hozz\u00e1.<br \/>\nVarga Mih\u00e1ly jelezte, hogy a Nemzetgazdas\u00e1gi Miniszt\u00e9rium \u00e1ltal megt\u00e1rgyalt, a paksi b\u0151v\u00edt\u00e9ssel kapcsolatos hitelszerz\u0151d\u00e9st a j\u00f6v\u0151 heti korm\u00e1ny\u00fcl\u00e9sen hagyhatja j\u00f3v\u00e1 a kabinet, a k\u00f6vetkez\u0151 l\u00e9p\u00e9s pedig az lesz, hogy ennek be kell ker\u00fclnie a parlament el\u00e9. &#8222;Ha ez indokolja egy rendk\u00edv\u00fcli \u00fcl\u00e9s \u00f6sszeh\u00edv\u00e1s\u00e1t, akkor \u00e9n ezt mindenk\u00e9ppen t\u00e1mogatni fogom&#8221; &#8211; mondta a miniszter.<br \/>\nArra a k\u00e9rd\u00e9sre, hogy nem &#8222;szaladhatnak-e el&#8221; a b\u0151v\u00edt\u00e9s k\u00f6lts\u00e9gei, Varga Mih\u00e1ly elmondta: csak olyan v\u00e9grehajtott beruh\u00e1z\u00e1st vagy sz\u00e1ll\u00edt\u00e1st lehet kifizetni, amit a magyar f\u00e9l j\u00f3v\u00e1hagyott, vagyis a magyar \u00e1llamnak er\u0151s kontrollszerepe lesz.<br \/>\nHangs\u00falyozta: az elk\u00e9sz\u00fclt hat\u00e1stanulm\u00e1nyok azt prognosztiz\u00e1lt\u00e1k, hogy a paksi beruh\u00e1z\u00e1s meg fog t\u00e9r\u00fclni.(MTI)<\/p>\n","protected":false},"excerpt":{"rendered":"<p>A nemzetk\u00f6zi hat\u00e1sok al\u00f3l Magyarorsz\u00e1g sem tudja kivonni mag\u00e1t, ugyanakkor a magyar gazdas\u00e1g nem k\u00fczd olyan egyens\u00falyi probl\u00e9m\u00e1kkal, amelyek ilyen m\u00e9rt\u00e9k\u0171 forintgyeng\u00fcl\u00e9st indokoltak volna &#8211; mondta Varga Mih\u00e1ly nemzetgazdas\u00e1gi miniszter vas\u00e1rnap az ATV Szabad szemmel c\u00edm\u0171 m\u0171sor\u00e1ban azzal kapcsolatban, hogy n\u00e9h\u00e1ny hete 300 forint felett van az eur\u00f3 \u00e1rfolyama.<\/p>\n","protected":false},"author":1,"featured_media":0,"comment_status":"open","ping_status":"closed","sticky":false,"template":"","format":"standard","meta":[],"categories":[19],"tags":[],"_links":{"self":[{"href":"https:\/\/gazdasagportal.hu\/index.php\/wp-json\/wp\/v2\/posts\/27882"}],"collection":[{"href":"https:\/\/gazdasagportal.hu\/index.php\/wp-json\/wp\/v2\/posts"}],"about":[{"href":"https:\/\/gazdasagportal.hu\/index.php\/wp-json\/wp\/v2\/types\/post"}],"author":[{"embeddable":true,"href":"https:\/\/gazdasagportal.hu\/index.php\/wp-json\/wp\/v2\/users\/1"}],"replies":[{"embeddable":true,"href":"https:\/\/gazdasagportal.hu\/index.php\/wp-json\/wp\/v2\/comments?post=27882"}],"version-history":[{"count":1,"href":"https:\/\/gazdasagportal.hu\/index.php\/wp-json\/wp\/v2\/posts\/27882\/revisions"}],"predecessor-version":[{"id":27895,"href":"https:\/\/gazdasagportal.hu\/index.php\/wp-json\/wp\/v2\/posts\/27882\/revisions\/27895"}],"wp:attachment":[{"href":"https:\/\/gazdasagportal.hu\/index.php\/wp-json\/wp\/v2\/media?parent=27882"}],"wp:term":[{"taxonomy":"category","embeddable":true,"href":"https:\/\/gazdasagportal.hu\/index.php\/wp-json\/wp\/v2\/categories?post=27882"},{"taxonomy":"post_tag","embeddable":true,"href":"https:\/\/gazdasagportal.hu\/index.php\/wp-json\/wp\/v2\/tags?post=27882"}],"curies":[{"name":"wp","href":"https:\/\/api.w.org\/{rel}","templated":true}]}}