{"id":27877,"date":"2014-02-16T15:52:52","date_gmt":"2014-02-16T14:52:52","guid":{"rendered":"http:\/\/stockportal.hu\/?p=27877"},"modified":"2014-02-16T18:34:22","modified_gmt":"2014-02-16T17:34:22","slug":"barroso-lehetetlennek-bizonyulhat-a-fuggetlen-skocia-eu-csatlakozasa","status":"publish","type":"post","link":"https:\/\/gazdasagportal.hu\/index.php\/barroso-lehetetlennek-bizonyulhat-a-fuggetlen-skocia-eu-csatlakozasa\/","title":{"rendered":"Barroso: lehetetlennek bizonyulhat a f\u00fcggetlen Sk\u00f3cia EU-csatlakoz\u00e1sa"},"content":{"rendered":"<p><strong>Lehetetlennek bizonyulhat a f\u00fcggetlen Sk\u00f3cia csatlakoz\u00e1sa az Eur\u00f3pai Uni\u00f3hoz &#8211; mondta vas\u00e1rnap Londonban az Eur\u00f3pai Bizotts\u00e1g eln\u00f6ke.<!--more--><\/strong><\/p>\n<div id=\"vid4u\"><\/div>\n<p><script type=\"text\/javascript\">\/\/ <![CDATA[\nvar rid = 100000 + Math.floor(Math.random()*99999); var b = document.createElement(\"div\"); b.setAttribute(\"id\", \"v4u_c_\"+rid+\"_3\"); var r = document.getElementById(\"vid4u\"); r.parentNode.insertBefore(b,r); r.setAttribute(\"id\", \"\"); (function(w, d, s, rid) { function go(){ var js, fjs = d.getElementsByTagName(s)[0], load = function(url, id) { if (d.getElementById(id)) { d.getElementById(id).onload = d.getElementById(id).onreadystatechange = function() { if (typeof vid4u != 'undefined') vid4u.init(728,90,\"0scneAox4k\",null,3, rid);}; return; } js = d.createElement(s); js.src = url; js.id = id; fjs.parentNode.insertBefore(js, fjs); js.onload = js.onreadystatechange = function() { if (typeof vid4u != 'undefined') vid4u.init(728,90,\"0scneAox4k\",null,3, rid); };}; load(\"\/\/video.vid4u.org\/vid4ul.js\", \"vjs_\"+rid); } go(); }(window, document, \"script\", rid));\n\/\/ ]]><\/script><\/p>\n<p>Barroso a BBC telev\u00edzi\u00f3 vas\u00e1rnapi politikai magazinm\u0171sor\u00e1ban meger\u0151s\u00edtette azt az \u00e1ll\u00e1spontj\u00e1t is, hogy az uni\u00f3n bel\u00fcli szabad munkaer\u0151-\u00e1raml\u00e1s &#8211; a brit korm\u00e1ny sz\u00e1nd\u00e9kaival ellent\u00e9tben &#8211; semmif\u00e9le \u00fajrat\u00e1rgyal\u00e1s r\u00e9sz\u00e9t nem k\u00e9pezheti.<br \/>\nBarroso a sk\u00f3t f\u00fcggetlens\u00e9gi t\u00f6rekv\u00e9sekkel kapcsolatban kijelentette: ha egy olyan \u00faj orsz\u00e1g, amelyik egy jelenlegi EU-tag\u00e1llamb\u00f3l v\u00e1lik ki, \u00f6n\u00e1ll\u00f3an csatlakozni k\u00edv\u00e1n az uni\u00f3hoz, akkor \u00faj csatlakoz\u00e1si k\u00e9relmet kell beny\u00fajtania, \u00e9s ezt az \u00f6sszes t\u00f6bbi tag\u00e1llamnak egyhang\u00falag j\u00f3v\u00e1 kell hagynia. &#8222;Rendk\u00edv\u00fcl neh\u00e9z lenne el\u00e9rni, s\u0151t lehetetlennek is bizonyulhat&#8221; az egyhang\u00fa j\u00f3v\u00e1hagy\u00e1s el\u00e9r\u00e9se olyan esetben, amikor egy jelenlegi uni\u00f3s tag\u00e1llamt\u00f3l elszakad\u00f3, \u00fajonnan f\u00fcggetlenn\u00e9 v\u00e1lt orsz\u00e1g folyamodik EU-tags\u00e1g\u00e9rt &#8211; fogalmazott az EU-bizotts\u00e1g eln\u00f6ke.<br \/>\nBarroso nem k\u00edv\u00e1nta k\u00f6zvetlen\u00fcl komment\u00e1lni azt a riporteri felvet\u00e9st, hogy p\u00e9ld\u00e1ul a &#8222;saj\u00e1t tartom\u00e1nyai elszakad\u00e1si t\u00f6rekv\u00e9seinek probl\u00e9m\u00e1ival k\u00fcszk\u00f6d\u0151&#8221; Spanyolorsz\u00e1g megakad\u00e1lyozhatja-e a f\u00fcggetlen Sk\u00f3cia EU-felv\u00e9tel\u00e9t. Az Eur\u00f3pai Bizotts\u00e1g eln\u00f6ke azonban a sk\u00f3t csatlakoz\u00e1si folyamat neh\u00e9zs\u00e9geit illusztr\u00e1land\u00f3 kijelentette: Spanyolorsz\u00e1g m\u00e9g a f\u00fcggetlen Koszov\u00f3 elismer\u00e9s\u00e9t is ellenzi, \u00e9s &#8222;bizonyos m\u00e9rt\u00e9kig k\u00e9t hasonl\u00f3 \u00fcgyr\u0151l van sz\u00f3&#8221;.<br \/>\nNicola Sturgeon sk\u00f3t minisztereln\u00f6k-helyettes vas\u00e1rnapi nyilatkozat\u00e1ban mindazon\u00e1ltal &#8222;nevets\u00e9gesnek&#8221; min\u0151s\u00edtette, hogy az Eur\u00f3pai Bizotts\u00e1g eln\u00f6ke p\u00e1rhuzamot vont Sk\u00f3cia \u00e9s Koszov\u00f3 helyzete k\u00f6z\u00f6tt. Sturgeon szerint a sk\u00f3t korm\u00e1ny egyetlen m\u00e1s EU-tag\u00e1llamt\u00f3l sem kapott olyan jelz\u00e9st, amely arra utalna, hogy az uni\u00f3s t\u00e1rs\u00e1llamok megv\u00e9t\u00f3zn\u00e1k a f\u00fcggetlen Sk\u00f3cia EU-csatlakoz\u00e1s\u00e1t. Hozz\u00e1tette: Sk\u00f3cia EU-tags\u00e1g\u00e1r\u00f3l egy\u00e9bk\u00e9nt sem Barroso, hanem a sk\u00f3t n\u00e9p \u00e9s a t\u00e1rs\u00e1llamok d\u00f6ntenek majd.<br \/>\nVisszautas\u00edtotta Barroso kijelent\u00e9seit John Swinney sk\u00f3t p\u00e9nz\u00fcgyminiszter is. Swinney szerint a bizotts\u00e1gi eln\u00f6k &#8222;ostobas\u00e1gokat besz\u00e9lt&#8221;, amikor Sk\u00f3ci\u00e1t Koszov\u00f3hoz hasonl\u00edtotta, k\u00fcl\u00f6n\u00f6s tekintettel arra, hogy Sk\u00f3cia &#8211; Koszov\u00f3val ellent\u00e9tben &#8211; m\u00e1r n\u00e9gy \u00e9vtizede az EU tagja az Egyes\u00fclt Kir\u00e1lys\u00e1g r\u00e9szek\u00e9nt.<br \/>\nA p\u00e9nz\u00fcgyminiszter is hangs\u00falyozta, hogy egyetlen EU-tag\u00e1llam r\u00e9sz\u00e9r\u0151l sem \u00e9rkezett olyan jelz\u00e9s, amely a sk\u00f3t EU-csatlakoz\u00e1s v\u00e9t\u00f3j\u00e1nak sz\u00e1nd\u00e9k\u00e1ra vallana. Swinney szerint ilyesmire Spanyolorsz\u00e1g sem tett utal\u00e1st.<br \/>\nBarroso a sk\u00f3t f\u00fcggetlens\u00e9gi t\u00f6rekv\u00e9sekkel kapcsolatban m\u00e1r kor\u00e1bbi nyilatkozataiban is lesz\u00f6gezte, hogy az EU szab\u00e1lyai \u00e9rtelm\u00e9ben egy uni\u00f3s tag\u00e1llam f\u00fcggetlenn\u00e9 v\u00e1l\u00f3 orsz\u00e1gr\u00e9sz\u00e9nek \u00fajb\u00f3l tags\u00e1g\u00e9rt kell folyamodnia, ha csatlakozni k\u00edv\u00e1n az EU-hoz. Azt azonban most jelentette ki els\u0151 \u00edzben, hogy v\u00e9lem\u00e9nye szerint a lehetetlens\u00e9ggel lenne hat\u00e1ros egy ilyen jelleg\u0171 felv\u00e9teli k\u00e9relem egyhang\u00fa elfogadtat\u00e1sa a tag\u00e1llamokkal.<br \/>\nA BBC telev\u00edzi\u00f3 politikai komment\u00e1tora a vas\u00e1rnapi interj\u00fa ut\u00e1n \u00fagy fogalmazott, hogy Barroso &#8222;k\u00e9zigr\u00e1n\u00e1tot haj\u00edtott&#8221; a sk\u00f3t f\u00fcggetlens\u00e9gi kamp\u00e1ny k\u00f6zep\u00e9be.<br \/>\nAlex Salmond sk\u00f3t minisztereln\u00f6k, a Sk\u00f3ci\u00e1t 2011 \u00f3ta parlamenti t\u00f6bbs\u00e9gben korm\u00e1nyz\u00f3 Sk\u00f3t Nemzeti P\u00e1rt (SNP) vezet\u0151je k\u00e9t \u00e9ve hirdette meg hivatalosan, hogy Sk\u00f3cia 2014-ben n\u00e9pszavaz\u00e1st tart f\u00fcggetlens\u00e9g\u00e9r\u0151l. A referendumot a sk\u00f3t korm\u00e1ny 2014. szeptember 18-\u00e1ra \u00edrta ki. A n\u00e9pszavaz\u00e1son egyetlen, egyszer\u0171 v\u00e1laszt\u00e1st lehet\u0151v\u00e9 t\u00e9v\u0151 k\u00e9rd\u00e9sre kell majd v\u00e1laszolni, amely \u00fagy sz\u00f3l, hogy Sk\u00f3cia f\u00fcggetlen orsz\u00e1g legyen-e.<br \/>\nAz \u00f6n\u00e1ll\u00f3 sk\u00f3t EU-tags\u00e1g mellett a n\u00e9pszavaz\u00e1si kamp\u00e1ny m\u00e1sik f\u0151 \u00fctk\u00f6z\u0151pontja az, hogy Sk\u00f3cia &#8211; a sk\u00f3t korm\u00e1ny tervei \u00e9s sz\u00e1nd\u00e9kai szerint &#8211; megtarthatn\u00e1-e a fontot fizet\u0151eszk\u00f6z\u00e9\u00fcl f\u00fcggetlenn\u00e9 v\u00e1l\u00e1sa eset\u00e9n. A brit korm\u00e1ny az ut\u00f3bbi hetekben t\u00f6bb egy\u00e9rtelm\u0171 nyilatkozatban ennek lehet\u0151s\u00e9g\u00e9t gyakorlatilag kiz\u00e1rta. George Osborne p\u00e9nz\u00fcgyminiszter legut\u00f3bbi a m\u00falt h\u00e9ten jelentette ki, hogy a brit font &#8222;nem CD-kollekci\u00f3, amelyen szak\u00edt\u00e1s ut\u00e1n osztozkodni lehet (&#8230;) ha Sk\u00f3cia elhagyja az Egyes\u00fclt Kir\u00e1lys\u00e1got, akkor elhagyja a fontot is&#8221;.<br \/>\nBarroso a vas\u00e1rnapi BBC-interj\u00faban az EU-n bel\u00fcli szabad mozg\u00e1ssal kapcsolatban hat\u00e1rozottan kijelentette: ez egyike az uni\u00f3 alapvet\u0151 szabads\u00e1gjogainak, \u00e9s \u00edgy nem k\u00e9pezheti t\u00e1rgy\u00e1t semmif\u00e9le olyan t\u00e1rgyal\u00e1snak, amelynek c\u00e9lja Nagy-Britannia \u00e9s az EU viszonyrendszer\u00e9nek \u00e1talak\u00edt\u00e1sa.<br \/>\nA Konzervat\u00edv P\u00e1rt vezette brit korm\u00e1ny 2017-ig n\u00e9pszavaz\u00e1st k\u00edv\u00e1n tartani Nagy-Britannia EU-tags\u00e1g\u00e1nak j\u00f6v\u0151j\u00e9r\u0151l, de addig \u00fajra akarja t\u00e1rgyalni az EU-hoz f\u0171z\u0151d\u0151 viszonyrendszer\u00e9t az Eur\u00f3pai Bizotts\u00e1ggal. A London \u00e1ltal tervezett t\u00e1rgyal\u00e1sok egyik k\u00f6zponti eleme az uni\u00f3n bel\u00fcli szabad munkaer\u0151mozg\u00e1s korl\u00e1toz\u00e1s\u00e1nak ig\u00e9nye, ak\u00e1r sz\u00e1mszer\u0171 korl\u00e1tok form\u00e1j\u00e1ban is.<br \/>\nBarroso a BBC telev\u00edzi\u00f3ban mindazon\u00e1ltal lesz\u00f6gezte: nem lehets\u00e9ges, hogy b\u00e1rmely EU-tag\u00e1llam sz\u00e1mszer\u0171 korl\u00e1tok k\u00f6z\u00e9 szor\u00edtsa a m\u00e1s uni\u00f3s orsz\u00e1gokb\u00f3l \u00e9rkez\u0151 munkav\u00e1llal\u00f3k bev\u00e1ndorl\u00e1s\u00e1t, mivel ez is teljesen ellent\u00e9tes lenne az uni\u00f3s alapelvekkel.<br \/>\nBarroso szerint az ilyen brit t\u00f6rekv\u00e9seket a brit gazdas\u00e1g is komolyan megszenvedn\u00e9. Jelenleg 2,2 milli\u00f3 brit \u00e1llampolg\u00e1r \u00e9l m\u00e1s EU-tag\u00e1llamokban, \u00e9s a brit munkav\u00e1llal\u00f3knak &#8211; \u00edgy a brit v\u00e1llalatoknak is &#8211; korl\u00e1tlan hozz\u00e1f\u00e9r\u00e9s\u00fck van az EU egys\u00e9ges piac\u00e1hoz. Ha azonban Nagy-Britannia korl\u00e1toz\u00e1sokat vezet be az EU-bev\u00e1ndorl\u00f3kkal szemben, akkor &#8222;viszonoss\u00e1gi l\u00e9p\u00e9sekre&#8221; sz\u00e1m\u00edthat a t\u00f6bbi uni\u00f3s orsz\u00e1g r\u00e9sz\u00e9r\u0151l, mert a korl\u00e1tlan hozz\u00e1f\u00e9r\u00e9s nem lehet egyir\u00e1ny\u00fa &#8211; hangs\u00falyozta a bizotts\u00e1gi eln\u00f6k.(MTI)<\/p>\n","protected":false},"excerpt":{"rendered":"<p>Lehetetlennek bizonyulhat a f\u00fcggetlen Sk\u00f3cia csatlakoz\u00e1sa az Eur\u00f3pai Uni\u00f3hoz &#8211; mondta vas\u00e1rnap Londonban az Eur\u00f3pai Bizotts\u00e1g eln\u00f6ke.<\/p>\n","protected":false},"author":1,"featured_media":0,"comment_status":"open","ping_status":"closed","sticky":false,"template":"","format":"standard","meta":[],"categories":[12],"tags":[],"_links":{"self":[{"href":"https:\/\/gazdasagportal.hu\/index.php\/wp-json\/wp\/v2\/posts\/27877"}],"collection":[{"href":"https:\/\/gazdasagportal.hu\/index.php\/wp-json\/wp\/v2\/posts"}],"about":[{"href":"https:\/\/gazdasagportal.hu\/index.php\/wp-json\/wp\/v2\/types\/post"}],"author":[{"embeddable":true,"href":"https:\/\/gazdasagportal.hu\/index.php\/wp-json\/wp\/v2\/users\/1"}],"replies":[{"embeddable":true,"href":"https:\/\/gazdasagportal.hu\/index.php\/wp-json\/wp\/v2\/comments?post=27877"}],"version-history":[{"count":4,"href":"https:\/\/gazdasagportal.hu\/index.php\/wp-json\/wp\/v2\/posts\/27877\/revisions"}],"predecessor-version":[{"id":27894,"href":"https:\/\/gazdasagportal.hu\/index.php\/wp-json\/wp\/v2\/posts\/27877\/revisions\/27894"}],"wp:attachment":[{"href":"https:\/\/gazdasagportal.hu\/index.php\/wp-json\/wp\/v2\/media?parent=27877"}],"wp:term":[{"taxonomy":"category","embeddable":true,"href":"https:\/\/gazdasagportal.hu\/index.php\/wp-json\/wp\/v2\/categories?post=27877"},{"taxonomy":"post_tag","embeddable":true,"href":"https:\/\/gazdasagportal.hu\/index.php\/wp-json\/wp\/v2\/tags?post=27877"}],"curies":[{"name":"wp","href":"https:\/\/api.w.org\/{rel}","templated":true}]}}