{"id":27841,"date":"2014-02-15T13:18:45","date_gmt":"2014-02-15T12:18:45","guid":{"rendered":"http:\/\/stockportal.hu\/?p=27841"},"modified":"2014-02-15T10:36:17","modified_gmt":"2014-02-15T09:36:17","slug":"dasweltauto-elenkul-a-kereslet-a-hasznalt-autok-irant","status":"publish","type":"post","link":"https:\/\/gazdasagportal.hu\/index.php\/dasweltauto-elenkul-a-kereslet-a-hasznalt-autok-irant\/","title":{"rendered":"DasWeltauto: \u00e9l\u00e9nk\u00fcl a kereslet a haszn\u00e1lt aut\u00f3k ir\u00e1nt"},"content":{"rendered":"<p><strong><a href=\"http:\/\/stockportal.hu\/wp-content\/uploads\/2014\/02\/ferrari-f750.jpg\" target=\"_blank\" rel=\"noopener\"><img decoding=\"async\" loading=\"lazy\" class=\"alignleft  wp-image-27843\" alt=\"ferrari-f750\" src=\"http:\/\/stockportal.hu\/wp-content\/uploads\/2014\/02\/ferrari-f750-150x150.jpg\" width=\"105\" height=\"105\" \/><\/a>\u00c9l\u00e9nk\u00fcl a kereslet a haszn\u00e1lt aut\u00f3k ir\u00e1nt Magyarorsz\u00e1gon, a piac 9,9 sz\u00e1zal\u00e9kos n\u00f6veked\u00e9s\u00e9b\u0151l azonban a haszn\u00e1lt aut\u00f3kat \u00e9rt\u00e9kes\u00edt\u0151 c\u00e9gek csak egy kis szeletet tudtak elcs\u00edpni, mind\u00f6ssze 1,9 sz\u00e1zal\u00e9kkal b\u0151v\u00fclt az elad\u00e1suk &#8211; \u00e1llap\u00edtotta meg elemz\u00e9s\u00e9ben a DasWeltauto.<!--more--><\/strong><\/p>\n<div id=\"vid4u\"><\/div>\n<p><script type=\"text\/javascript\">\/\/ <![CDATA[\nvar rid = 100000 + Math.floor(Math.random()*99999); var b = document.createElement(\"div\"); b.setAttribute(\"id\", \"v4u_c_\"+rid+\"_3\"); var r = document.getElementById(\"vid4u\"); r.parentNode.insertBefore(b,r); r.setAttribute(\"id\", \"\"); (function(w, d, s, rid) { function go(){ var js, fjs = d.getElementsByTagName(s)[0], load = function(url, id) { if (d.getElementById(id)) { d.getElementById(id).onload = d.getElementById(id).onreadystatechange = function() { if (typeof vid4u != 'undefined') vid4u.init(728,90,\"0scneAox4k\",null,3, rid);}; return; } js = d.createElement(s); js.src = url; js.id = id; fjs.parentNode.insertBefore(js, fjs); js.onload = js.onreadystatechange = function() { if (typeof vid4u != 'undefined') vid4u.init(728,90,\"0scneAox4k\",null,3, rid); };}; load(\"\/\/video.vid4u.org\/vid4ul.js\", \"vjs_\"+rid); } go(); }(window, document, \"script\", rid));\n\/\/ ]]><\/script><\/p>\n<p>A c\u00e9g az egyetlen, orsz\u00e1gos h\u00e1l\u00f3zattal rendelkez\u0151 haszn\u00e1ltaut\u00f3-keresked\u0151 Magyarorsz\u00e1gon, tavaly 6322 aut\u00f3t \u00e9rt\u00e9kes\u00edtett, elad\u00e1sai 3 sz\u00e1zal\u00e9kkal b\u0151v\u00fcltek az el\u0151z\u0151 \u00e9vhez k\u00e9pest.<br \/>\nAz elemz\u00e9s szerint tavaly \u00f6sszesen 444 482 haszn\u00e1lt aut\u00f3 tal\u00e1lt \u00faj gazd\u00e1ra Magyarorsz\u00e1gon, 40 006-tal t\u00f6bb az egy \u00e9vvel kor\u00e1bbin\u00e1l, a piac az \u00f6sszes negyed\u00e9vben b\u0151v\u00fclt. A k\u00f6zlem\u00e9ny megjegyzi: a b\u0151v\u00fcl\u00e9ssel egyidej\u0171leg tov\u00e1bb emelkedik a magyar g\u00e9pj\u00e1rm\u0171\u00e1llom\u00e1ny \u00e1tlag\u00e9letkora, ami m\u00e1r 11,8 \u00e9v.<br \/>\nJelent\u0151sen, 32,1 sz\u00e1zal\u00e9kkal n\u0151tt 2013-ban a haszn\u00e1ltg\u00e9pkocsi-forgalombahelyez\u00e9sek sz\u00e1ma, jelezve, hogy minden eddigin\u00e9l t\u00f6bb aut\u00f3 \u00e9rkezett be k\u00fclf\u00f6ldr\u0151l. Tavaly 70 700 darabot regisztr\u00e1ltak az okm\u00e1nyirod\u00e1kban a 2012. \u00e9vi 53 531 ut\u00e1n. A k\u00f6zlem\u00e9nyben Frank Gy\u00f6rgy, a Das WeltAuto megb\u00edzott m\u00e1rkavezet\u0151je \u00fagy v\u00e9lekedett: az \u00faj illet\u00e9kt\u00f6rv\u00e9ny miatt a dinamikus n\u00f6veked\u00e9s val\u00f3sz\u00edn\u0171leg al\u00e1bbhagy a k\u00f6vetkez\u0151 id\u0151szakban, mivel 2014. janu\u00e1r 1-j\u00e9t\u0151l vagyonszerz\u00e9si illet\u00e9k terheli a k\u00fclf\u00f6ldr\u0151l behozott haszn\u00e1lt j\u00e1rm\u0171veket is.<br \/>\nTavaly az als\u00f3-k\u00f6z\u00e9p kateg\u00f3ri\u00e1ban regisztr\u00e1lt\u00e1k a legt\u00f6bb \u00e1t\u00edr\u00e1st (143 265 darab), de keresettek voltak a kisaut\u00f3k (121 620) \u00e9s a fels\u0151-k\u00f6z\u00e9pkateg\u00f3ria (66 817) modelljei is. Az import\u00e1lt aut\u00f3k eset\u00e9ben viszont a fels\u0151- (19 396) \u00e9s als\u00f3-k\u00f6z\u00e9pkateg\u00f3ri\u00e1s kocsik (15 161), valamint az egyter\u0171ek (11 823) voltak a legkedveltebbek.<br \/>\nA m\u00e1rk\u00e1kat tekintve v\u00e1ltozatlanul a legkeresettebb az Opel (62 728), a Suzuki (47 508) \u00e9s a Volkswagen (42 996). \u00c9l\u00e9nk volt a luxus sportkocsik piaca is: Porsch\u00e9b\u00f3l 291, Maseratib\u00f3l 26, Ferrarib\u00f3l 18, Lamborghinib\u0151l 3 haszn\u00e1lt aut\u00f3 cser\u00e9lt gazd\u00e1t.<br \/>\nK\u00fclf\u00f6ldr\u0151l f\u0151k\u00e9nt Volkswagent (10 301, a BMW-t (7615) \u00e9s az Opelt (7001) hoztak be.<br \/>\nA haszn\u00e1lt aut\u00f3k piaca Budapesten (54 627 aut\u00f3), Pest megy\u00e9ben (29 177) \u00e9s Borsod-Aba\u00faj-Zempl\u00e9n megy\u00e9ben (23 397) volt a leg\u00e9l\u00e9nkebb tavaly.<br \/>\nA DasWeltauto a Volkswagen csoport m\u00e1rk\u00e1inak import\u0151re, a Porsche Hungaria \u00f6n\u00e1ll\u00f3 m\u00e1rk\u00e1jak\u00e9nt m\u0171k\u00f6dik Magyarorsz\u00e1gon. Az \u00fczlet\u00e1gat a min\u0151s\u00e9gi haszn\u00e1lt aut\u00f3k forgalmaz\u00e1s\u00e1ra ind\u00edtott\u00e1k el 2001-ben, az\u00f3ta a h\u00e1l\u00f3zat 34 tag\u00fav\u00e1 n\u0151tt.(MTI)<\/p>\n","protected":false},"excerpt":{"rendered":"<p>\u00c9l\u00e9nk\u00fcl a kereslet a haszn\u00e1lt aut\u00f3k ir\u00e1nt Magyarorsz\u00e1gon, a piac 9,9 sz\u00e1zal\u00e9kos n\u00f6veked\u00e9s\u00e9b\u0151l azonban a haszn\u00e1lt aut\u00f3kat \u00e9rt\u00e9kes\u00edt\u0151 c\u00e9gek csak egy kis szeletet tudtak elcs\u00edpni, mind\u00f6ssze 1,9 sz\u00e1zal\u00e9kkal b\u0151v\u00fclt az elad\u00e1suk &#8211; \u00e1llap\u00edtotta meg elemz\u00e9s\u00e9ben a DasWeltauto.<\/p>\n","protected":false},"author":1,"featured_media":27843,"comment_status":"open","ping_status":"closed","sticky":false,"template":"","format":"standard","meta":[],"categories":[19],"tags":[],"_links":{"self":[{"href":"https:\/\/gazdasagportal.hu\/index.php\/wp-json\/wp\/v2\/posts\/27841"}],"collection":[{"href":"https:\/\/gazdasagportal.hu\/index.php\/wp-json\/wp\/v2\/posts"}],"about":[{"href":"https:\/\/gazdasagportal.hu\/index.php\/wp-json\/wp\/v2\/types\/post"}],"author":[{"embeddable":true,"href":"https:\/\/gazdasagportal.hu\/index.php\/wp-json\/wp\/v2\/users\/1"}],"replies":[{"embeddable":true,"href":"https:\/\/gazdasagportal.hu\/index.php\/wp-json\/wp\/v2\/comments?post=27841"}],"version-history":[{"count":1,"href":"https:\/\/gazdasagportal.hu\/index.php\/wp-json\/wp\/v2\/posts\/27841\/revisions"}],"predecessor-version":[{"id":27844,"href":"https:\/\/gazdasagportal.hu\/index.php\/wp-json\/wp\/v2\/posts\/27841\/revisions\/27844"}],"wp:featuredmedia":[{"embeddable":true,"href":"https:\/\/gazdasagportal.hu\/index.php\/wp-json\/wp\/v2\/media\/27843"}],"wp:attachment":[{"href":"https:\/\/gazdasagportal.hu\/index.php\/wp-json\/wp\/v2\/media?parent=27841"}],"wp:term":[{"taxonomy":"category","embeddable":true,"href":"https:\/\/gazdasagportal.hu\/index.php\/wp-json\/wp\/v2\/categories?post=27841"},{"taxonomy":"post_tag","embeddable":true,"href":"https:\/\/gazdasagportal.hu\/index.php\/wp-json\/wp\/v2\/tags?post=27841"}],"curies":[{"name":"wp","href":"https:\/\/api.w.org\/{rel}","templated":true}]}}