{"id":2771,"date":"2013-02-13T16:11:25","date_gmt":"2013-02-13T15:11:25","guid":{"rendered":"http:\/\/stockportal.hu\/?p=2771"},"modified":"2013-02-13T16:11:25","modified_gmt":"2013-02-13T15:11:25","slug":"unios-megerosites-az-eu-usa-szabadkereskedelmi-targyalasok-megkezdesenek-szandekarol","status":"publish","type":"post","link":"https:\/\/gazdasagportal.hu\/index.php\/unios-megerosites-az-eu-usa-szabadkereskedelmi-targyalasok-megkezdesenek-szandekarol\/","title":{"rendered":"Uni\u00f3s meger\u0151s\u00edt\u00e9s az EU-USA szabadkereskedelmi t\u00e1rgyal\u00e1sok megkezd\u00e9s\u00e9nek sz\u00e1nd\u00e9k\u00e1r\u00f3l"},"content":{"rendered":"<p><strong>Jos\u00e9 Manuel Barroso, az Eur\u00f3pai Bizotts\u00e1g eln\u00f6ke szerd\u00e1n Br\u00fcsszelben meger\u0151s\u00edtette Barack Obama amerikai eln\u00f6k bejelent\u00e9s\u00e9t, miszerint az Eur\u00f3pai Uni\u00f3 \u00e9s az Egyes\u00fclt \u00c1llamok t\u00e1rgyal\u00e1sokat kezd egym\u00e1ssal \u00e1tfog\u00f3 transzatlanti kereskedelmi \u00e9s beruh\u00e1z\u00e1si partners\u00e9g ki\u00e9p\u00edt\u00e9s\u00e9r\u0151l.<!--more--><\/strong><\/p>\n<p>&#8222;Hamarosan egy\u00fctt alkotjuk majd a vil\u00e1g legnagyobb szabadkereskedelmi \u00f6vezet\u00e9t&#8221; &#8211; fogalmazott Barroso.<br \/>\nObama &#8211; eur\u00f3pai id\u0151 szerint szerda hajnalban &#8211; az uni\u00f3 helyzet\u00e9r\u0151l elmondott washingtoni besz\u00e9d\u00e9ben k\u00f6z\u00f6lte a t\u00e1rgyal\u00e1skezd\u00e9s sz\u00e1nd\u00e9k\u00e1t.<br \/>\nA megbesz\u00e9l\u00e9sek a tervek szerint id\u00e9n j\u00fanius v\u00e9ge el\u0151tt elindulnak. Karel De Gucht, a k\u00fclkereskedelem k\u00e9rd\u00e9seiben illet\u00e9kes belga EU-biztos rem\u00e9nyei szerint a meg\u00e1llapod\u00e1st mintegy k\u00e9t \u00e9v alatt hozhatj\u00e1k tet\u0151 al\u00e1.<br \/>\nBarroso hangoztatta, hogy az eur\u00f3pai-amerikai kereskedelem \u00fatj\u00e1ban \u00e1ll\u00f3 akad\u00e1lyok elt\u00e1vol\u00edt\u00e1sa \u00f6nmag\u00e1ban f\u00e9l sz\u00e1zal\u00e9kos GDP-n\u00f6veked\u00e9st eredm\u00e9nyezhet, a v\u00e1rhat\u00f3 el\u0151ny\u00f6k nagys\u00e1grendje mindk\u00e9t oldalon \u00e9vente &#8222;t\u00f6bb tucat milli\u00e1rd eur\u00f3ban&#8221; m\u00e9rhet\u0151, a meg\u00e1llapod\u00e1s nyom\u00e1n &#8222;munkahelyek milli\u00f3i&#8221; j\u00f6hetnek l\u00e9tre.<br \/>\nAz Egyes\u00fclt \u00c1llamok \u00e9s az EU k\u00f6z\u00f6tt naponta mintegy 2 milli\u00e1rd eur\u00f3 \u00e9rt\u00e9kben cser\u00e9lnek gazd\u00e1t \u00e1rucikkek \u00e9s szolg\u00e1ltat\u00e1sok. (MTI)<\/p>\n","protected":false},"excerpt":{"rendered":"<p>Jos\u00e9 Manuel Barroso, az Eur\u00f3pai Bizotts\u00e1g eln\u00f6ke szerd\u00e1n Br\u00fcsszelben meger\u0151s\u00edtette Barack Obama amerikai eln\u00f6k bejelent\u00e9s\u00e9t, miszerint az Eur\u00f3pai Uni\u00f3 \u00e9s az Egyes\u00fclt \u00c1llamok t\u00e1rgyal\u00e1sokat kezd egym\u00e1ssal \u00e1tfog\u00f3 transzatlanti kereskedelmi \u00e9s beruh\u00e1z\u00e1si partners\u00e9g ki\u00e9p\u00edt\u00e9s\u00e9r\u0151l.<\/p>\n","protected":false},"author":1,"featured_media":0,"comment_status":"closed","ping_status":"open","sticky":false,"template":"","format":"standard","meta":[],"categories":[13,12],"tags":[],"_links":{"self":[{"href":"https:\/\/gazdasagportal.hu\/index.php\/wp-json\/wp\/v2\/posts\/2771"}],"collection":[{"href":"https:\/\/gazdasagportal.hu\/index.php\/wp-json\/wp\/v2\/posts"}],"about":[{"href":"https:\/\/gazdasagportal.hu\/index.php\/wp-json\/wp\/v2\/types\/post"}],"author":[{"embeddable":true,"href":"https:\/\/gazdasagportal.hu\/index.php\/wp-json\/wp\/v2\/users\/1"}],"replies":[{"embeddable":true,"href":"https:\/\/gazdasagportal.hu\/index.php\/wp-json\/wp\/v2\/comments?post=2771"}],"version-history":[{"count":1,"href":"https:\/\/gazdasagportal.hu\/index.php\/wp-json\/wp\/v2\/posts\/2771\/revisions"}],"predecessor-version":[{"id":2772,"href":"https:\/\/gazdasagportal.hu\/index.php\/wp-json\/wp\/v2\/posts\/2771\/revisions\/2772"}],"wp:attachment":[{"href":"https:\/\/gazdasagportal.hu\/index.php\/wp-json\/wp\/v2\/media?parent=2771"}],"wp:term":[{"taxonomy":"category","embeddable":true,"href":"https:\/\/gazdasagportal.hu\/index.php\/wp-json\/wp\/v2\/categories?post=2771"},{"taxonomy":"post_tag","embeddable":true,"href":"https:\/\/gazdasagportal.hu\/index.php\/wp-json\/wp\/v2\/tags?post=2771"}],"curies":[{"name":"wp","href":"https:\/\/api.w.org\/{rel}","templated":true}]}}