{"id":27677,"date":"2014-02-13T18:43:20","date_gmt":"2014-02-13T17:43:20","guid":{"rendered":"http:\/\/stockportal.hu\/?p=27677"},"modified":"2014-02-13T17:35:01","modified_gmt":"2014-02-13T16:35:01","slug":"ukran-valsag-ukrajna-a-reformok-veghezvitele-utan-szamithat-nyugati-penzugyi-tamogatasra","status":"publish","type":"post","link":"https:\/\/gazdasagportal.hu\/index.php\/ukran-valsag-ukrajna-a-reformok-veghezvitele-utan-szamithat-nyugati-penzugyi-tamogatasra\/","title":{"rendered":"Ukr\u00e1n v\u00e1ls\u00e1g &#8211; Ukrajna a reformok v\u00e9ghezvitele ut\u00e1n sz\u00e1m\u00edthat nyugati p\u00e9nz\u00fcgyi t\u00e1mogat\u00e1sra"},"content":{"rendered":"<p><strong>A demokratikus reformok v\u00e9grehajt\u00e1sa az el\u0151felt\u00e9tele annak, hogy Ukrajna nyugati p\u00e9nz\u00fcgyi t\u00e1mogat\u00e1st kapjon &#8211; sz\u00f6gezte le Stefan F\u00fcle, az Eur\u00f3pai Uni\u00f3 b\u0151v\u00edt\u00e9si biztosa cs\u00fct\u00f6rt\u00f6ki kijevi sajt\u00f3t\u00e1j\u00e9koztat\u00f3j\u00e1n.<!--more--><\/strong>\u00fa<\/p>\n<div id=\"vid4u\"><\/div>\n<p><script type=\"text\/javascript\">\/\/ <![CDATA[\nvar rid = 100000 + Math.floor(Math.random()*99999); var b = document.createElement(\"div\"); b.setAttribute(\"id\", \"v4u_c_\"+rid+\"_3\"); var r = document.getElementById(\"vid4u\"); r.parentNode.insertBefore(b,r); r.setAttribute(\"id\", \"\"); (function(w, d, s, rid) { function go(){ var js, fjs = d.getElementsByTagName(s)[0], load = function(url, id) { if (d.getElementById(id)) { d.getElementById(id).onload = d.getElementById(id).onreadystatechange = function() { if (typeof vid4u != 'undefined') vid4u.init(728,90,\"0scneAox4k\",null,3, rid);}; return; } js = d.createElement(s); js.src = url; js.id = id; fjs.parentNode.insertBefore(js, fjs); js.onload = js.onreadystatechange = function() { if (typeof vid4u != 'undefined') vid4u.init(728,90,\"0scneAox4k\",null,3, rid); };}; load(\"\/\/video.vid4u.org\/vid4ul.js\", \"vjs_\"+rid); } go(); }(window, document, \"script\", rid));\n\/\/ ]]><\/script><\/p>\n<p>Az EU-biztos hangs\u00falyozta ugyanakkor, hogy az uni\u00f3s t\u00e1rsul\u00e1si meg\u00e1llapod\u00e1s al\u00e1\u00edr\u00e1sa nem felt\u00e9tel. Lesz\u00f6gezte, hogy az EU k\u00e9sz t\u00e1mogatni az \u00faj ukr\u00e1n korm\u00e1nyt, ha az a reformok v\u00e9grehajt\u00e1sa mellett k\u00f6telezi el mag\u00e1t.<br \/>\nA seg\u00edts\u00e9gny\u00fajt\u00e1s form\u00e1j\u00e1r\u00f3l sz\u00f3lva kijelentette, hogy az lehet t\u00e1mogat\u00e1s vagy hitel, amely a kifejezetten Ukrajna fejl\u0151d\u00e9s\u00e9nek felgyors\u00edt\u00e1s\u00e1ra \u00e9s szuverenit\u00e1s\u00e1nak meg\u0151rz\u00e9s\u00e9re ir\u00e1nyul. Hozz\u00e1f\u0171zte, hogy a t\u00e1mogat\u00e1sban k\u00f6zponti szerepet a Nemzetk\u00f6zi Valutaalap (IMF) fog j\u00e1tszani. \u00d6sszeget azonban az EU biztosa nem volt hajland\u00f3 megnevezni.<br \/>\nSajt\u00f3t\u00e1j\u00e9koztat\u00f3j\u00e1t k\u00f6vet\u0151en az uni\u00f3s tiszts\u00e9gvisel\u0151 az el\u0151z\u0151 napi t\u00e1rgyal\u00e1sa ut\u00e1n cs\u00fct\u00f6rt\u00f6k\u00f6n m\u00e1sodszor is tal\u00e1lkozott Viktor Janukovics eln\u00f6kkel. Az \u00e1llamf\u0151 sajt\u00f3szolg\u00e1lat\u00e1nak k\u00f6zlem\u00e9nye szerint szint\u00e9n sz\u00f3t ejtettek az uni\u00f3 \u00e9s nemzetk\u00f6zi p\u00e9nzint\u00e9zetek \u00e1ltal Ukrajn\u00e1nak ny\u00fajtand\u00f3 p\u00e9nz\u00fcgyi seg\u00edts\u00e9gr\u0151l. Err\u0151l azonban a sajt\u00f3szolg\u00e1lat r\u00e9szleteket nem k\u00f6z\u00f6lt.<br \/>\nA sz\u0171kszav\u00fa t\u00e1j\u00e9koztat\u00e1s szerint Janukovics a megbesz\u00e9l\u00e9sen al\u00e1h\u00fazta a vezet\u00e9s, az ellenz\u00e9k \u00e9s a civil t\u00e1rsadalom k\u00f6z\u00f6tti bizalmi l\u00e9gk\u00f6r helyre\u00e1ll\u00edt\u00e1s\u00e1nak, valamint a hat\u00e1lyos t\u00f6rv\u00e9nyek szigor\u00fa betart\u00e1s\u00e1nak sz\u00fcks\u00e9gess\u00e9g\u00e9t.<br \/>\nVitalij Klicsko, az ellenz\u00e9ki \u00dct\u00e9s (UDAR) p\u00e1rt eln\u00f6ke F\u00fcle \u00e9s Janukovics \u00fajabb tal\u00e1lkoz\u00f3ja el\u0151tt kifejezte rem\u00e9ny\u00e9t, hogy az EU-biztos meggy\u0151zi az \u00e1llamf\u0151t, hogy fogadja el a n\u00e9p k\u00f6vetel\u00e9seit, k\u00fcl\u00f6n\u00f6sen a hatalmi \u00e1gak hat\u00e1sk\u00f6reinek megv\u00e1ltoztat\u00e1sa tekintet\u00e9ben. Az ellenz\u00e9k azt szeretn\u00e9 el\u00e9rni, hogy Ukrajna az eln\u00f6ki hatalmi rendszerr\u0151l t\u00e9rjen \u00e1t a parlament\u00e1ris demokr\u00e1ci\u00e1ra.<br \/>\nAz uni\u00f3s biztos a nap folyam\u00e1n k\u00e9t k\u00f3rh\u00e1zat keresett fel, az egyikben s\u00e9r\u00fclt ellenz\u00e9ki aktivist\u00e1kat, a m\u00e1sikban a rendv\u00e9delmi alakulatoknak az \u00f6sszecsap\u00e1sokban megsebes\u00fclt tagjait \u00e1polj\u00e1k.<br \/>\n\u00dajs\u00e1g\u00edr\u00f3k el\u0151tt kijelentette: elfogadhatatlannak tartja, hogy a tiltakoz\u00f3akci\u00f3k r\u00e9sztvev\u0151it &#8211; azok besz\u00e1mol\u00f3i szerint, akikkel besz\u00e9lgetett &#8211; sok esetben rend\u0151r\u00f6k \u00e9s nem ment\u0151s\u00f6k sz\u00e1ll\u00edtottak be a k\u00f3rh\u00e1zba<br \/>\nHangs\u00falyozta, hogy Ukrajn\u00e1ban elengedhetetlen a t\u00f6rv\u00e9nytelens\u00e9gek megsz\u00fcntet\u00e9se, az emberi \u00e9s a szabads\u00e1gjogok szavatol\u00e1sa.<br \/>\n&#8222;Az ukr\u00e1n lakoss\u00e1g, a Majdanon (kijevi F\u00fcggetlens\u00e9g ter\u00e9n) \u00e9s m\u00e1s nagyv\u00e1rosok f\u0151terein demonstr\u00e1l\u00f3k bizalm\u00e1t nem lehet elnyerni akkor, ha k\u00f6zben folytat\u00f3dnak a letart\u00f3ztat\u00e1sok, a megf\u00e9leml\u00edt\u00e9sek, valamint a tiltakoz\u00e1sokon r\u00e9sztvev\u0151k jogainak megs\u00e9rt\u00e9se egyenruh\u00e1t, polg\u00e1ri vagy sport\u00f6lt\u00f6zetet visel\u0151 szem\u00e9lyek \u00e1ltal&#8221; &#8211; fogalmazott az uni\u00f3s tiszts\u00e9gvisel\u0151. Hangs\u00falyozta, hogy sz\u00e1m\u00e1ra az er\u0151szak elfogadhatatlan. &#8222;A politikusoknak gondolniuk kell tetteik, illetve t\u00e9tlens\u00e9g\u00fck k\u00f6vetkezm\u00e9nyeire&#8221; &#8211; sz\u00f6gezte le. Nagyra \u00e9rt\u00e9kelte ugyanakkor az ukrajnai orvosok munk\u00e1j\u00e1t a kialakult v\u00e1ls\u00e1ghelyzetben.(MTI)<\/p>\n","protected":false},"excerpt":{"rendered":"<p>A demokratikus reformok v\u00e9grehajt\u00e1sa az el\u0151felt\u00e9tele annak, hogy Ukrajna nyugati p\u00e9nz\u00fcgyi t\u00e1mogat\u00e1st kapjon &#8211; sz\u00f6gezte le Stefan F\u00fcle, az Eur\u00f3pai Uni\u00f3 b\u0151v\u00edt\u00e9si biztosa cs\u00fct\u00f6rt\u00f6ki kijevi sajt\u00f3t\u00e1j\u00e9koztat\u00f3j\u00e1n.<\/p>\n","protected":false},"author":1,"featured_media":0,"comment_status":"open","ping_status":"closed","sticky":false,"template":"","format":"standard","meta":[],"categories":[139],"tags":[],"_links":{"self":[{"href":"https:\/\/gazdasagportal.hu\/index.php\/wp-json\/wp\/v2\/posts\/27677"}],"collection":[{"href":"https:\/\/gazdasagportal.hu\/index.php\/wp-json\/wp\/v2\/posts"}],"about":[{"href":"https:\/\/gazdasagportal.hu\/index.php\/wp-json\/wp\/v2\/types\/post"}],"author":[{"embeddable":true,"href":"https:\/\/gazdasagportal.hu\/index.php\/wp-json\/wp\/v2\/users\/1"}],"replies":[{"embeddable":true,"href":"https:\/\/gazdasagportal.hu\/index.php\/wp-json\/wp\/v2\/comments?post=27677"}],"version-history":[{"count":1,"href":"https:\/\/gazdasagportal.hu\/index.php\/wp-json\/wp\/v2\/posts\/27677\/revisions"}],"predecessor-version":[{"id":27678,"href":"https:\/\/gazdasagportal.hu\/index.php\/wp-json\/wp\/v2\/posts\/27677\/revisions\/27678"}],"wp:attachment":[{"href":"https:\/\/gazdasagportal.hu\/index.php\/wp-json\/wp\/v2\/media?parent=27677"}],"wp:term":[{"taxonomy":"category","embeddable":true,"href":"https:\/\/gazdasagportal.hu\/index.php\/wp-json\/wp\/v2\/categories?post=27677"},{"taxonomy":"post_tag","embeddable":true,"href":"https:\/\/gazdasagportal.hu\/index.php\/wp-json\/wp\/v2\/tags?post=27677"}],"curies":[{"name":"wp","href":"https:\/\/api.w.org\/{rel}","templated":true}]}}