{"id":27534,"date":"2014-02-12T16:52:54","date_gmt":"2014-02-12T15:52:54","guid":{"rendered":"http:\/\/stockportal.hu\/?p=27534"},"modified":"2014-02-12T17:43:31","modified_gmt":"2014-02-12T16:43:31","slug":"berukert-tuntettek-az-evm-zrt-dolgozoi","status":"publish","type":"post","link":"https:\/\/gazdasagportal.hu\/index.php\/berukert-tuntettek-az-evm-zrt-dolgozoi\/","title":{"rendered":"B\u00e9r\u00fck\u00e9rt t\u00fcntettek az EVM Zrt. dolgoz\u00f3i"},"content":{"rendered":"<p><strong>Elmaradt fizet\u00e9s\u00e9\u00e9rt \u00e9s egy\u00e9b j\u00e1rand\u00f3s\u00e1g\u00e1\u00e9rt, valamint a jogszer\u0171 felmond\u00e1s\u00e9rt t\u00fcntetett az EVM Kozmetikai \u00e9s H\u00e1ztart\u00e1svegyipari Zrt. mintegy sz\u00e1z dolgoz\u00f3ja a tulajdonosokat k\u00e9pvisel\u0151 \u00fcgyv\u00e9di iroda el\u0151tt szerd\u00e1n Budapesten.<!--more--><\/strong><\/p>\n<p>Imrik Tam\u00e1s, a c\u00e9g \u00fczemi tan\u00e1cs\u00e1nak eln\u00f6ke elmondta: a febru\u00e1rban esed\u00e9kes b\u00e9r\u00fcket m\u00e9g nem kapt\u00e1k meg, \u00e9s novembert\u0151l a levont j\u00e1rul\u00e9kok \u00e9s \u00f6nk\u00e9ntes p\u00e9nzt\u00e1ri befizet\u00e9sek sem \u00e9rkeztek meg a c\u00edmzettekhez. Miut\u00e1n janu\u00e1rt\u00f3l \u00e1ll\u00e1sid\u0151n vannak, \u00edgy a munkaviszony megl\u00e9te miatt nem folyamodhatnak munkan\u00e9lk\u00fcli seg\u00e9ly\u00e9rt, nem f\u00fcggeszthetik fel a hitel\u00fck fizet\u00e9s\u00e9t \u00e9s nem v\u00e1ltoztathatnak munkahelyet &#8211; tette hozz\u00e1.<br \/>\nA megjelentek Tisztess\u00e9ges elsz\u00e1mol\u00e1st, Ezek elt\u0171nnek \u00e9s a dolgoz\u00f3k&#8230;, valamint Meddig tart az offshore? felirat\u00fa t\u00e1bl\u00e1kkal demonstr\u00e1ltak.<br \/>\nA megmozdul\u00e1son ismertett\u00e9k Sz\u0171cs Viktor G\u00e9za \u00fcgyv\u00e9d level\u00e9t, aki a tulajdonosok nev\u00e9ben egy\u00fcttm\u0171k\u00f6d\u00e9st \u00edg\u00e9rt a dolgoz\u00f3knak. Mint t\u00f6bbsz\u00f6r elhangzott: a val\u00f3s tulajdonost, akivel t\u00e1rgyalni lehetne, a mai napig nem siker\u00fclt beazonos\u00edtani.<br \/>\nA c\u00e9gb\u00edr\u00f3s\u00e1g adatai szerint a legutols\u00f3 tulajdonos a GREENLight Budapest Rekl\u00e1m\u00fcgyn\u00f6ks\u00e9g Kft.<br \/>\nA CompLex C\u00e9ginf\u00f3 adatai szerint a 835 milli\u00f3 950 ezer forint jegyzett t\u0151k\u00e9j\u0171 t\u00e1rsas\u00e1g 2010 \u00e9s 2012 k\u00f6z\u00f6tt 3-3,5 milli\u00e1rd forint \u00e1rbev\u00e9telt \u00e9rt el. \u00dczemi eredm\u00e9nye 2012-ben fordult vesztes\u00e9gbe, 370 milli\u00f3 forinttal. A c\u00e9g ad\u00f3zott eredm\u00e9nye 2010-ben m\u00e9g 24 milli\u00f3 forint volt, de 2011-ben m\u00e1r 115 milli\u00f3, 2012-ben pedig 359 milli\u00f3 vesztes\u00e9get mutatott a m\u00e9rlegbesz\u00e1mol\u00f3.<br \/>\nMesterh\u00e1zi P\u00e1l, az EVM Zrt. szakszervezeti titk\u00e1ra a gy\u00e1r le\u00e9p\u00fcl\u00e9s\u00e9t ismertette, hogy most egy telephelyen sz\u00e1z embert foglalkoztatott a gy\u00e1r, m\u00edg valamikor 3 telephelyen 8 ezren dolgoztak a c\u00e9gn\u00e9l, amelynek m\u00e1rk\u00e1i az Ultra, a Bip \u00e9s a WU2 is.<br \/>\nSz\u00e9kely Tam\u00e1s, a Magyar Vegyipari, Energiaipari \u00e9s Rokon Szakm\u00e1kban Dolgoz\u00f3k Szakszervezeti Sz\u00f6vets\u00e9ge (VDSZ) eln\u00f6ke biztos\u00edtotta a megjelenteket, hogy a legnagyobb szakszervezeti sz\u00f6vets\u00e9g ki\u00e1ll \u00e9rt\u00fck. Kifog\u00e1solta a szem\u00e9lytelens\u00e9get, amelybe a tulajdonosok burkol\u00f3znak.<br \/>\nAz eln\u00f6k v\u00e9g\u00fcl felolvasta Pusk\u00e1s Ferenc vez\u00e9rigazgat\u00f3 lemond\u00f3 nyilatkozat\u00e1t, amelyben nem sok es\u00e9lyt l\u00e1t a c\u00e9g likvidit\u00e1s\u00e1nak rendez\u00e9s\u00e9re. A javaslata az volt, hogy az eszk\u00f6z\u00f6k \u00e9rt\u00e9kes\u00edt\u00e9s\u00e9b\u0151l befolyt p\u00e9nzb\u0151l fizess\u00e9k ki a k\u00f6vetel\u00e9seket.(MTI)<\/p>\n","protected":false},"excerpt":{"rendered":"<p>Elmaradt fizet\u00e9s\u00e9\u00e9rt \u00e9s egy\u00e9b j\u00e1rand\u00f3s\u00e1g\u00e1\u00e9rt, valamint a jogszer\u0171 felmond\u00e1s\u00e9rt t\u00fcntetett az EVM Kozmetikai \u00e9s H\u00e1ztart\u00e1svegyipari Zrt. mintegy sz\u00e1z dolgoz\u00f3ja a tulajdonosokat k\u00e9pvisel\u0151 \u00fcgyv\u00e9di iroda el\u0151tt szerd\u00e1n Budapesten.<\/p>\n","protected":false},"author":1,"featured_media":27557,"comment_status":"open","ping_status":"closed","sticky":false,"template":"","format":"standard","meta":[],"categories":[19],"tags":[],"_links":{"self":[{"href":"https:\/\/gazdasagportal.hu\/index.php\/wp-json\/wp\/v2\/posts\/27534"}],"collection":[{"href":"https:\/\/gazdasagportal.hu\/index.php\/wp-json\/wp\/v2\/posts"}],"about":[{"href":"https:\/\/gazdasagportal.hu\/index.php\/wp-json\/wp\/v2\/types\/post"}],"author":[{"embeddable":true,"href":"https:\/\/gazdasagportal.hu\/index.php\/wp-json\/wp\/v2\/users\/1"}],"replies":[{"embeddable":true,"href":"https:\/\/gazdasagportal.hu\/index.php\/wp-json\/wp\/v2\/comments?post=27534"}],"version-history":[{"count":2,"href":"https:\/\/gazdasagportal.hu\/index.php\/wp-json\/wp\/v2\/posts\/27534\/revisions"}],"predecessor-version":[{"id":27562,"href":"https:\/\/gazdasagportal.hu\/index.php\/wp-json\/wp\/v2\/posts\/27534\/revisions\/27562"}],"wp:featuredmedia":[{"embeddable":true,"href":"https:\/\/gazdasagportal.hu\/index.php\/wp-json\/wp\/v2\/media\/27557"}],"wp:attachment":[{"href":"https:\/\/gazdasagportal.hu\/index.php\/wp-json\/wp\/v2\/media?parent=27534"}],"wp:term":[{"taxonomy":"category","embeddable":true,"href":"https:\/\/gazdasagportal.hu\/index.php\/wp-json\/wp\/v2\/categories?post=27534"},{"taxonomy":"post_tag","embeddable":true,"href":"https:\/\/gazdasagportal.hu\/index.php\/wp-json\/wp\/v2\/tags?post=27534"}],"curies":[{"name":"wp","href":"https:\/\/api.w.org\/{rel}","templated":true}]}}